{"id":1157,"date":"2021-05-20T15:39:58","date_gmt":"2021-05-20T15:39:58","guid":{"rendered":"https:\/\/realidadempoderada.com\/?p=1157"},"modified":"2026-03-26T21:37:57","modified_gmt":"2026-03-27T00:37:57","slug":"reuniones-virtuales-para-integrantes-del-proyecto","status":"publish","type":"post","link":"https:\/\/realidadempoderada.com\/es\/reuniones-virtuales-para-integrantes-del-proyecto\/capacitacion-voluntarios\/","title":{"rendered":"Reuniones virtuales de integrantes de la asociaci\u00f3n"},"content":{"rendered":"<p>Es muy importante organizar reuniones virtuales para coordinar acciones, asignar, definir tareas, debatir diferentes aspectos de las acciones sociales y otras necesidades m\u00e1s. Son una parte fundamental para llevar adelante los desarrollos y tareas, y para \u00a0tomar acciones que permitan mantener los principios sociales, filos\u00f3ficos y de dise\u00f1o que contextualizan el desarrollo del sistema. Trabajar en tu casa no deber\u00eda involucrar la invasi\u00f3n de tu espacio privado, deber\u00edas elegir un espacio f\u00edsico donde puedas instalarte c\u00f3modamente para laborar y tener reuniones virtuales.<\/p>\n<p>Adem\u00e1s de que seas puntual para participar, confiamos en que tambi\u00e9n contemplar\u00e1s las siguientes recomendaciones.<\/p>\n<p>Las reuniones podr\u00e1n durar el tiempo requerido, aunque se recomienda no m\u00e1s de 60 minutos. Para ello todos los participantes deben tratar de concentrarse y mantener una comunicaci\u00f3n fluida. Es muy importante que todos acompa\u00f1en el desarrollo de la asamblea para poder abordar los temas programados. De no ser as\u00ed, es muy probable que la reuni\u00f3n se disperse y que los participantes se agoten f\u00edsica y mentalmente.<\/p>\n<p>El ocuparse de otros temas ajenos de la reuni\u00f3n, abandonarla y\/o dilatar su desarrollo son acciones que van en deterioro del respeto hacia los otros participantes.<\/p>\n<p>Si no tuvieras buena comunicaci\u00f3n av\u00edsale por alg\u00fan medio a los dem\u00e1s, para encontrar opciones para que puedas participar del encuentro virtual, sea este por <a href=\"https:\/\/web.whatsapp.com\/\" target=\"_blank\" rel=\"noopener\">WhatsApp<\/a>\u00a0o por aplicaciones como <a href=\"https:\/\/www.skype.com\/es\/\" target=\"_blank\" rel=\"noopener\">Skype<\/a>, <a href=\"https:\/\/zoom.us\/es-es\/meetings.html\" target=\"_blank\" rel=\"noopener\">Zoom<\/a>, etc.<\/p>\n<p>Las reuniones tendr\u00e1n un moderador, seg\u00fan las necesidades y temas a debatir. Su funci\u00f3n es recordar los motivos de la reuni\u00f3n sin que nadie le sea negado su voz y opini\u00f3n. La moderaci\u00f3n no implica la exigencia de una obsecuencia hacia procedimientos y negaci\u00f3n del pensamiento cr\u00edtico.<\/p>\n<p>Siempre que una videoconferencia fuera a ser grabada, esta modalidad deber\u00e1 ser anunciada anteriormente en su convocatoria.<\/p>\n<p>Si es requerido, se realizar\u00e1 una minuta de la reuni\u00f3n.<\/p>\n","protected":false},"excerpt":{"rendered":"<div class=\"mh-excerpt\">Es muy importante organizar reuniones virtuales para coordinar acciones, asignar, definir tareas, debatir diferentes aspectos de las acciones sociales y otras necesidades m\u00e1s. Son una parte fundamental para llevar adelante los desarrollos y tareas, y <a class=\"mh-excerpt-more\" href=\"https:\/\/realidadempoderada.com\/es\/reuniones-virtuales-para-integrantes-del-proyecto\/capacitacion-voluntarios\/\" title=\"Reuniones virtuales de integrantes de la asociaci\u00f3n\">[&#8230;]<\/a><\/div>\n","protected":false},"author":7,"featured_media":1161,"comment_status":"open","ping_status":"open","sticky":false,"template":"","format":"standard","meta":{"_crdt_document":"","jetpack_post_was_ever_published":false,"_jetpack_newsletter_access":"","_jetpack_dont_email_post_to_subs":false,"_jetpack_newsletter_tier_id":0,"_jetpack_memberships_contains_paywalled_content":false,"_jetpack_memberships_contains_paid_content":false,"footnotes":""},"categories":[87],"tags":[86],"class_list":{"0":"post-1157","1":"post","2":"type-post","3":"status-publish","4":"format-standard","5":"has-post-thumbnail","7":"category-capacitacion-voluntarios","8":"tag-capacitacion-de-colaboradores-voluntarios"},"yoast_head":"<!-- This site is optimized with the Yoast SEO plugin v27.4 - https:\/\/yoast.com\/product\/yoast-seo-wordpress\/ -->\n<title>Reuniones virtuales de integrantes de la asociaci\u00f3n - Realidad Empoderada<\/title>\n<meta name=\"description\" content=\"Recomendaciones y lineamientos para las reuniones virtuales de los colaboradores voluntarios de Realidad Empoderada.\" \/>\n<meta name=\"robots\" content=\"index, follow, max-snippet:-1, max-image-preview:large, max-video-preview:-1\" \/>\n<link rel=\"canonical\" href=\"https:\/\/realidadempoderada.com\/es\/reuniones-virtuales-para-integrantes-del-proyecto\/capacitacion-voluntarios\/\" \/>\n<meta property=\"og:locale\" content=\"es_ES\" \/>\n<meta property=\"og:type\" content=\"article\" \/>\n<meta property=\"og:title\" content=\"Reuniones virtuales de integrantes de la asociaci\u00f3n - Realidad Empoderada\" \/>\n<meta property=\"og:description\" content=\"Recomendaciones y lineamientos para las reuniones virtuales de los colaboradores voluntarios de Realidad Empoderada.\" \/>\n<meta property=\"og:url\" content=\"https:\/\/realidadempoderada.com\/es\/reuniones-virtuales-para-integrantes-del-proyecto\/capacitacion-voluntarios\/\" \/>\n<meta property=\"og:site_name\" content=\"Realidad Empoderada\" \/>\n<meta property=\"article:publisher\" content=\"https:\/\/www.facebook.com\/RealidadEmpoderada\/\" \/>\n<meta property=\"article:author\" content=\"https:\/\/www.facebook.com\/RealidadEmpoderada\" \/>\n<meta property=\"article:published_time\" content=\"2021-05-20T15:39:58+00:00\" \/>\n<meta property=\"article:modified_time\" content=\"2026-03-27T00:37:57+00:00\" \/>\n<meta property=\"og:image\" content=\"https:\/\/realidadempoderada.com\/wp-content\/uploads\/2021\/05\/Main-reunion.jpg\" \/>\n\t<meta property=\"og:image:width\" content=\"1277\" \/>\n\t<meta property=\"og:image:height\" content=\"720\" \/>\n\t<meta property=\"og:image:type\" content=\"image\/jpeg\" \/>\n<meta name=\"author\" content=\"Realidad Empoderada\" \/>\n<meta name=\"twitter:card\" content=\"summary_large_image\" \/>\n<meta name=\"twitter:creator\" content=\"@https:\/\/x.com\/RealidadEmpode1\" \/>\n<meta name=\"twitter:label1\" content=\"Escrito por\" \/>\n\t<meta name=\"twitter:data1\" content=\"Realidad Empoderada\" \/>\n\t<meta name=\"twitter:label2\" content=\"Tiempo de lectura\" \/>\n\t<meta name=\"twitter:data2\" content=\"2 minutos\" \/>\n<script type=\"application\/ld+json\" class=\"yoast-schema-graph\">{\"@context\":\"https:\\\/\\\/schema.org\",\"@graph\":[{\"@type\":\"Article\",\"@id\":\"https:\\\/\\\/realidadempoderada.com\\\/es\\\/reuniones-virtuales-para-integrantes-del-proyecto\\\/capacitacion-voluntarios\\\/#article\",\"isPartOf\":{\"@id\":\"https:\\\/\\\/realidadempoderada.com\\\/es\\\/reuniones-virtuales-para-integrantes-del-proyecto\\\/capacitacion-voluntarios\\\/\"},\"author\":{\"name\":\"Realidad Empoderada\",\"@id\":\"https:\\\/\\\/realidadempoderada.com\\\/es\\\/#\\\/schema\\\/person\\\/bef25671bf5bd6426822d921c0220642\"},\"headline\":\"Reuniones virtuales de integrantes de la asociaci\u00f3n\",\"datePublished\":\"2021-05-20T15:39:58+00:00\",\"dateModified\":\"2026-03-27T00:37:57+00:00\",\"mainEntityOfPage\":{\"@id\":\"https:\\\/\\\/realidadempoderada.com\\\/es\\\/reuniones-virtuales-para-integrantes-del-proyecto\\\/capacitacion-voluntarios\\\/\"},\"wordCount\":336,\"commentCount\":0,\"publisher\":{\"@id\":\"https:\\\/\\\/realidadempoderada.com\\\/es\\\/#organization\"},\"image\":{\"@id\":\"https:\\\/\\\/realidadempoderada.com\\\/es\\\/reuniones-virtuales-para-integrantes-del-proyecto\\\/capacitacion-voluntarios\\\/#primaryimage\"},\"thumbnailUrl\":\"https:\\\/\\\/realidadempoderada.com\\\/wp-content\\\/uploads\\\/2021\\\/05\\\/Main-reunion.jpg\",\"keywords\":[\"Capacitaci\u00f3n de colaboradores voluntarios\"],\"articleSection\":[\"Capacitaci\u00f3n Voluntarios\"],\"inLanguage\":\"es\",\"potentialAction\":[{\"@type\":\"CommentAction\",\"name\":\"Comment\",\"target\":[\"https:\\\/\\\/realidadempoderada.com\\\/es\\\/reuniones-virtuales-para-integrantes-del-proyecto\\\/capacitacion-voluntarios\\\/#respond\"]}]},{\"@type\":\"WebPage\",\"@id\":\"https:\\\/\\\/realidadempoderada.com\\\/es\\\/reuniones-virtuales-para-integrantes-del-proyecto\\\/capacitacion-voluntarios\\\/\",\"url\":\"https:\\\/\\\/realidadempoderada.com\\\/es\\\/reuniones-virtuales-para-integrantes-del-proyecto\\\/capacitacion-voluntarios\\\/\",\"name\":\"Reuniones virtuales de integrantes de la asociaci\u00f3n - Realidad Empoderada\",\"isPartOf\":{\"@id\":\"https:\\\/\\\/realidadempoderada.com\\\/es\\\/#website\"},\"primaryImageOfPage\":{\"@id\":\"https:\\\/\\\/realidadempoderada.com\\\/es\\\/reuniones-virtuales-para-integrantes-del-proyecto\\\/capacitacion-voluntarios\\\/#primaryimage\"},\"image\":{\"@id\":\"https:\\\/\\\/realidadempoderada.com\\\/es\\\/reuniones-virtuales-para-integrantes-del-proyecto\\\/capacitacion-voluntarios\\\/#primaryimage\"},\"thumbnailUrl\":\"https:\\\/\\\/realidadempoderada.com\\\/wp-content\\\/uploads\\\/2021\\\/05\\\/Main-reunion.jpg\",\"datePublished\":\"2021-05-20T15:39:58+00:00\",\"dateModified\":\"2026-03-27T00:37:57+00:00\",\"description\":\"Recomendaciones y lineamientos para las reuniones virtuales de los colaboradores voluntarios de Realidad Empoderada.\",\"breadcrumb\":{\"@id\":\"https:\\\/\\\/realidadempoderada.com\\\/es\\\/reuniones-virtuales-para-integrantes-del-proyecto\\\/capacitacion-voluntarios\\\/#breadcrumb\"},\"inLanguage\":\"es\",\"potentialAction\":[{\"@type\":\"ReadAction\",\"target\":[\"https:\\\/\\\/realidadempoderada.com\\\/es\\\/reuniones-virtuales-para-integrantes-del-proyecto\\\/capacitacion-voluntarios\\\/\"]}]},{\"@type\":\"ImageObject\",\"inLanguage\":\"es\",\"@id\":\"https:\\\/\\\/realidadempoderada.com\\\/es\\\/reuniones-virtuales-para-integrantes-del-proyecto\\\/capacitacion-voluntarios\\\/#primaryimage\",\"url\":\"https:\\\/\\\/realidadempoderada.com\\\/wp-content\\\/uploads\\\/2021\\\/05\\\/Main-reunion.jpg\",\"contentUrl\":\"https:\\\/\\\/realidadempoderada.com\\\/wp-content\\\/uploads\\\/2021\\\/05\\\/Main-reunion.jpg\",\"width\":1277,\"height\":720},{\"@type\":\"BreadcrumbList\",\"@id\":\"https:\\\/\\\/realidadempoderada.com\\\/es\\\/reuniones-virtuales-para-integrantes-del-proyecto\\\/capacitacion-voluntarios\\\/#breadcrumb\",\"itemListElement\":[{\"@type\":\"ListItem\",\"position\":1,\"name\":\"Portada\",\"item\":\"https:\\\/\\\/realidadempoderada.com\\\/es\\\/\"},{\"@type\":\"ListItem\",\"position\":2,\"name\":\"Reuniones virtuales de integrantes de la asociaci\u00f3n\"}]},{\"@type\":\"WebSite\",\"@id\":\"https:\\\/\\\/realidadempoderada.com\\\/es\\\/#website\",\"url\":\"https:\\\/\\\/realidadempoderada.com\\\/es\\\/\",\"name\":\"Realidad Empoderada\",\"description\":\"\u2026 de la realidad virtual a la solidaridad\",\"publisher\":{\"@id\":\"https:\\\/\\\/realidadempoderada.com\\\/es\\\/#organization\"},\"potentialAction\":[{\"@type\":\"SearchAction\",\"target\":{\"@type\":\"EntryPoint\",\"urlTemplate\":\"https:\\\/\\\/realidadempoderada.com\\\/es\\\/?s={search_term_string}\"},\"query-input\":{\"@type\":\"PropertyValueSpecification\",\"valueRequired\":true,\"valueName\":\"search_term_string\"}}],\"inLanguage\":\"es\"},{\"@type\":\"Organization\",\"@id\":\"https:\\\/\\\/realidadempoderada.com\\\/es\\\/#organization\",\"name\":\"Realidad Empoderada\",\"url\":\"https:\\\/\\\/realidadempoderada.com\\\/es\\\/\",\"logo\":{\"@type\":\"ImageObject\",\"inLanguage\":\"es\",\"@id\":\"https:\\\/\\\/realidadempoderada.com\\\/es\\\/#\\\/schema\\\/logo\\\/image\\\/\",\"url\":\"https:\\\/\\\/realidadempoderada.com\\\/wp-content\\\/uploads\\\/2018\\\/04\\\/Manos.jpg\",\"contentUrl\":\"https:\\\/\\\/realidadempoderada.com\\\/wp-content\\\/uploads\\\/2018\\\/04\\\/Manos.jpg\",\"width\":300,\"height\":230,\"caption\":\"Realidad Empoderada\"},\"image\":{\"@id\":\"https:\\\/\\\/realidadempoderada.com\\\/es\\\/#\\\/schema\\\/logo\\\/image\\\/\"},\"sameAs\":[\"https:\\\/\\\/www.facebook.com\\\/RealidadEmpoderada\\\/\"]},{\"@type\":\"Person\",\"@id\":\"https:\\\/\\\/realidadempoderada.com\\\/es\\\/#\\\/schema\\\/person\\\/bef25671bf5bd6426822d921c0220642\",\"name\":\"Realidad Empoderada\",\"image\":{\"@type\":\"ImageObject\",\"inLanguage\":\"es\",\"@id\":\"https:\\\/\\\/realidadempoderada.com\\\/wp-content\\\/uploads\\\/2021\\\/10\\\/ProfilePictureMaker-1-96x96.png\",\"url\":\"https:\\\/\\\/realidadempoderada.com\\\/wp-content\\\/uploads\\\/2021\\\/10\\\/ProfilePictureMaker-1-96x96.png\",\"contentUrl\":\"https:\\\/\\\/realidadempoderada.com\\\/wp-content\\\/uploads\\\/2021\\\/10\\\/ProfilePictureMaker-1-96x96.png\",\"caption\":\"Realidad Empoderada\"},\"description\":\"Realidad Empoderada es una acci\u00f3n social tecnol\u00f3gica que estamos desarrollando para impulsar el empoderamiento solidario. En Solidaridad Transformadora en Movimiento S. ASOC. trabajamos cada d\u00eda para hacerla posible.\",\"sameAs\":[\"https:\\\/\\\/REALIDADEMPODERADA.com\",\"https:\\\/\\\/www.facebook.com\\\/RealidadEmpoderada\",\"https:\\\/\\\/www.instagram.com\\\/realidadempoderada\",\"https:\\\/\\\/www.linkedin.com\\\/company\\\/realidadempoderada\",\"https:\\\/\\\/x.com\\\/https:\\\/\\\/x.com\\\/RealidadEmpode1\"],\"url\":\"https:\\\/\\\/realidadempoderada.com\\\/es\\\/author\\\/admin\\\/\"}]}<\/script>\n<!-- \/ Yoast SEO plugin. -->","yoast_head_json":{"title":"Reuniones virtuales de integrantes de la asociaci\u00f3n - Realidad Empoderada","description":"Recomendaciones y lineamientos para las reuniones virtuales de los colaboradores voluntarios de Realidad Empoderada.","robots":{"index":"index","follow":"follow","max-snippet":"max-snippet:-1","max-image-preview":"max-image-preview:large","max-video-preview":"max-video-preview:-1"},"canonical":"https:\/\/realidadempoderada.com\/es\/reuniones-virtuales-para-integrantes-del-proyecto\/capacitacion-voluntarios\/","og_locale":"es_ES","og_type":"article","og_title":"Reuniones virtuales de integrantes de la asociaci\u00f3n - Realidad Empoderada","og_description":"Recomendaciones y lineamientos para las reuniones virtuales de los colaboradores voluntarios de Realidad Empoderada.","og_url":"https:\/\/realidadempoderada.com\/es\/reuniones-virtuales-para-integrantes-del-proyecto\/capacitacion-voluntarios\/","og_site_name":"Realidad Empoderada","article_publisher":"https:\/\/www.facebook.com\/RealidadEmpoderada\/","article_author":"https:\/\/www.facebook.com\/RealidadEmpoderada","article_published_time":"2021-05-20T15:39:58+00:00","article_modified_time":"2026-03-27T00:37:57+00:00","og_image":[{"width":1277,"height":720,"url":"https:\/\/realidadempoderada.com\/wp-content\/uploads\/2021\/05\/Main-reunion.jpg","type":"image\/jpeg"}],"author":"Realidad Empoderada","twitter_card":"summary_large_image","twitter_creator":"@https:\/\/x.com\/RealidadEmpode1","twitter_misc":{"Escrito por":"Realidad Empoderada","Tiempo de lectura":"2 minutos"},"schema":{"@context":"https:\/\/schema.org","@graph":[{"@type":"Article","@id":"https:\/\/realidadempoderada.com\/es\/reuniones-virtuales-para-integrantes-del-proyecto\/capacitacion-voluntarios\/#article","isPartOf":{"@id":"https:\/\/realidadempoderada.com\/es\/reuniones-virtuales-para-integrantes-del-proyecto\/capacitacion-voluntarios\/"},"author":{"name":"Realidad Empoderada","@id":"https:\/\/realidadempoderada.com\/es\/#\/schema\/person\/bef25671bf5bd6426822d921c0220642"},"headline":"Reuniones virtuales de integrantes de la asociaci\u00f3n","datePublished":"2021-05-20T15:39:58+00:00","dateModified":"2026-03-27T00:37:57+00:00","mainEntityOfPage":{"@id":"https:\/\/realidadempoderada.com\/es\/reuniones-virtuales-para-integrantes-del-proyecto\/capacitacion-voluntarios\/"},"wordCount":336,"commentCount":0,"publisher":{"@id":"https:\/\/realidadempoderada.com\/es\/#organization"},"image":{"@id":"https:\/\/realidadempoderada.com\/es\/reuniones-virtuales-para-integrantes-del-proyecto\/capacitacion-voluntarios\/#primaryimage"},"thumbnailUrl":"https:\/\/realidadempoderada.com\/wp-content\/uploads\/2021\/05\/Main-reunion.jpg","keywords":["Capacitaci\u00f3n de colaboradores voluntarios"],"articleSection":["Capacitaci\u00f3n Voluntarios"],"inLanguage":"es","potentialAction":[{"@type":"CommentAction","name":"Comment","target":["https:\/\/realidadempoderada.com\/es\/reuniones-virtuales-para-integrantes-del-proyecto\/capacitacion-voluntarios\/#respond"]}]},{"@type":"WebPage","@id":"https:\/\/realidadempoderada.com\/es\/reuniones-virtuales-para-integrantes-del-proyecto\/capacitacion-voluntarios\/","url":"https:\/\/realidadempoderada.com\/es\/reuniones-virtuales-para-integrantes-del-proyecto\/capacitacion-voluntarios\/","name":"Reuniones virtuales de integrantes de la asociaci\u00f3n - Realidad Empoderada","isPartOf":{"@id":"https:\/\/realidadempoderada.com\/es\/#website"},"primaryImageOfPage":{"@id":"https:\/\/realidadempoderada.com\/es\/reuniones-virtuales-para-integrantes-del-proyecto\/capacitacion-voluntarios\/#primaryimage"},"image":{"@id":"https:\/\/realidadempoderada.com\/es\/reuniones-virtuales-para-integrantes-del-proyecto\/capacitacion-voluntarios\/#primaryimage"},"thumbnailUrl":"https:\/\/realidadempoderada.com\/wp-content\/uploads\/2021\/05\/Main-reunion.jpg","datePublished":"2021-05-20T15:39:58+00:00","dateModified":"2026-03-27T00:37:57+00:00","description":"Recomendaciones y lineamientos para las reuniones virtuales de los colaboradores voluntarios de Realidad Empoderada.","breadcrumb":{"@id":"https:\/\/realidadempoderada.com\/es\/reuniones-virtuales-para-integrantes-del-proyecto\/capacitacion-voluntarios\/#breadcrumb"},"inLanguage":"es","potentialAction":[{"@type":"ReadAction","target":["https:\/\/realidadempoderada.com\/es\/reuniones-virtuales-para-integrantes-del-proyecto\/capacitacion-voluntarios\/"]}]},{"@type":"ImageObject","inLanguage":"es","@id":"https:\/\/realidadempoderada.com\/es\/reuniones-virtuales-para-integrantes-del-proyecto\/capacitacion-voluntarios\/#primaryimage","url":"https:\/\/realidadempoderada.com\/wp-content\/uploads\/2021\/05\/Main-reunion.jpg","contentUrl":"https:\/\/realidadempoderada.com\/wp-content\/uploads\/2021\/05\/Main-reunion.jpg","width":1277,"height":720},{"@type":"BreadcrumbList","@id":"https:\/\/realidadempoderada.com\/es\/reuniones-virtuales-para-integrantes-del-proyecto\/capacitacion-voluntarios\/#breadcrumb","itemListElement":[{"@type":"ListItem","position":1,"name":"Portada","item":"https:\/\/realidadempoderada.com\/es\/"},{"@type":"ListItem","position":2,"name":"Reuniones virtuales de integrantes de la asociaci\u00f3n"}]},{"@type":"WebSite","@id":"https:\/\/realidadempoderada.com\/es\/#website","url":"https:\/\/realidadempoderada.com\/es\/","name":"Realidad Empoderada","description":"\u2026 de la realidad virtual a la solidaridad","publisher":{"@id":"https:\/\/realidadempoderada.com\/es\/#organization"},"potentialAction":[{"@type":"SearchAction","target":{"@type":"EntryPoint","urlTemplate":"https:\/\/realidadempoderada.com\/es\/?s={search_term_string}"},"query-input":{"@type":"PropertyValueSpecification","valueRequired":true,"valueName":"search_term_string"}}],"inLanguage":"es"},{"@type":"Organization","@id":"https:\/\/realidadempoderada.com\/es\/#organization","name":"Realidad Empoderada","url":"https:\/\/realidadempoderada.com\/es\/","logo":{"@type":"ImageObject","inLanguage":"es","@id":"https:\/\/realidadempoderada.com\/es\/#\/schema\/logo\/image\/","url":"https:\/\/realidadempoderada.com\/wp-content\/uploads\/2018\/04\/Manos.jpg","contentUrl":"https:\/\/realidadempoderada.com\/wp-content\/uploads\/2018\/04\/Manos.jpg","width":300,"height":230,"caption":"Realidad Empoderada"},"image":{"@id":"https:\/\/realidadempoderada.com\/es\/#\/schema\/logo\/image\/"},"sameAs":["https:\/\/www.facebook.com\/RealidadEmpoderada\/"]},{"@type":"Person","@id":"https:\/\/realidadempoderada.com\/es\/#\/schema\/person\/bef25671bf5bd6426822d921c0220642","name":"Realidad Empoderada","image":{"@type":"ImageObject","inLanguage":"es","@id":"https:\/\/realidadempoderada.com\/wp-content\/uploads\/2021\/10\/ProfilePictureMaker-1-96x96.png","url":"https:\/\/realidadempoderada.com\/wp-content\/uploads\/2021\/10\/ProfilePictureMaker-1-96x96.png","contentUrl":"https:\/\/realidadempoderada.com\/wp-content\/uploads\/2021\/10\/ProfilePictureMaker-1-96x96.png","caption":"Realidad Empoderada"},"description":"Realidad Empoderada es una acci\u00f3n social tecnol\u00f3gica que estamos desarrollando para impulsar el empoderamiento solidario. En Solidaridad Transformadora en Movimiento S. ASOC. trabajamos cada d\u00eda para hacerla posible.","sameAs":["https:\/\/REALIDADEMPODERADA.com","https:\/\/www.facebook.com\/RealidadEmpoderada","https:\/\/www.instagram.com\/realidadempoderada","https:\/\/www.linkedin.com\/company\/realidadempoderada","https:\/\/x.com\/https:\/\/x.com\/RealidadEmpode1"],"url":"https:\/\/realidadempoderada.com\/es\/author\/admin\/"}]}},"jetpack_featured_media_url":"https:\/\/realidadempoderada.com\/wp-content\/uploads\/2021\/05\/Main-reunion.jpg","jetpack_shortlink":"https:\/\/wp.me\/panXkF-iF","jetpack_sharing_enabled":true,"_links":{"self":[{"href":"https:\/\/realidadempoderada.com\/es\/wp-json\/wp\/v2\/posts\/1157","targetHints":{"allow":["GET"]}}],"collection":[{"href":"https:\/\/realidadempoderada.com\/es\/wp-json\/wp\/v2\/posts"}],"about":[{"href":"https:\/\/realidadempoderada.com\/es\/wp-json\/wp\/v2\/types\/post"}],"author":[{"embeddable":true,"href":"https:\/\/realidadempoderada.com\/es\/wp-json\/wp\/v2\/users\/7"}],"replies":[{"embeddable":true,"href":"https:\/\/realidadempoderada.com\/es\/wp-json\/wp\/v2\/comments?post=1157"}],"version-history":[{"count":7,"href":"https:\/\/realidadempoderada.com\/es\/wp-json\/wp\/v2\/posts\/1157\/revisions"}],"predecessor-version":[{"id":3885,"href":"https:\/\/realidadempoderada.com\/es\/wp-json\/wp\/v2\/posts\/1157\/revisions\/3885"}],"wp:featuredmedia":[{"embeddable":true,"href":"https:\/\/realidadempoderada.com\/es\/wp-json\/wp\/v2\/media\/1161"}],"wp:attachment":[{"href":"https:\/\/realidadempoderada.com\/es\/wp-json\/wp\/v2\/media?parent=1157"}],"wp:term":[{"taxonomy":"category","embeddable":true,"href":"https:\/\/realidadempoderada.com\/es\/wp-json\/wp\/v2\/categories?post=1157"},{"taxonomy":"post_tag","embeddable":true,"href":"https:\/\/realidadempoderada.com\/es\/wp-json\/wp\/v2\/tags?post=1157"}],"curies":[{"name":"wp","href":"https:\/\/api.w.org\/{rel}","templated":true}]}}