{"id":1319,"date":"2021-08-20T15:11:07","date_gmt":"2021-08-20T15:11:07","guid":{"rendered":"https:\/\/realidadempoderada.com\/?p=1319"},"modified":"2026-04-02T18:35:36","modified_gmt":"2026-04-02T21:35:36","slug":"dar-en-el-derrame-y-compartir-en-la-amistad","status":"publish","type":"post","link":"https:\/\/realidadempoderada.com\/es\/dar-en-el-derrame-y-compartir-en-la-amistad\/teoria\/","title":{"rendered":"Dar en el derrame y compartir en la amistad"},"content":{"rendered":"<p>La mayor\u00eda de las personas, tratando de cumplir con preceptos culturales de caridad, da lo que le sobra. Simplemente lo que cree no necesitar, sea dinero, comida, otras necesidades materiales o tiempo. Simplemente en su completitud y satisfacci\u00f3n, deja que su copa rebalse, cayendo el sobrante a quienes deber\u00edan necesitarlo. Esta actitud \u00faltimamente se ha incrementado por la necesidad de muchos de cumplir con mandatos religiosos (que siempre han estado), para ser progresista o populista, o para simplemente sentir que cumplen con su consciencia, o se participa en proyectos u ONGs porque es bueno para una curr\u00edcula. Sin embargo, esto es perverso. Podr\u00edamos simplificarlo diciendo que simplemente la persona menesterosa se convierte en un objeto. Yo dir\u00eda que ambos, el dador y el receptor se convierten en ello. En las actitudes mencionadas anteriormente, la persona que recibe se convierte en quien cumple los deseos del dador. No importa que se d\u00e9 o c\u00f3mo, simplemente cumple la necesidad de un rol. Esto conlleva a una gran variedad de atrocidades, dependencias, jerarquizaci\u00f3n y deshumanizaci\u00f3n. Algo que, tanto en mi libro <em>Cuando los pobres nos llaman a la conversi\u00f3n<\/em> como con la acci\u00f3n social\u00a0<a href=\"https:\/\/realidadempoderada.com\/es\/\" target=\"_blank\" rel=\"noopener\"><em>Realidad Empoderada<\/em><\/a>, trato y tratar\u00e9 de revertir. Los dadores no poseen una noci\u00f3n de justicia. Se decide colaborar o dar, sin una relaci\u00f3n de ida y vuelta. Porque ello no importa. La saciedad del dador no requiere de analizar y actuar en forma transformadora de la realidad. No se piensa en una justicia que trate de revertir el sufrimiento de los que no tienen opci\u00f3n. Trabajar en un proyecto transformador, requiere de compromiso, de dar parte de la vida de uno. Algo que desde las culturas ancestrales los grupos sociales comprend\u00edan muy bien, cortar parte de su vida para actuar comunitariamente en un proyecto comunitario superador en el cual cada miembro est\u00e1 dispuesto a dar de s\u00ed para acallar la inequidad, el dolor y el sufrimiento de los desprotegidos. Bajo una comprensi\u00f3n no dualista, donde la carne es la unidad indivisible entre lo espiritual o racional y las necesidades f\u00edsicas en integridad.<\/p>\n<p><a href=\"https:\/\/realidadempoderada.com\/wp-content\/uploads\/2021\/08\/puesto.jpg\"><img loading=\"lazy\" decoding=\"async\" class=\"wp-image-1324 size-medium alignright\" src=\"https:\/\/realidadempoderada.com\/wp-content\/uploads\/2021\/08\/puesto-300x226.jpg\" alt=\"\" width=\"300\" height=\"226\" srcset=\"https:\/\/realidadempoderada.com\/wp-content\/uploads\/2021\/08\/puesto-300x226.jpg 300w, https:\/\/realidadempoderada.com\/wp-content\/uploads\/2021\/08\/puesto-326x245.jpg 326w, https:\/\/realidadempoderada.com\/wp-content\/uploads\/2021\/08\/puesto-80x60.jpg 80w, https:\/\/realidadempoderada.com\/wp-content\/uploads\/2021\/08\/puesto.jpg 604w\" sizes=\"auto, (max-width: 300px) 100vw, 300px\" \/><\/a>Decidir colaborar, trabajar, participar, asociarse en un proyecto solidario conlleva a dar una parte de la vida de uno, para regenerar vida sana y religar aquellos cuerpos quebrados que claman por justicia y necesidades en cada minuto que pasa de este mundo.<\/p>\n<p><strong>PD:<\/strong> La fuente de la imagen se encuentra en una de las plazas de Buenos Aires, la <a href=\"https:\/\/www.google.com\/search?q=plaza%20de%20mataderos%20caba&amp;oq=plaza+de+mataderos+caba&amp;aqs=chrome..69i57j0i22i30.4735j0j7&amp;sourceid=chrome&amp;ie=UTF-8&amp;tbs=lf:1,lf_ui:1&amp;tbm=lcl&amp;sxsrf=ALeKk00f6n3MA1Ut1kRfuMMdHXa5cUHp4A:1629471346189&amp;rflfq=1&amp;num=10&amp;rldimm=2495743647433818632&amp;lqi=ChdwbGF6YSBkZSBtYXRhZGVyb3MgY2FiYUif4cTAuq6AgAhaIxAAGAAYARgCGAMiF3BsYXphIGRlIG1hdGFkZXJvcyBjYWJhkgEKc3RhdGVfcGFya5oBI0NoWkRTVWhOTUc5blMwVkpRMEZuU1VSVGNpMTFTa0puRUFFqgENEAEqCSIFcGxhemEoDg&amp;phdesc=-csrlQYK1xc&amp;ved=2ahUKEwi_7Yrm7b_yAhVyq5UCHQuqAwkQvS4wAHoECAYQKg&amp;rlst=f#rlfi=hd:;si:;mv:[[-34.6382799,-58.4989474],[-34.6640924,-58.5233691]]\" target=\"_blank\" rel=\"noopener\">Plaza de Mataderos<\/a>, donde muchas familias pobres van a tirar la manta para vender algunas de sus pertenencias en <a href=\"https:\/\/es.wikipedia.org\/wiki\/Feria_de_Mataderos\" target=\"_blank\" rel=\"noopener\">la feria<\/a>. Un monumento que funciona inmutable como si la \u00fanica realidad fuera el rebalse de quien m\u00e1s tiene, a los que menos y los que casi no tienen nada&#8230;<\/p>\n<p style=\"text-align: center;\"><iframe loading=\"lazy\"  style=\"display: block; margin: 0px auto;\"  id=\"_ytid_39022\"  width=\"480\" height=\"270\"  data-origwidth=\"480\" data-origheight=\"270\" src=\"https:\/\/www.youtube.com\/embed\/9BCw3p3_ovo?enablejsapi=1&autoplay=0&cc_load_policy=0&cc_lang_pref=&iv_load_policy=1&loop=0&rel=1&fs=1&playsinline=0&autohide=2&theme=dark&color=red&controls=1&disablekb=0&\" class=\"__youtube_prefs__  no-lazyload\" title=\"YouTube player\"  allow=\"fullscreen; accelerometer; autoplay; clipboard-write; encrypted-media; gyroscope; picture-in-picture; web-share\" referrerpolicy=\"strict-origin-when-cross-origin\" allowfullscreen data-no-lazy=\"1\" data-skipgform_ajax_framebjll=\"\"><\/iframe><\/p>\n","protected":false},"excerpt":{"rendered":"<div class=\"mh-excerpt\">La mayor\u00eda de las personas, tratando de cumplir con preceptos culturales de caridad, da lo que le sobra. Simplemente lo que cree no necesitar, sea dinero, comida, otras necesidades materiales o tiempo. Simplemente en su <a class=\"mh-excerpt-more\" href=\"https:\/\/realidadempoderada.com\/es\/dar-en-el-derrame-y-compartir-en-la-amistad\/teoria\/\" title=\"Dar en el derrame y compartir en la amistad\">[&#8230;]<\/a><\/div>\n","protected":false},"author":12,"featured_media":1321,"comment_status":"open","ping_status":"closed","sticky":false,"template":"","format":"standard","meta":{"_crdt_document":"","jetpack_post_was_ever_published":false,"_jetpack_newsletter_access":"","_jetpack_dont_email_post_to_subs":false,"_jetpack_newsletter_tier_id":0,"_jetpack_memberships_contains_paywalled_content":false,"_jetpack_memberships_contains_paid_content":false,"footnotes":""},"categories":[87,19],"tags":[86,22,23,73,30],"class_list":{"0":"post-1319","1":"post","2":"type-post","3":"status-publish","4":"format-standard","5":"has-post-thumbnail","7":"category-capacitacion-voluntarios","8":"category-teoria","9":"tag-capacitacion-de-colaboradores-voluntarios","10":"tag-empoderamiento","11":"tag-indigente","12":"tag-pobre","13":"tag-poder"},"yoast_head":"<!-- This site is optimized with the Yoast SEO plugin v27.4 - https:\/\/yoast.com\/product\/yoast-seo-wordpress\/ -->\n<title>Dar en el derrame y compartir en la amistad - Realidad Empoderada<\/title>\n<meta name=\"description\" content=\"Un vistazo a \u201cLa perversi\u00f3n de dar de lo que me sobra\u201d, cree no necesitar, sea dinero, comida, otras necesidades materiales o tiempo. Simplemente en su completitud y satisfacci\u00f3n, deja que su copa rebalse cayendo el sobrante a quienes deber\u00edan necesitarlo.\" \/>\n<meta name=\"robots\" content=\"index, follow, max-snippet:-1, max-image-preview:large, max-video-preview:-1\" \/>\n<link rel=\"canonical\" href=\"https:\/\/realidadempoderada.com\/es\/dar-en-el-derrame-y-compartir-en-la-amistad\/teoria\/\" \/>\n<meta property=\"og:locale\" content=\"es_ES\" \/>\n<meta property=\"og:type\" content=\"article\" \/>\n<meta property=\"og:title\" content=\"Dar en el derrame y compartir en la amistad - Realidad Empoderada\" \/>\n<meta property=\"og:description\" content=\"Un vistazo a \u201cLa perversi\u00f3n de dar de lo que me sobra\u201d, cree no necesitar, sea dinero, comida, otras necesidades materiales o tiempo. Simplemente en su completitud y satisfacci\u00f3n, deja que su copa rebalse cayendo el sobrante a quienes deber\u00edan necesitarlo.\" \/>\n<meta property=\"og:url\" content=\"https:\/\/realidadempoderada.com\/es\/dar-en-el-derrame-y-compartir-en-la-amistad\/teoria\/\" \/>\n<meta property=\"og:site_name\" content=\"Realidad Empoderada\" \/>\n<meta property=\"article:publisher\" content=\"https:\/\/www.facebook.com\/RealidadEmpoderada\/\" \/>\n<meta property=\"article:published_time\" content=\"2021-08-20T15:11:07+00:00\" \/>\n<meta property=\"article:modified_time\" content=\"2026-04-02T21:35:36+00:00\" \/>\n<meta property=\"og:image\" content=\"https:\/\/realidadempoderada.com\/wp-content\/uploads\/2021\/08\/Fuente.jpeg\" \/>\n\t<meta property=\"og:image:width\" content=\"1100\" \/>\n\t<meta property=\"og:image:height\" content=\"619\" \/>\n\t<meta property=\"og:image:type\" content=\"image\/jpeg\" \/>\n<meta name=\"author\" content=\"Gustavo Reimondo\" \/>\n<meta name=\"twitter:card\" content=\"summary_large_image\" \/>\n<meta name=\"twitter:label1\" content=\"Escrito por\" \/>\n\t<meta name=\"twitter:data1\" content=\"Gustavo Reimondo\" \/>\n\t<meta name=\"twitter:label2\" content=\"Tiempo de lectura\" \/>\n\t<meta name=\"twitter:data2\" content=\"3 minutos\" \/>\n<script type=\"application\/ld+json\" class=\"yoast-schema-graph\">{\"@context\":\"https:\\\/\\\/schema.org\",\"@graph\":[{\"@type\":\"Article\",\"@id\":\"https:\\\/\\\/realidadempoderada.com\\\/es\\\/dar-en-el-derrame-y-compartir-en-la-amistad\\\/teoria\\\/#article\",\"isPartOf\":{\"@id\":\"https:\\\/\\\/realidadempoderada.com\\\/es\\\/dar-en-el-derrame-y-compartir-en-la-amistad\\\/teoria\\\/\"},\"author\":{\"name\":\"Gustavo Reimondo\",\"@id\":\"https:\\\/\\\/realidadempoderada.com\\\/es\\\/#\\\/schema\\\/person\\\/29ef59aa32d30368dcdbef00fe720e7a\"},\"headline\":\"Dar en el derrame y compartir en la amistad\",\"datePublished\":\"2021-08-20T15:11:07+00:00\",\"dateModified\":\"2026-04-02T21:35:36+00:00\",\"mainEntityOfPage\":{\"@id\":\"https:\\\/\\\/realidadempoderada.com\\\/es\\\/dar-en-el-derrame-y-compartir-en-la-amistad\\\/teoria\\\/\"},\"wordCount\":489,\"commentCount\":0,\"publisher\":{\"@id\":\"https:\\\/\\\/realidadempoderada.com\\\/es\\\/#organization\"},\"image\":{\"@id\":\"https:\\\/\\\/realidadempoderada.com\\\/es\\\/dar-en-el-derrame-y-compartir-en-la-amistad\\\/teoria\\\/#primaryimage\"},\"thumbnailUrl\":\"https:\\\/\\\/realidadempoderada.com\\\/wp-content\\\/uploads\\\/2021\\\/08\\\/Fuente.jpeg\",\"keywords\":[\"Capacitaci\u00f3n de colaboradores voluntarios\",\"Empoderamiento\",\"indigente\",\"Pobre\",\"poder\"],\"articleSection\":[\"Capacitaci\u00f3n Voluntarios\",\"Teor\u00eda\"],\"inLanguage\":\"es\",\"potentialAction\":[{\"@type\":\"CommentAction\",\"name\":\"Comment\",\"target\":[\"https:\\\/\\\/realidadempoderada.com\\\/es\\\/dar-en-el-derrame-y-compartir-en-la-amistad\\\/teoria\\\/#respond\"]}]},{\"@type\":\"WebPage\",\"@id\":\"https:\\\/\\\/realidadempoderada.com\\\/es\\\/dar-en-el-derrame-y-compartir-en-la-amistad\\\/teoria\\\/\",\"url\":\"https:\\\/\\\/realidadempoderada.com\\\/es\\\/dar-en-el-derrame-y-compartir-en-la-amistad\\\/teoria\\\/\",\"name\":\"Dar en el derrame y compartir en la amistad - Realidad Empoderada\",\"isPartOf\":{\"@id\":\"https:\\\/\\\/realidadempoderada.com\\\/es\\\/#website\"},\"primaryImageOfPage\":{\"@id\":\"https:\\\/\\\/realidadempoderada.com\\\/es\\\/dar-en-el-derrame-y-compartir-en-la-amistad\\\/teoria\\\/#primaryimage\"},\"image\":{\"@id\":\"https:\\\/\\\/realidadempoderada.com\\\/es\\\/dar-en-el-derrame-y-compartir-en-la-amistad\\\/teoria\\\/#primaryimage\"},\"thumbnailUrl\":\"https:\\\/\\\/realidadempoderada.com\\\/wp-content\\\/uploads\\\/2021\\\/08\\\/Fuente.jpeg\",\"datePublished\":\"2021-08-20T15:11:07+00:00\",\"dateModified\":\"2026-04-02T21:35:36+00:00\",\"description\":\"Un vistazo a \u201cLa perversi\u00f3n de dar de lo que me sobra\u201d, cree no necesitar, sea dinero, comida, otras necesidades materiales o tiempo. Simplemente en su completitud y satisfacci\u00f3n, deja que su copa rebalse cayendo el sobrante a quienes deber\u00edan necesitarlo.\",\"breadcrumb\":{\"@id\":\"https:\\\/\\\/realidadempoderada.com\\\/es\\\/dar-en-el-derrame-y-compartir-en-la-amistad\\\/teoria\\\/#breadcrumb\"},\"inLanguage\":\"es\",\"potentialAction\":[{\"@type\":\"ReadAction\",\"target\":[\"https:\\\/\\\/realidadempoderada.com\\\/es\\\/dar-en-el-derrame-y-compartir-en-la-amistad\\\/teoria\\\/\"]}]},{\"@type\":\"ImageObject\",\"inLanguage\":\"es\",\"@id\":\"https:\\\/\\\/realidadempoderada.com\\\/es\\\/dar-en-el-derrame-y-compartir-en-la-amistad\\\/teoria\\\/#primaryimage\",\"url\":\"https:\\\/\\\/realidadempoderada.com\\\/wp-content\\\/uploads\\\/2021\\\/08\\\/Fuente.jpeg\",\"contentUrl\":\"https:\\\/\\\/realidadempoderada.com\\\/wp-content\\\/uploads\\\/2021\\\/08\\\/Fuente.jpeg\",\"width\":1100,\"height\":619},{\"@type\":\"BreadcrumbList\",\"@id\":\"https:\\\/\\\/realidadempoderada.com\\\/es\\\/dar-en-el-derrame-y-compartir-en-la-amistad\\\/teoria\\\/#breadcrumb\",\"itemListElement\":[{\"@type\":\"ListItem\",\"position\":1,\"name\":\"Portada\",\"item\":\"https:\\\/\\\/realidadempoderada.com\\\/es\\\/\"},{\"@type\":\"ListItem\",\"position\":2,\"name\":\"Dar en el derrame y compartir en la amistad\"}]},{\"@type\":\"WebSite\",\"@id\":\"https:\\\/\\\/realidadempoderada.com\\\/es\\\/#website\",\"url\":\"https:\\\/\\\/realidadempoderada.com\\\/es\\\/\",\"name\":\"Realidad Empoderada\",\"description\":\"\u2026 de la realidad virtual a la solidaridad\",\"publisher\":{\"@id\":\"https:\\\/\\\/realidadempoderada.com\\\/es\\\/#organization\"},\"potentialAction\":[{\"@type\":\"SearchAction\",\"target\":{\"@type\":\"EntryPoint\",\"urlTemplate\":\"https:\\\/\\\/realidadempoderada.com\\\/es\\\/?s={search_term_string}\"},\"query-input\":{\"@type\":\"PropertyValueSpecification\",\"valueRequired\":true,\"valueName\":\"search_term_string\"}}],\"inLanguage\":\"es\"},{\"@type\":\"Organization\",\"@id\":\"https:\\\/\\\/realidadempoderada.com\\\/es\\\/#organization\",\"name\":\"Realidad Empoderada\",\"url\":\"https:\\\/\\\/realidadempoderada.com\\\/es\\\/\",\"logo\":{\"@type\":\"ImageObject\",\"inLanguage\":\"es\",\"@id\":\"https:\\\/\\\/realidadempoderada.com\\\/es\\\/#\\\/schema\\\/logo\\\/image\\\/\",\"url\":\"https:\\\/\\\/realidadempoderada.com\\\/wp-content\\\/uploads\\\/2018\\\/04\\\/Manos.jpg\",\"contentUrl\":\"https:\\\/\\\/realidadempoderada.com\\\/wp-content\\\/uploads\\\/2018\\\/04\\\/Manos.jpg\",\"width\":300,\"height\":230,\"caption\":\"Realidad Empoderada\"},\"image\":{\"@id\":\"https:\\\/\\\/realidadempoderada.com\\\/es\\\/#\\\/schema\\\/logo\\\/image\\\/\"},\"sameAs\":[\"https:\\\/\\\/www.facebook.com\\\/RealidadEmpoderada\\\/\"]},{\"@type\":\"Person\",\"@id\":\"https:\\\/\\\/realidadempoderada.com\\\/es\\\/#\\\/schema\\\/person\\\/29ef59aa32d30368dcdbef00fe720e7a\",\"name\":\"Gustavo Reimondo\",\"image\":{\"@type\":\"ImageObject\",\"inLanguage\":\"es\",\"@id\":\"https:\\\/\\\/realidadempoderada.com\\\/wp-content\\\/uploads\\\/2024\\\/04\\\/gustavo-reimondo_avatar-96x96.jpg\",\"url\":\"https:\\\/\\\/realidadempoderada.com\\\/wp-content\\\/uploads\\\/2024\\\/04\\\/gustavo-reimondo_avatar-96x96.jpg\",\"contentUrl\":\"https:\\\/\\\/realidadempoderada.com\\\/wp-content\\\/uploads\\\/2024\\\/04\\\/gustavo-reimondo_avatar-96x96.jpg\",\"caption\":\"Gustavo Reimondo\"},\"description\":\"Coordinador de la editorial Tecnolog\u00eda Humanizada. Coordinador de la acci\u00f3n social Realidad Empoderada. Miembro del grupo: \\\"La familia de la calle\\\", organizaci\u00f3n conformada por personas indigentes y no indigentes en una relaci\u00f3n igualitaria. Coordinador de proyectos de Infraestructura F\u00edsica de Telecomunicaciones. Experto en Rob\u00f3tica, Instrumentaci\u00f3n &amp; Control, IoT, Sens\u00f3rica y sistemas microcontrolados.\",\"sameAs\":[\"https:\\\/\\\/humanizationoftechnology.com\\\/author\\\/gustavoautor\\\/\",\"https:\\\/\\\/www.linkedin.com\\\/in\\\/gustavoreimondo\\\/\"],\"url\":\"https:\\\/\\\/realidadempoderada.com\\\/es\\\/author\\\/gustavo-reimondo\\\/\"}]}<\/script>\n<!-- \/ Yoast SEO plugin. -->","yoast_head_json":{"title":"Dar en el derrame y compartir en la amistad - Realidad Empoderada","description":"Un vistazo a \u201cLa perversi\u00f3n de dar de lo que me sobra\u201d, cree no necesitar, sea dinero, comida, otras necesidades materiales o tiempo. Simplemente en su completitud y satisfacci\u00f3n, deja que su copa rebalse cayendo el sobrante a quienes deber\u00edan necesitarlo.","robots":{"index":"index","follow":"follow","max-snippet":"max-snippet:-1","max-image-preview":"max-image-preview:large","max-video-preview":"max-video-preview:-1"},"canonical":"https:\/\/realidadempoderada.com\/es\/dar-en-el-derrame-y-compartir-en-la-amistad\/teoria\/","og_locale":"es_ES","og_type":"article","og_title":"Dar en el derrame y compartir en la amistad - Realidad Empoderada","og_description":"Un vistazo a \u201cLa perversi\u00f3n de dar de lo que me sobra\u201d, cree no necesitar, sea dinero, comida, otras necesidades materiales o tiempo. Simplemente en su completitud y satisfacci\u00f3n, deja que su copa rebalse cayendo el sobrante a quienes deber\u00edan necesitarlo.","og_url":"https:\/\/realidadempoderada.com\/es\/dar-en-el-derrame-y-compartir-en-la-amistad\/teoria\/","og_site_name":"Realidad Empoderada","article_publisher":"https:\/\/www.facebook.com\/RealidadEmpoderada\/","article_published_time":"2021-08-20T15:11:07+00:00","article_modified_time":"2026-04-02T21:35:36+00:00","og_image":[{"width":1100,"height":619,"url":"https:\/\/realidadempoderada.com\/wp-content\/uploads\/2021\/08\/Fuente.jpeg","type":"image\/jpeg"}],"author":"Gustavo Reimondo","twitter_card":"summary_large_image","twitter_misc":{"Escrito por":"Gustavo Reimondo","Tiempo de lectura":"3 minutos"},"schema":{"@context":"https:\/\/schema.org","@graph":[{"@type":"Article","@id":"https:\/\/realidadempoderada.com\/es\/dar-en-el-derrame-y-compartir-en-la-amistad\/teoria\/#article","isPartOf":{"@id":"https:\/\/realidadempoderada.com\/es\/dar-en-el-derrame-y-compartir-en-la-amistad\/teoria\/"},"author":{"name":"Gustavo Reimondo","@id":"https:\/\/realidadempoderada.com\/es\/#\/schema\/person\/29ef59aa32d30368dcdbef00fe720e7a"},"headline":"Dar en el derrame y compartir en la amistad","datePublished":"2021-08-20T15:11:07+00:00","dateModified":"2026-04-02T21:35:36+00:00","mainEntityOfPage":{"@id":"https:\/\/realidadempoderada.com\/es\/dar-en-el-derrame-y-compartir-en-la-amistad\/teoria\/"},"wordCount":489,"commentCount":0,"publisher":{"@id":"https:\/\/realidadempoderada.com\/es\/#organization"},"image":{"@id":"https:\/\/realidadempoderada.com\/es\/dar-en-el-derrame-y-compartir-en-la-amistad\/teoria\/#primaryimage"},"thumbnailUrl":"https:\/\/realidadempoderada.com\/wp-content\/uploads\/2021\/08\/Fuente.jpeg","keywords":["Capacitaci\u00f3n de colaboradores voluntarios","Empoderamiento","indigente","Pobre","poder"],"articleSection":["Capacitaci\u00f3n Voluntarios","Teor\u00eda"],"inLanguage":"es","potentialAction":[{"@type":"CommentAction","name":"Comment","target":["https:\/\/realidadempoderada.com\/es\/dar-en-el-derrame-y-compartir-en-la-amistad\/teoria\/#respond"]}]},{"@type":"WebPage","@id":"https:\/\/realidadempoderada.com\/es\/dar-en-el-derrame-y-compartir-en-la-amistad\/teoria\/","url":"https:\/\/realidadempoderada.com\/es\/dar-en-el-derrame-y-compartir-en-la-amistad\/teoria\/","name":"Dar en el derrame y compartir en la amistad - Realidad Empoderada","isPartOf":{"@id":"https:\/\/realidadempoderada.com\/es\/#website"},"primaryImageOfPage":{"@id":"https:\/\/realidadempoderada.com\/es\/dar-en-el-derrame-y-compartir-en-la-amistad\/teoria\/#primaryimage"},"image":{"@id":"https:\/\/realidadempoderada.com\/es\/dar-en-el-derrame-y-compartir-en-la-amistad\/teoria\/#primaryimage"},"thumbnailUrl":"https:\/\/realidadempoderada.com\/wp-content\/uploads\/2021\/08\/Fuente.jpeg","datePublished":"2021-08-20T15:11:07+00:00","dateModified":"2026-04-02T21:35:36+00:00","description":"Un vistazo a \u201cLa perversi\u00f3n de dar de lo que me sobra\u201d, cree no necesitar, sea dinero, comida, otras necesidades materiales o tiempo. Simplemente en su completitud y satisfacci\u00f3n, deja que su copa rebalse cayendo el sobrante a quienes deber\u00edan necesitarlo.","breadcrumb":{"@id":"https:\/\/realidadempoderada.com\/es\/dar-en-el-derrame-y-compartir-en-la-amistad\/teoria\/#breadcrumb"},"inLanguage":"es","potentialAction":[{"@type":"ReadAction","target":["https:\/\/realidadempoderada.com\/es\/dar-en-el-derrame-y-compartir-en-la-amistad\/teoria\/"]}]},{"@type":"ImageObject","inLanguage":"es","@id":"https:\/\/realidadempoderada.com\/es\/dar-en-el-derrame-y-compartir-en-la-amistad\/teoria\/#primaryimage","url":"https:\/\/realidadempoderada.com\/wp-content\/uploads\/2021\/08\/Fuente.jpeg","contentUrl":"https:\/\/realidadempoderada.com\/wp-content\/uploads\/2021\/08\/Fuente.jpeg","width":1100,"height":619},{"@type":"BreadcrumbList","@id":"https:\/\/realidadempoderada.com\/es\/dar-en-el-derrame-y-compartir-en-la-amistad\/teoria\/#breadcrumb","itemListElement":[{"@type":"ListItem","position":1,"name":"Portada","item":"https:\/\/realidadempoderada.com\/es\/"},{"@type":"ListItem","position":2,"name":"Dar en el derrame y compartir en la amistad"}]},{"@type":"WebSite","@id":"https:\/\/realidadempoderada.com\/es\/#website","url":"https:\/\/realidadempoderada.com\/es\/","name":"Realidad Empoderada","description":"\u2026 de la realidad virtual a la solidaridad","publisher":{"@id":"https:\/\/realidadempoderada.com\/es\/#organization"},"potentialAction":[{"@type":"SearchAction","target":{"@type":"EntryPoint","urlTemplate":"https:\/\/realidadempoderada.com\/es\/?s={search_term_string}"},"query-input":{"@type":"PropertyValueSpecification","valueRequired":true,"valueName":"search_term_string"}}],"inLanguage":"es"},{"@type":"Organization","@id":"https:\/\/realidadempoderada.com\/es\/#organization","name":"Realidad Empoderada","url":"https:\/\/realidadempoderada.com\/es\/","logo":{"@type":"ImageObject","inLanguage":"es","@id":"https:\/\/realidadempoderada.com\/es\/#\/schema\/logo\/image\/","url":"https:\/\/realidadempoderada.com\/wp-content\/uploads\/2018\/04\/Manos.jpg","contentUrl":"https:\/\/realidadempoderada.com\/wp-content\/uploads\/2018\/04\/Manos.jpg","width":300,"height":230,"caption":"Realidad Empoderada"},"image":{"@id":"https:\/\/realidadempoderada.com\/es\/#\/schema\/logo\/image\/"},"sameAs":["https:\/\/www.facebook.com\/RealidadEmpoderada\/"]},{"@type":"Person","@id":"https:\/\/realidadempoderada.com\/es\/#\/schema\/person\/29ef59aa32d30368dcdbef00fe720e7a","name":"Gustavo Reimondo","image":{"@type":"ImageObject","inLanguage":"es","@id":"https:\/\/realidadempoderada.com\/wp-content\/uploads\/2024\/04\/gustavo-reimondo_avatar-96x96.jpg","url":"https:\/\/realidadempoderada.com\/wp-content\/uploads\/2024\/04\/gustavo-reimondo_avatar-96x96.jpg","contentUrl":"https:\/\/realidadempoderada.com\/wp-content\/uploads\/2024\/04\/gustavo-reimondo_avatar-96x96.jpg","caption":"Gustavo Reimondo"},"description":"Coordinador de la editorial Tecnolog\u00eda Humanizada. Coordinador de la acci\u00f3n social Realidad Empoderada. Miembro del grupo: \"La familia de la calle\", organizaci\u00f3n conformada por personas indigentes y no indigentes en una relaci\u00f3n igualitaria. Coordinador de proyectos de Infraestructura F\u00edsica de Telecomunicaciones. Experto en Rob\u00f3tica, Instrumentaci\u00f3n &amp; Control, IoT, Sens\u00f3rica y sistemas microcontrolados.","sameAs":["https:\/\/humanizationoftechnology.com\/author\/gustavoautor\/","https:\/\/www.linkedin.com\/in\/gustavoreimondo\/"],"url":"https:\/\/realidadempoderada.com\/es\/author\/gustavo-reimondo\/"}]}},"jetpack_featured_media_url":"https:\/\/realidadempoderada.com\/wp-content\/uploads\/2021\/08\/Fuente.jpeg","jetpack_shortlink":"https:\/\/wp.me\/panXkF-lh","jetpack_sharing_enabled":true,"_links":{"self":[{"href":"https:\/\/realidadempoderada.com\/es\/wp-json\/wp\/v2\/posts\/1319","targetHints":{"allow":["GET"]}}],"collection":[{"href":"https:\/\/realidadempoderada.com\/es\/wp-json\/wp\/v2\/posts"}],"about":[{"href":"https:\/\/realidadempoderada.com\/es\/wp-json\/wp\/v2\/types\/post"}],"author":[{"embeddable":true,"href":"https:\/\/realidadempoderada.com\/es\/wp-json\/wp\/v2\/users\/12"}],"replies":[{"embeddable":true,"href":"https:\/\/realidadempoderada.com\/es\/wp-json\/wp\/v2\/comments?post=1319"}],"version-history":[{"count":6,"href":"https:\/\/realidadempoderada.com\/es\/wp-json\/wp\/v2\/posts\/1319\/revisions"}],"predecessor-version":[{"id":4022,"href":"https:\/\/realidadempoderada.com\/es\/wp-json\/wp\/v2\/posts\/1319\/revisions\/4022"}],"wp:featuredmedia":[{"embeddable":true,"href":"https:\/\/realidadempoderada.com\/es\/wp-json\/wp\/v2\/media\/1321"}],"wp:attachment":[{"href":"https:\/\/realidadempoderada.com\/es\/wp-json\/wp\/v2\/media?parent=1319"}],"wp:term":[{"taxonomy":"category","embeddable":true,"href":"https:\/\/realidadempoderada.com\/es\/wp-json\/wp\/v2\/categories?post=1319"},{"taxonomy":"post_tag","embeddable":true,"href":"https:\/\/realidadempoderada.com\/es\/wp-json\/wp\/v2\/tags?post=1319"}],"curies":[{"name":"wp","href":"https:\/\/api.w.org\/{rel}","templated":true}]}}