{"id":1332,"date":"2021-09-07T01:38:06","date_gmt":"2021-09-07T01:38:06","guid":{"rendered":"https:\/\/realidadempoderada.com\/?p=1332"},"modified":"2026-04-02T18:33:54","modified_gmt":"2026-04-02T21:33:54","slug":"disenar-desde-la-aproximacion-de-los-mundos","status":"publish","type":"post","link":"https:\/\/realidadempoderada.com\/es\/disenar-desde-la-aproximacion-de-los-mundos\/teoria\/","title":{"rendered":"Dise\u00f1ar desde la aproximaci\u00f3n de los mundos"},"content":{"rendered":"<h2><strong>Nota de los art\u00edculos acerca del dise\u00f1o y desarrollo de software no colonizador.<\/strong><\/h2>\n<p>El desarrollo de servicios y productos que faciliten la transformaci\u00f3n social y motiven las esperanzas por un mundo mejor, lo que aqu\u00ed llamamos \u201cdise\u00f1o\/desarrollo no colonizador\u201d, es posible por medio del encuentro, en igualdad de condiciones, de nuestras burbujas de intereses. <a href=\"https:\/\/humanizationoftechnology.com\/author\/gustavoautor\/\" target=\"_blank\" rel=\"noopener\">Gustavo Reimondo<\/a> nos relata, desde su propia experiencia y conocimientos en el acompa\u00f1amiento al marginado, en que consistir\u00eda un dise\u00f1o no colonizador, que persigue, ante todo, la justicia como principal inter\u00e9s.<\/p>\n<h3>Un dise\u00f1o dominante.<\/h3>\n<p>El dise\u00f1o est\u00e1 vinculado estrechamente al bagaje cultural en el que se desarrollan productos y\/o servicios, de la \u00edndole que fueran. Este dise\u00f1o funciona porque responde a las expectativas, deseos y necesidades de las personas que participan de dicha cultura. Los participantes asumen como la forma \u201cnormal y natural en que las cosas deber\u00edan ser\u201d, aceptando pasiva y activamente dicha realidad.<\/p>\n<p>En el \u00e1mbito de los negocios, por ejemplo, las personas son vistas como clientes (o potenciales clientes). Esta es la forma b\u00e1sica del modelo de patronazgo moderno, donde no existe una <em>\u201cdominaci\u00f3n\u201d<\/em> directa o llamativa, sino m\u00e1s bien, influencias psicol\u00f3gicas como la oferta y la demanda, la creaci\u00f3n de necesidades, etc. (Contin\u00faa en la Primera Parte)<\/p>\n<h3>El camino del dise\u00f1o no colonizador.<\/h3>\n<p>Entonces, \u00bfCu\u00e1l es el papel del dise\u00f1ador\/desarrollador en este mundo con claras demandas dominantes? El cambio de paradigma a trav\u00e9s de la visi\u00f3n por el marginado. Este cambio se producir\u00eda, inicialmente, en el aspecto personal, para luego trasmitirlo comunitariamente. Es este contacto personal con la experiencia de vida del marginado, el que conduce progresivamente a una incomodidad con la \u201cnormalidad\u201d aceptada. Se construyen lazos, no desde una <a href=\"https:\/\/es.wikipedia.org\/wiki\/Clase_dirigente\" target=\"_blank\" rel=\"noopener\">posici\u00f3n dominante<\/a>, <a href=\"https:\/\/es.wikipedia.org\/wiki\/Paternalismo\" target=\"_blank\" rel=\"noopener\">paternalista<\/a> o <a href=\"https:\/\/es.wikipedia.org\/wiki\/Redenci%C3%B3n\" target=\"_blank\" rel=\"noopener\">redentora<\/a> (lo cual suele pasar y no aporta al problema), sino m\u00e1s bien desde la <a href=\"https:\/\/realidadempoderada.com\/es\/mirar-el-mundo-con-otros-lentes-la-solidaridad-transformadora\/teoria\/\" target=\"_blank\" rel=\"noopener\">solidaridad transformadora<\/a>, en igualdad de condiciones, desde el acompa\u00f1amiento solidario. (Contin\u00faa en la Segunda Parte)<\/p>\n<p>Las filosof\u00edas y actitudes que nacen dentro de esta <em>\u201crealidad\u201d,<\/em> nos empujan a esta fiesta de la satisfacci\u00f3n de necesidades biol\u00f3gicas culturales ego\u00edstas sin fin. Por desgracia, entre tantas necesidades a satisfacer, la necesidad de justicia, es descartada o relegada a segundo lugar. En esto consiste un dise\u00f1o no colonizador: un dise\u00f1o que busque contactar con el mundo del marginado y generar di\u00e1logos, sobre todo, relacionados con la justicia, la mayor de las necesidades insatisfechas.<\/p>\n<h3>Conociendo el mundo del marginado.<\/h3>\n<p>Aqu\u00ed aparece la acci\u00f3n social\u00a0<a href=\"https:\/\/realidadempoderada.com\/es\/\" target=\"_blank\" rel=\"noopener\">Realidad Empoderada<\/a>, pensada principalmente para contactar y agrupar agentes sociales y capacitarlos por medio de una herramienta de software. El sistema de Realidad Empoderada est\u00e1 siendo desarrollado desde la concepci\u00f3n filos\u00f3fica y teol\u00f3gica de la praxis social adquirida por sus creadores en el acompa\u00f1amiento y convivencia en una relaci\u00f3n de \u201cfamilia de calle\u201d, con amigos y amigas en situaci\u00f3n de marginaci\u00f3n.<\/p>\n<p><em>Todo empieza por romper las burbujas de nuestros intereses ego\u00edstas.<\/em> Con este desarrollo, se espera producir un efecto de \u201cincomodidad\u201d con la situaci\u00f3n del marginado, para que el agente social se entere de su existencia. El resto del camino implica involucrarse con la comunidad marginal, entablar di\u00e1logos, acompa\u00f1ar a los que tenga m\u00e1s cercano, cuestionar su propia forma de vida, y compartir ese pensamiento con sus c\u00edrculos conc\u00e9ntricos. Por el otro lado, con estas modificaciones, permitir a los sectores desplazados organizarse y ser gestores de su propio bienestar.<\/p>\n<h3>Dise\u00f1o que surge del contexto.<\/h3>\n<p>En el caso del dise\u00f1ador\/desarrollador, las bases del desarrollo no colonizador est\u00e1n sentadas. Luego sigue la creatividad del autor. Lo que surja despu\u00e9s, es incierto, depende de aspectos personales y como oriente su acercamiento al marginado. Esta es la filosof\u00eda con la que Gustavo trabaja en sus acciones sociales. No se trata espec\u00edficamente de un m\u00e9todo de dise\u00f1o, una forma exclusiva de programaci\u00f3n. Es la praxis encarnada en el contexto.<\/p>\n<p>Realidad Empoderada no surge como producto para generar una necesidad de consumo y demanda. Realidad Empoderada surge de la misma necesidad. Es una respuesta concreta, personal y contextual de generar cambios sustanciales en la comunidad de residentes y vecinos, del barrio, de la ciudad, para que ellos tomen acci\u00f3n en la transformaci\u00f3n, la b\u00fasqueda sincera por la justicia, una relaci\u00f3n fraternal con los marginados invisibilizados que tenemos en nuestras localidades. (Contin\u00faa en la Tercera Parte)<\/p>\n<h3>Conclusi\u00f3n.<\/h3>\n<p>El dise\u00f1ador\/desarrollador que baja de su posici\u00f3n acomodada al encuentro del v\u00ednculo estrecho, tendr\u00e1 tambi\u00e9n el inter\u00e9s de tratar, con el desarrollo de sus servicios y productos, las necesidades del marginado. El desarrollo no dominante y colonizador necesita propiciar la aproximaci\u00f3n entre los mundos, en palabra de Gustavo \u201csalir de nuestras burbujas de intereses\u201d, para una conexi\u00f3n directa con el necesitado, que nos haga participar de sus intereses, como nuestros. Donde la justicia sea un inter\u00e9s verdaderamente com\u00fan.<\/p>\n<div class=\"content_block\" id=\"custom_post_widget-1347\"><hr \/>\n<h6><span style=\"text-decoration: underline;\"><span style=\"font-family: arial, helvetica, sans-serif; font-size: 10pt;\">Fuentes:<\/span><\/span><\/h6>\n<\/div>\n<p><span style=\"font-size: 10pt;\"><a href=\"https:\/\/humanizationoftechnology.com\/algoritmos-no-colonizadores-una-manera-de-de-desarrollar-software-multicultural-primera-parte\/revista\/solidaridad\/07\/2020\/\" target=\"_blank\" rel=\"noopener\">\u00abAlgoritmos no colonizadores. Una manera de desarrollar software multicultural (primera parte)\u00bb , Gustavo Reimondo, Revista TECNOLOGIA HUMANIZADA n\u00fam 3 2020<\/a><\/span><br \/>\n<span style=\"font-size: 10pt;\"><a href=\"https:\/\/humanizationoftechnology.com\/algoritmos-no-colonizadores-una-manera-de-desarrollar-software-multicultural-segunda-parte\/revista\/solidaridad\/09\/2020\/\" target=\"_blank\" rel=\"noopener\">\u00abAlgoritmos no colonizadores. Una manera de desarrollar software multicultural (segunda parte)\u00bb , Gustavo Reimondo, Revista TECNOLOGIA HUMANIZADA n\u00fam 4 2020<\/a><\/span><br \/>\n<span style=\"font-size: 10pt;\"><a href=\"https:\/\/humanizationoftechnology.com\/el-diseno-de-servicios-y-productos-como-accion-de-transformacion-y-de-esperanza-para-otro-mundo-posible-primera-parte\/revista\/solidaridad\/05\/2021\/\" target=\"_blank\" rel=\"noopener\">\u00abEl dise\u00f1o de servicios y productos como acci\u00f3n de transformaci\u00f3n y de esperanza para otro mundo posible (Primera parte)\u00bb , Gustavo Reimondo, Revista TECNOLOGIA HUMANIZADA n\u00fam 2 2021<\/a><\/span><br \/>\n<span style=\"font-size: 10pt;\"><a href=\"https:\/\/humanizationoftechnology.com\/el-diseno-de-servicios-y-productos-como-accion-de-transformacion-y-de-esperanza-para-otro-mundo-posible-segunda-parte\/revista\/solidaridad\/07\/2021\/\" target=\"_blank\" rel=\"noopener\">\u00abEl dise\u00f1o de servicios y productos como acci\u00f3n de transformaci\u00f3n y de esperanza para otro mundo posible (Segunda parte)\u00bb , Gustavo Reimondo, Revista TECNOLOGIA HUMANIZADA n\u00fam 3 2021<\/a><\/span><br \/>\n<span style=\"font-size: 10pt;\"><a href=\"https:\/\/humanizationoftechnology.com\/el-diseno-de-servicios-y-productos-como-accion-de-transformacion-y-de-esperanza-para-otro-mundo-posible-tercera-parte\/revista\/solidaridad\/09\/2021\/\" target=\"_blank\" rel=\"noopener\">\u00abEl dise\u00f1o de servicios y productos como acci\u00f3n de transformaci\u00f3n y de esperanza para otro mundo posible (Tercera parte)\u00bb , Gustavo Reimondo, Revista TECNOLOGIA HUMANIZADA n\u00fam 4 2021<\/a><\/span><\/p>\n","protected":false},"excerpt":{"rendered":"<div class=\"mh-excerpt\">Nota de los art\u00edculos acerca del dise\u00f1o y desarrollo de software no colonizador. El desarrollo de servicios y productos que faciliten la transformaci\u00f3n social y motiven las esperanzas por un mundo mejor, lo que aqu\u00ed <a class=\"mh-excerpt-more\" href=\"https:\/\/realidadempoderada.com\/es\/disenar-desde-la-aproximacion-de-los-mundos\/teoria\/\" title=\"Dise\u00f1ar desde la aproximaci\u00f3n de los mundos\">[&#8230;]<\/a><\/div>\n","protected":false},"author":17,"featured_media":1342,"comment_status":"open","ping_status":"open","sticky":false,"template":"","format":"standard","meta":{"_crdt_document":"","jetpack_post_was_ever_published":false,"_jetpack_newsletter_access":"","_jetpack_dont_email_post_to_subs":false,"_jetpack_newsletter_tier_id":0,"_jetpack_memberships_contains_paywalled_content":false,"_jetpack_memberships_contains_paid_content":false,"footnotes":""},"categories":[19],"tags":[34,8,33,21],"class_list":{"0":"post-1332","1":"post","2":"type-post","3":"status-publish","4":"format-standard","5":"has-post-thumbnail","7":"category-teoria","8":"tag-algoritmo-no-colonizador","9":"tag-diseno-grafico","10":"tag-otro-mundo-es-posible","11":"tag-realidad-empoderada"},"yoast_head":"<!-- This site is optimized with the Yoast SEO plugin v27.5 - https:\/\/yoast.com\/product\/yoast-seo-wordpress\/ -->\n<title>Dise\u00f1ar desde la aproximaci\u00f3n de los mundos - Realidad Empoderada<\/title>\n<meta name=\"description\" content=\"El dise\u00f1o y desarrollo de software no colonizador surge del contacto con el mundo del marginado y sus necesidades por la Justicia.\" \/>\n<meta name=\"robots\" content=\"index, follow, max-snippet:-1, max-image-preview:large, max-video-preview:-1\" \/>\n<link rel=\"canonical\" href=\"https:\/\/realidadempoderada.com\/es\/disenar-desde-la-aproximacion-de-los-mundos\/teoria\/\" \/>\n<meta property=\"og:locale\" content=\"es_ES\" \/>\n<meta property=\"og:type\" content=\"article\" \/>\n<meta property=\"og:title\" content=\"Dise\u00f1ar desde la aproximaci\u00f3n de los mundos - Realidad Empoderada\" \/>\n<meta property=\"og:description\" content=\"El dise\u00f1o y desarrollo de software no colonizador surge del contacto con el mundo del marginado y sus necesidades por la Justicia.\" \/>\n<meta property=\"og:url\" content=\"https:\/\/realidadempoderada.com\/es\/disenar-desde-la-aproximacion-de-los-mundos\/teoria\/\" \/>\n<meta property=\"og:site_name\" content=\"Realidad Empoderada\" \/>\n<meta property=\"article:publisher\" content=\"https:\/\/www.facebook.com\/RealidadEmpoderada\/\" \/>\n<meta property=\"article:author\" content=\"https:\/\/www.facebook.com\/isaac.amarilla.1\/\" \/>\n<meta property=\"article:published_time\" content=\"2021-09-07T01:38:06+00:00\" \/>\n<meta property=\"article:modified_time\" content=\"2026-04-02T21:33:54+00:00\" \/>\n<meta property=\"og:image\" content=\"https:\/\/realidadempoderada.com\/wp-content\/uploads\/2021\/09\/2.jpg\" \/>\n\t<meta property=\"og:image:width\" content=\"1200\" \/>\n\t<meta property=\"og:image:height\" content=\"675\" \/>\n\t<meta property=\"og:image:type\" content=\"image\/jpeg\" \/>\n<meta name=\"author\" content=\"Isaac Amarilla\" \/>\n<meta name=\"twitter:card\" content=\"summary_large_image\" \/>\n<meta name=\"twitter:label1\" content=\"Escrito por\" \/>\n\t<meta name=\"twitter:data1\" content=\"Isaac Amarilla\" \/>\n\t<meta name=\"twitter:label2\" content=\"Tiempo de lectura\" \/>\n\t<meta name=\"twitter:data2\" content=\"5 minutos\" \/>\n<script type=\"application\/ld+json\" class=\"yoast-schema-graph\">{\"@context\":\"https:\\\/\\\/schema.org\",\"@graph\":[{\"@type\":\"Article\",\"@id\":\"https:\\\/\\\/realidadempoderada.com\\\/es\\\/disenar-desde-la-aproximacion-de-los-mundos\\\/teoria\\\/#article\",\"isPartOf\":{\"@id\":\"https:\\\/\\\/realidadempoderada.com\\\/es\\\/disenar-desde-la-aproximacion-de-los-mundos\\\/teoria\\\/\"},\"author\":{\"name\":\"Isaac Amarilla\",\"@id\":\"https:\\\/\\\/realidadempoderada.com\\\/es\\\/#\\\/schema\\\/person\\\/5f64e0b4e79aa7daa42e8a1a46233aa9\"},\"headline\":\"Dise\u00f1ar desde la aproximaci\u00f3n de los mundos\",\"datePublished\":\"2021-09-07T01:38:06+00:00\",\"dateModified\":\"2026-04-02T21:33:54+00:00\",\"mainEntityOfPage\":{\"@id\":\"https:\\\/\\\/realidadempoderada.com\\\/es\\\/disenar-desde-la-aproximacion-de-los-mundos\\\/teoria\\\/\"},\"wordCount\":991,\"commentCount\":0,\"publisher\":{\"@id\":\"https:\\\/\\\/realidadempoderada.com\\\/es\\\/#organization\"},\"image\":{\"@id\":\"https:\\\/\\\/realidadempoderada.com\\\/es\\\/disenar-desde-la-aproximacion-de-los-mundos\\\/teoria\\\/#primaryimage\"},\"thumbnailUrl\":\"https:\\\/\\\/realidadempoderada.com\\\/wp-content\\\/uploads\\\/2021\\\/09\\\/2.jpg\",\"keywords\":[\"Algoritmo no colonizador\",\"dise\u00f1o gr\u00e1fico\",\"OTRO MUNDO ES POSIBLE\",\"Realidad Empoderada\"],\"articleSection\":[\"Teor\u00eda\"],\"inLanguage\":\"es\",\"potentialAction\":[{\"@type\":\"CommentAction\",\"name\":\"Comment\",\"target\":[\"https:\\\/\\\/realidadempoderada.com\\\/es\\\/disenar-desde-la-aproximacion-de-los-mundos\\\/teoria\\\/#respond\"]}]},{\"@type\":\"WebPage\",\"@id\":\"https:\\\/\\\/realidadempoderada.com\\\/es\\\/disenar-desde-la-aproximacion-de-los-mundos\\\/teoria\\\/\",\"url\":\"https:\\\/\\\/realidadempoderada.com\\\/es\\\/disenar-desde-la-aproximacion-de-los-mundos\\\/teoria\\\/\",\"name\":\"Dise\u00f1ar desde la aproximaci\u00f3n de los mundos - Realidad Empoderada\",\"isPartOf\":{\"@id\":\"https:\\\/\\\/realidadempoderada.com\\\/es\\\/#website\"},\"primaryImageOfPage\":{\"@id\":\"https:\\\/\\\/realidadempoderada.com\\\/es\\\/disenar-desde-la-aproximacion-de-los-mundos\\\/teoria\\\/#primaryimage\"},\"image\":{\"@id\":\"https:\\\/\\\/realidadempoderada.com\\\/es\\\/disenar-desde-la-aproximacion-de-los-mundos\\\/teoria\\\/#primaryimage\"},\"thumbnailUrl\":\"https:\\\/\\\/realidadempoderada.com\\\/wp-content\\\/uploads\\\/2021\\\/09\\\/2.jpg\",\"datePublished\":\"2021-09-07T01:38:06+00:00\",\"dateModified\":\"2026-04-02T21:33:54+00:00\",\"description\":\"El dise\u00f1o y desarrollo de software no colonizador surge del contacto con el mundo del marginado y sus necesidades por la Justicia.\",\"breadcrumb\":{\"@id\":\"https:\\\/\\\/realidadempoderada.com\\\/es\\\/disenar-desde-la-aproximacion-de-los-mundos\\\/teoria\\\/#breadcrumb\"},\"inLanguage\":\"es\",\"potentialAction\":[{\"@type\":\"ReadAction\",\"target\":[\"https:\\\/\\\/realidadempoderada.com\\\/es\\\/disenar-desde-la-aproximacion-de-los-mundos\\\/teoria\\\/\"]}]},{\"@type\":\"ImageObject\",\"inLanguage\":\"es\",\"@id\":\"https:\\\/\\\/realidadempoderada.com\\\/es\\\/disenar-desde-la-aproximacion-de-los-mundos\\\/teoria\\\/#primaryimage\",\"url\":\"https:\\\/\\\/realidadempoderada.com\\\/wp-content\\\/uploads\\\/2021\\\/09\\\/2.jpg\",\"contentUrl\":\"https:\\\/\\\/realidadempoderada.com\\\/wp-content\\\/uploads\\\/2021\\\/09\\\/2.jpg\",\"width\":1200,\"height\":675},{\"@type\":\"BreadcrumbList\",\"@id\":\"https:\\\/\\\/realidadempoderada.com\\\/es\\\/disenar-desde-la-aproximacion-de-los-mundos\\\/teoria\\\/#breadcrumb\",\"itemListElement\":[{\"@type\":\"ListItem\",\"position\":1,\"name\":\"Portada\",\"item\":\"https:\\\/\\\/realidadempoderada.com\\\/es\\\/\"},{\"@type\":\"ListItem\",\"position\":2,\"name\":\"Dise\u00f1ar desde la aproximaci\u00f3n de los mundos\"}]},{\"@type\":\"WebSite\",\"@id\":\"https:\\\/\\\/realidadempoderada.com\\\/es\\\/#website\",\"url\":\"https:\\\/\\\/realidadempoderada.com\\\/es\\\/\",\"name\":\"Realidad Empoderada\",\"description\":\"\u2026 de la realidad virtual a la solidaridad\",\"publisher\":{\"@id\":\"https:\\\/\\\/realidadempoderada.com\\\/es\\\/#organization\"},\"potentialAction\":[{\"@type\":\"SearchAction\",\"target\":{\"@type\":\"EntryPoint\",\"urlTemplate\":\"https:\\\/\\\/realidadempoderada.com\\\/es\\\/?s={search_term_string}\"},\"query-input\":{\"@type\":\"PropertyValueSpecification\",\"valueRequired\":true,\"valueName\":\"search_term_string\"}}],\"inLanguage\":\"es\"},{\"@type\":\"Organization\",\"@id\":\"https:\\\/\\\/realidadempoderada.com\\\/es\\\/#organization\",\"name\":\"Realidad Empoderada\",\"url\":\"https:\\\/\\\/realidadempoderada.com\\\/es\\\/\",\"logo\":{\"@type\":\"ImageObject\",\"inLanguage\":\"es\",\"@id\":\"https:\\\/\\\/realidadempoderada.com\\\/es\\\/#\\\/schema\\\/logo\\\/image\\\/\",\"url\":\"https:\\\/\\\/realidadempoderada.com\\\/wp-content\\\/uploads\\\/2018\\\/04\\\/Manos.jpg\",\"contentUrl\":\"https:\\\/\\\/realidadempoderada.com\\\/wp-content\\\/uploads\\\/2018\\\/04\\\/Manos.jpg\",\"width\":300,\"height\":230,\"caption\":\"Realidad Empoderada\"},\"image\":{\"@id\":\"https:\\\/\\\/realidadempoderada.com\\\/es\\\/#\\\/schema\\\/logo\\\/image\\\/\"},\"sameAs\":[\"https:\\\/\\\/www.facebook.com\\\/RealidadEmpoderada\\\/\"]},{\"@type\":\"Person\",\"@id\":\"https:\\\/\\\/realidadempoderada.com\\\/es\\\/#\\\/schema\\\/person\\\/5f64e0b4e79aa7daa42e8a1a46233aa9\",\"name\":\"Isaac Amarilla\",\"image\":{\"@type\":\"ImageObject\",\"inLanguage\":\"es\",\"@id\":\"https:\\\/\\\/realidadempoderada.com\\\/wp-content\\\/uploads\\\/2021\\\/07\\\/Issac-96x96.jpg\",\"url\":\"https:\\\/\\\/realidadempoderada.com\\\/wp-content\\\/uploads\\\/2021\\\/07\\\/Issac-96x96.jpg\",\"contentUrl\":\"https:\\\/\\\/realidadempoderada.com\\\/wp-content\\\/uploads\\\/2021\\\/07\\\/Issac-96x96.jpg\",\"caption\":\"Isaac Amarilla\"},\"description\":\"Estudios en Teolog\u00eda pastoral; M\u00e1ster en estudios b\u00edblicos y teol\u00f3gicos; Tecnolog\u00eda en An\u00e1lisis de Sistemas. Licenciado en letras. Colaborador de Realidad Empoderada y TECNOLOGIA HUMANIZADA. Asociado de Solidaridad Transformadora en Movimiento Simple Asociaci\u00f3n\",\"sameAs\":[\"https:\\\/\\\/www.facebook.com\\\/isaac.amarilla.1\\\/\",\"https:\\\/\\\/www.instagram.com\\\/ay.saac\\\/?hl=es\"],\"url\":\"https:\\\/\\\/realidadempoderada.com\\\/es\\\/author\\\/issacamarilla\\\/\"}]}<\/script>\n<!-- \/ Yoast SEO plugin. -->","yoast_head_json":{"title":"Dise\u00f1ar desde la aproximaci\u00f3n de los mundos - Realidad Empoderada","description":"El dise\u00f1o y desarrollo de software no colonizador surge del contacto con el mundo del marginado y sus necesidades por la Justicia.","robots":{"index":"index","follow":"follow","max-snippet":"max-snippet:-1","max-image-preview":"max-image-preview:large","max-video-preview":"max-video-preview:-1"},"canonical":"https:\/\/realidadempoderada.com\/es\/disenar-desde-la-aproximacion-de-los-mundos\/teoria\/","og_locale":"es_ES","og_type":"article","og_title":"Dise\u00f1ar desde la aproximaci\u00f3n de los mundos - Realidad Empoderada","og_description":"El dise\u00f1o y desarrollo de software no colonizador surge del contacto con el mundo del marginado y sus necesidades por la Justicia.","og_url":"https:\/\/realidadempoderada.com\/es\/disenar-desde-la-aproximacion-de-los-mundos\/teoria\/","og_site_name":"Realidad Empoderada","article_publisher":"https:\/\/www.facebook.com\/RealidadEmpoderada\/","article_author":"https:\/\/www.facebook.com\/isaac.amarilla.1\/","article_published_time":"2021-09-07T01:38:06+00:00","article_modified_time":"2026-04-02T21:33:54+00:00","og_image":[{"width":1200,"height":675,"url":"https:\/\/realidadempoderada.com\/wp-content\/uploads\/2021\/09\/2.jpg","type":"image\/jpeg"}],"author":"Isaac Amarilla","twitter_card":"summary_large_image","twitter_misc":{"Escrito por":"Isaac Amarilla","Tiempo de lectura":"5 minutos"},"schema":{"@context":"https:\/\/schema.org","@graph":[{"@type":"Article","@id":"https:\/\/realidadempoderada.com\/es\/disenar-desde-la-aproximacion-de-los-mundos\/teoria\/#article","isPartOf":{"@id":"https:\/\/realidadempoderada.com\/es\/disenar-desde-la-aproximacion-de-los-mundos\/teoria\/"},"author":{"name":"Isaac Amarilla","@id":"https:\/\/realidadempoderada.com\/es\/#\/schema\/person\/5f64e0b4e79aa7daa42e8a1a46233aa9"},"headline":"Dise\u00f1ar desde la aproximaci\u00f3n de los mundos","datePublished":"2021-09-07T01:38:06+00:00","dateModified":"2026-04-02T21:33:54+00:00","mainEntityOfPage":{"@id":"https:\/\/realidadempoderada.com\/es\/disenar-desde-la-aproximacion-de-los-mundos\/teoria\/"},"wordCount":991,"commentCount":0,"publisher":{"@id":"https:\/\/realidadempoderada.com\/es\/#organization"},"image":{"@id":"https:\/\/realidadempoderada.com\/es\/disenar-desde-la-aproximacion-de-los-mundos\/teoria\/#primaryimage"},"thumbnailUrl":"https:\/\/realidadempoderada.com\/wp-content\/uploads\/2021\/09\/2.jpg","keywords":["Algoritmo no colonizador","dise\u00f1o gr\u00e1fico","OTRO MUNDO ES POSIBLE","Realidad Empoderada"],"articleSection":["Teor\u00eda"],"inLanguage":"es","potentialAction":[{"@type":"CommentAction","name":"Comment","target":["https:\/\/realidadempoderada.com\/es\/disenar-desde-la-aproximacion-de-los-mundos\/teoria\/#respond"]}]},{"@type":"WebPage","@id":"https:\/\/realidadempoderada.com\/es\/disenar-desde-la-aproximacion-de-los-mundos\/teoria\/","url":"https:\/\/realidadempoderada.com\/es\/disenar-desde-la-aproximacion-de-los-mundos\/teoria\/","name":"Dise\u00f1ar desde la aproximaci\u00f3n de los mundos - Realidad Empoderada","isPartOf":{"@id":"https:\/\/realidadempoderada.com\/es\/#website"},"primaryImageOfPage":{"@id":"https:\/\/realidadempoderada.com\/es\/disenar-desde-la-aproximacion-de-los-mundos\/teoria\/#primaryimage"},"image":{"@id":"https:\/\/realidadempoderada.com\/es\/disenar-desde-la-aproximacion-de-los-mundos\/teoria\/#primaryimage"},"thumbnailUrl":"https:\/\/realidadempoderada.com\/wp-content\/uploads\/2021\/09\/2.jpg","datePublished":"2021-09-07T01:38:06+00:00","dateModified":"2026-04-02T21:33:54+00:00","description":"El dise\u00f1o y desarrollo de software no colonizador surge del contacto con el mundo del marginado y sus necesidades por la Justicia.","breadcrumb":{"@id":"https:\/\/realidadempoderada.com\/es\/disenar-desde-la-aproximacion-de-los-mundos\/teoria\/#breadcrumb"},"inLanguage":"es","potentialAction":[{"@type":"ReadAction","target":["https:\/\/realidadempoderada.com\/es\/disenar-desde-la-aproximacion-de-los-mundos\/teoria\/"]}]},{"@type":"ImageObject","inLanguage":"es","@id":"https:\/\/realidadempoderada.com\/es\/disenar-desde-la-aproximacion-de-los-mundos\/teoria\/#primaryimage","url":"https:\/\/realidadempoderada.com\/wp-content\/uploads\/2021\/09\/2.jpg","contentUrl":"https:\/\/realidadempoderada.com\/wp-content\/uploads\/2021\/09\/2.jpg","width":1200,"height":675},{"@type":"BreadcrumbList","@id":"https:\/\/realidadempoderada.com\/es\/disenar-desde-la-aproximacion-de-los-mundos\/teoria\/#breadcrumb","itemListElement":[{"@type":"ListItem","position":1,"name":"Portada","item":"https:\/\/realidadempoderada.com\/es\/"},{"@type":"ListItem","position":2,"name":"Dise\u00f1ar desde la aproximaci\u00f3n de los mundos"}]},{"@type":"WebSite","@id":"https:\/\/realidadempoderada.com\/es\/#website","url":"https:\/\/realidadempoderada.com\/es\/","name":"Realidad Empoderada","description":"\u2026 de la realidad virtual a la solidaridad","publisher":{"@id":"https:\/\/realidadempoderada.com\/es\/#organization"},"potentialAction":[{"@type":"SearchAction","target":{"@type":"EntryPoint","urlTemplate":"https:\/\/realidadempoderada.com\/es\/?s={search_term_string}"},"query-input":{"@type":"PropertyValueSpecification","valueRequired":true,"valueName":"search_term_string"}}],"inLanguage":"es"},{"@type":"Organization","@id":"https:\/\/realidadempoderada.com\/es\/#organization","name":"Realidad Empoderada","url":"https:\/\/realidadempoderada.com\/es\/","logo":{"@type":"ImageObject","inLanguage":"es","@id":"https:\/\/realidadempoderada.com\/es\/#\/schema\/logo\/image\/","url":"https:\/\/realidadempoderada.com\/wp-content\/uploads\/2018\/04\/Manos.jpg","contentUrl":"https:\/\/realidadempoderada.com\/wp-content\/uploads\/2018\/04\/Manos.jpg","width":300,"height":230,"caption":"Realidad Empoderada"},"image":{"@id":"https:\/\/realidadempoderada.com\/es\/#\/schema\/logo\/image\/"},"sameAs":["https:\/\/www.facebook.com\/RealidadEmpoderada\/"]},{"@type":"Person","@id":"https:\/\/realidadempoderada.com\/es\/#\/schema\/person\/5f64e0b4e79aa7daa42e8a1a46233aa9","name":"Isaac Amarilla","image":{"@type":"ImageObject","inLanguage":"es","@id":"https:\/\/realidadempoderada.com\/wp-content\/uploads\/2021\/07\/Issac-96x96.jpg","url":"https:\/\/realidadempoderada.com\/wp-content\/uploads\/2021\/07\/Issac-96x96.jpg","contentUrl":"https:\/\/realidadempoderada.com\/wp-content\/uploads\/2021\/07\/Issac-96x96.jpg","caption":"Isaac Amarilla"},"description":"Estudios en Teolog\u00eda pastoral; M\u00e1ster en estudios b\u00edblicos y teol\u00f3gicos; Tecnolog\u00eda en An\u00e1lisis de Sistemas. Licenciado en letras. Colaborador de Realidad Empoderada y TECNOLOGIA HUMANIZADA. Asociado de Solidaridad Transformadora en Movimiento Simple Asociaci\u00f3n","sameAs":["https:\/\/www.facebook.com\/isaac.amarilla.1\/","https:\/\/www.instagram.com\/ay.saac\/?hl=es"],"url":"https:\/\/realidadempoderada.com\/es\/author\/issacamarilla\/"}]}},"jetpack_featured_media_url":"https:\/\/realidadempoderada.com\/wp-content\/uploads\/2021\/09\/2.jpg","jetpack_shortlink":"https:\/\/wp.me\/panXkF-lu","jetpack_sharing_enabled":true,"_links":{"self":[{"href":"https:\/\/realidadempoderada.com\/es\/wp-json\/wp\/v2\/posts\/1332","targetHints":{"allow":["GET"]}}],"collection":[{"href":"https:\/\/realidadempoderada.com\/es\/wp-json\/wp\/v2\/posts"}],"about":[{"href":"https:\/\/realidadempoderada.com\/es\/wp-json\/wp\/v2\/types\/post"}],"author":[{"embeddable":true,"href":"https:\/\/realidadempoderada.com\/es\/wp-json\/wp\/v2\/users\/17"}],"replies":[{"embeddable":true,"href":"https:\/\/realidadempoderada.com\/es\/wp-json\/wp\/v2\/comments?post=1332"}],"version-history":[{"count":14,"href":"https:\/\/realidadempoderada.com\/es\/wp-json\/wp\/v2\/posts\/1332\/revisions"}],"predecessor-version":[{"id":4020,"href":"https:\/\/realidadempoderada.com\/es\/wp-json\/wp\/v2\/posts\/1332\/revisions\/4020"}],"wp:featuredmedia":[{"embeddable":true,"href":"https:\/\/realidadempoderada.com\/es\/wp-json\/wp\/v2\/media\/1342"}],"wp:attachment":[{"href":"https:\/\/realidadempoderada.com\/es\/wp-json\/wp\/v2\/media?parent=1332"}],"wp:term":[{"taxonomy":"category","embeddable":true,"href":"https:\/\/realidadempoderada.com\/es\/wp-json\/wp\/v2\/categories?post=1332"},{"taxonomy":"post_tag","embeddable":true,"href":"https:\/\/realidadempoderada.com\/es\/wp-json\/wp\/v2\/tags?post=1332"}],"curies":[{"name":"wp","href":"https:\/\/api.w.org\/{rel}","templated":true}]}}