{"id":1450,"date":"2021-11-22T11:54:44","date_gmt":"2021-11-22T11:54:44","guid":{"rendered":"https:\/\/realidadempoderada.com\/?p=1450"},"modified":"2026-03-19T21:41:14","modified_gmt":"2026-03-20T00:41:14","slug":"carta-de-amor-y-libertad-en-la-amistad-con-el-necesitado","status":"publish","type":"post","link":"https:\/\/realidadempoderada.com\/es\/carta-de-amor-y-libertad-en-la-amistad-con-el-necesitado\/teoria\/","title":{"rendered":"Carta de amor y libertad en la amistad con el necesitado"},"content":{"rendered":"<blockquote><p>Quer\u00eda comentarte algo, que no s\u00e9 por qu\u00e9 pens\u00e9 anoche en dec\u00edrtelo. La salvaci\u00f3n es individual y comunitaria, no por medio del compromiso, sino a trav\u00e9s del amor. El amor es el que salva, el amor es el que nos permite escuchar a la otra persona y no juzgarla, acompa\u00f1arla en sus deseos y en sus perspectivas. Dejando de lado las ansiedades personales que se proyectan sobre el otro y limitan su libertad. Hay que darse la posibilidad de obligarse menos y amar m\u00e1s para poder ponerse en los ojos y en la realidad del otro para poder acompa\u00f1arle (Jugo Loco,Cuando los pobres nos llaman a la conversi\u00f3n, 2018, cap. VII)<\/p><\/blockquote>\n<p>Jugo Loco, <a href=\"https:\/\/humanizationoftechnology.com\/author\/gustavoautor\/\" target=\"_blank\" rel=\"noopener\">Gustavo<\/a>, nos cuenta que tras escribir esta reflexi\u00f3n y compartirla por primera vez en las redes, una mam\u00e1 de una amiga de la Familia de la calle, se molest\u00f3.<\/p>\n<p>Esta madre era una emprendedora con comercio propio y una situaci\u00f3n econ\u00f3mica sin necesidades. Sin embargo, a los catorce a\u00f1os, su hija decidi\u00f3 irse a la calle como consecuencia de los trastornos que la violencia familiar le hab\u00edan provocado durante su infancia.<\/p>\n<p>En la \u00e9poca en la que se desarrolla el relato, esta amiga de la Familia de la calle ten\u00eda 35 a\u00f1os y estaba intentando volver a vivir con su familia. Gustavo, con el fin de contenerla, la iba a visitar una vez a la semana y manten\u00eda con ella algunas charlas en una cafeter\u00eda cercana a su casa.<\/p>\n<p>Lo que sucedi\u00f3 fue que cuando la madre ley\u00f3 el texto escrito y publicado por Gustavo en las redes, le contest\u00f3 reproch\u00e1ndole que ella respetaba la libertad de su hija y es que, las publicaciones en las redes como <em>Facebook,<\/em> al salir en el perfil de los amigos, a veces pueden parecer que est\u00e9n dirigidas a vos.<\/p>\n<p>Esto nos recuerda al cuento <strong><em>Canci\u00f3n de amor<\/em><\/strong> de <a href=\"https:\/\/es.wikipedia.org\/wiki\/Yibr%C3%A1n_Jalil_Yibr%C3%A1n\" target=\"_blank\" rel=\"noopener\">Gibr\u00e1n Jalil Gibr\u00e1n<\/a> que dice:<\/p>\n<blockquote><p>Cierta vez, un poeta escribi\u00f3 una hermosa canci\u00f3n de amor. E hizo muchas copias y las envi\u00f3 a sus amigos y conocidos, hombres y mujeres, y tambi\u00e9n a una joven a la que hab\u00eda visto tan s\u00f3lo una vez y que viv\u00eda m\u00e1s all\u00e1 de las monta\u00f1as. Y cuando pasaron dos o tres d\u00edas vino un mensajero de parte de la joven, trayendo una carta. Y la carta dec\u00eda:<\/p>\n<p style=\"padding-left: 40px;\">D\u00e9jame decirte que estoy profundamente conmovida por la canci\u00f3n de amor que escribiste para m\u00ed. Ven pronto y habla con mis padres para tratar los preparativos de la boda.<\/p>\n<p>Y el poeta respondi\u00f3, diciendo en su carta:<\/p>\n<p style=\"padding-left: 40px;\">Amiga m\u00eda, la canci\u00f3n que le envi\u00e9 no era sino una canci\u00f3n de amor brotada del coraz\u00f3n de un poeta, cantada por todo hombre y a cualquier mujer.<\/p>\n<p>Y ella le escribi\u00f3 a su vez, diciendo:<\/p>\n<p style=\"padding-left: 40px;\">\u00a1Hip\u00f3crita y mentiroso! \u00a1Desde hoy, hasta el d\u00eda en que me entierren, odiar\u00e9 a todos los poetas por su causa!<\/p>\n<\/blockquote>\n<p>Es com\u00fan que creamos que tanto muchos de los escritos y frases del libro como las \u00a0publicaciones en las redes de Gustavo, est\u00e9n dirigidos a vos. No obstante, hay que tener en cuenta que la vida nos pone en caminos solidarios o de cultivaci\u00f3n del amor que no se dejan condicionar ni por la praxis social ni por nuestra propia conciencia.<\/p>\n","protected":false},"excerpt":{"rendered":"<div class=\"mh-excerpt\">Quer\u00eda comentarte algo, que no s\u00e9 por qu\u00e9 pens\u00e9 anoche en dec\u00edrtelo. La salvaci\u00f3n es individual y comunitaria, no por medio del compromiso, sino a trav\u00e9s del amor. El amor es el que salva, el <a class=\"mh-excerpt-more\" href=\"https:\/\/realidadempoderada.com\/es\/carta-de-amor-y-libertad-en-la-amistad-con-el-necesitado\/teoria\/\" title=\"Carta de amor y libertad en la amistad con el necesitado\">[&#8230;]<\/a><\/div>\n","protected":false},"author":20,"featured_media":1452,"comment_status":"open","ping_status":"open","sticky":false,"template":"","format":"standard","meta":{"_crdt_document":"","jetpack_post_was_ever_published":false,"_jetpack_newsletter_access":"","_jetpack_dont_email_post_to_subs":false,"_jetpack_newsletter_tier_id":0,"_jetpack_memberships_contains_paywalled_content":false,"_jetpack_memberships_contains_paid_content":false,"footnotes":""},"categories":[19],"tags":[23,92],"class_list":{"0":"post-1450","1":"post","2":"type-post","3":"status-publish","4":"format-standard","5":"has-post-thumbnail","7":"category-teoria","8":"tag-indigente","9":"tag-marginalidad"},"yoast_head":"<!-- This site is optimized with the Yoast SEO plugin v27.5 - https:\/\/yoast.com\/product\/yoast-seo-wordpress\/ -->\n<title>Carta de amor y libertad en la amistad con el necesitado - Realidad Empoderada<\/title>\n<meta name=\"description\" content=\"La salvaci\u00f3n es individual y comunitaria, no por medio del compromiso, sino a trav\u00e9s del amor. El amor es el que salva, el amor es el que nos permite escuchar a la otra persona y no juzgarla, acompa\u00f1arla en sus deseos y en sus perspectivas.\" \/>\n<meta name=\"robots\" content=\"index, follow, max-snippet:-1, max-image-preview:large, max-video-preview:-1\" \/>\n<link rel=\"canonical\" href=\"https:\/\/realidadempoderada.com\/es\/carta-de-amor-y-libertad-en-la-amistad-con-el-necesitado\/teoria\/\" \/>\n<meta property=\"og:locale\" content=\"es_ES\" \/>\n<meta property=\"og:type\" content=\"article\" \/>\n<meta property=\"og:title\" content=\"Carta de amor y libertad en la amistad con el necesitado - Realidad Empoderada\" \/>\n<meta property=\"og:description\" content=\"La salvaci\u00f3n es individual y comunitaria, no por medio del compromiso, sino a trav\u00e9s del amor. El amor es el que salva, el amor es el que nos permite escuchar a la otra persona y no juzgarla, acompa\u00f1arla en sus deseos y en sus perspectivas.\" \/>\n<meta property=\"og:url\" content=\"https:\/\/realidadempoderada.com\/es\/carta-de-amor-y-libertad-en-la-amistad-con-el-necesitado\/teoria\/\" \/>\n<meta property=\"og:site_name\" content=\"Realidad Empoderada\" \/>\n<meta property=\"article:publisher\" content=\"https:\/\/www.facebook.com\/RealidadEmpoderada\/\" \/>\n<meta property=\"article:published_time\" content=\"2021-11-22T11:54:44+00:00\" \/>\n<meta property=\"article:modified_time\" content=\"2026-03-20T00:41:14+00:00\" \/>\n<meta property=\"og:image\" content=\"https:\/\/realidadempoderada.com\/wp-content\/uploads\/2021\/11\/Panki.jpg\" \/>\n\t<meta property=\"og:image:width\" content=\"1275\" \/>\n\t<meta property=\"og:image:height\" content=\"717\" \/>\n\t<meta property=\"og:image:type\" content=\"image\/jpeg\" \/>\n<meta name=\"author\" content=\"Mar\u00eda Maza\" \/>\n<meta name=\"twitter:card\" content=\"summary_large_image\" \/>\n<meta name=\"twitter:label1\" content=\"Escrito por\" \/>\n\t<meta name=\"twitter:data1\" content=\"Mar\u00eda Maza\" \/>\n\t<meta name=\"twitter:label2\" content=\"Tiempo de lectura\" \/>\n\t<meta name=\"twitter:data2\" content=\"2 minutos\" \/>\n<script type=\"application\/ld+json\" class=\"yoast-schema-graph\">{\"@context\":\"https:\\\/\\\/schema.org\",\"@graph\":[{\"@type\":\"Article\",\"@id\":\"https:\\\/\\\/realidadempoderada.com\\\/es\\\/carta-de-amor-y-libertad-en-la-amistad-con-el-necesitado\\\/teoria\\\/#article\",\"isPartOf\":{\"@id\":\"https:\\\/\\\/realidadempoderada.com\\\/es\\\/carta-de-amor-y-libertad-en-la-amistad-con-el-necesitado\\\/teoria\\\/\"},\"author\":{\"name\":\"Mar\u00eda Maza\",\"@id\":\"https:\\\/\\\/realidadempoderada.com\\\/es\\\/#\\\/schema\\\/person\\\/705a5bfaccef51eee8440320a992d7bb\"},\"headline\":\"Carta de amor y libertad en la amistad con el necesitado\",\"datePublished\":\"2021-11-22T11:54:44+00:00\",\"dateModified\":\"2026-03-20T00:41:14+00:00\",\"mainEntityOfPage\":{\"@id\":\"https:\\\/\\\/realidadempoderada.com\\\/es\\\/carta-de-amor-y-libertad-en-la-amistad-con-el-necesitado\\\/teoria\\\/\"},\"wordCount\":588,\"commentCount\":0,\"publisher\":{\"@id\":\"https:\\\/\\\/realidadempoderada.com\\\/es\\\/#organization\"},\"image\":{\"@id\":\"https:\\\/\\\/realidadempoderada.com\\\/es\\\/carta-de-amor-y-libertad-en-la-amistad-con-el-necesitado\\\/teoria\\\/#primaryimage\"},\"thumbnailUrl\":\"https:\\\/\\\/realidadempoderada.com\\\/wp-content\\\/uploads\\\/2021\\\/11\\\/Panki.jpg\",\"keywords\":[\"indigente\",\"Marginalidad\"],\"articleSection\":[\"Teor\u00eda\"],\"inLanguage\":\"es\",\"potentialAction\":[{\"@type\":\"CommentAction\",\"name\":\"Comment\",\"target\":[\"https:\\\/\\\/realidadempoderada.com\\\/es\\\/carta-de-amor-y-libertad-en-la-amistad-con-el-necesitado\\\/teoria\\\/#respond\"]}]},{\"@type\":\"WebPage\",\"@id\":\"https:\\\/\\\/realidadempoderada.com\\\/es\\\/carta-de-amor-y-libertad-en-la-amistad-con-el-necesitado\\\/teoria\\\/\",\"url\":\"https:\\\/\\\/realidadempoderada.com\\\/es\\\/carta-de-amor-y-libertad-en-la-amistad-con-el-necesitado\\\/teoria\\\/\",\"name\":\"Carta de amor y libertad en la amistad con el necesitado - Realidad Empoderada\",\"isPartOf\":{\"@id\":\"https:\\\/\\\/realidadempoderada.com\\\/es\\\/#website\"},\"primaryImageOfPage\":{\"@id\":\"https:\\\/\\\/realidadempoderada.com\\\/es\\\/carta-de-amor-y-libertad-en-la-amistad-con-el-necesitado\\\/teoria\\\/#primaryimage\"},\"image\":{\"@id\":\"https:\\\/\\\/realidadempoderada.com\\\/es\\\/carta-de-amor-y-libertad-en-la-amistad-con-el-necesitado\\\/teoria\\\/#primaryimage\"},\"thumbnailUrl\":\"https:\\\/\\\/realidadempoderada.com\\\/wp-content\\\/uploads\\\/2021\\\/11\\\/Panki.jpg\",\"datePublished\":\"2021-11-22T11:54:44+00:00\",\"dateModified\":\"2026-03-20T00:41:14+00:00\",\"description\":\"La salvaci\u00f3n es individual y comunitaria, no por medio del compromiso, sino a trav\u00e9s del amor. El amor es el que salva, el amor es el que nos permite escuchar a la otra persona y no juzgarla, acompa\u00f1arla en sus deseos y en sus perspectivas.\",\"breadcrumb\":{\"@id\":\"https:\\\/\\\/realidadempoderada.com\\\/es\\\/carta-de-amor-y-libertad-en-la-amistad-con-el-necesitado\\\/teoria\\\/#breadcrumb\"},\"inLanguage\":\"es\",\"potentialAction\":[{\"@type\":\"ReadAction\",\"target\":[\"https:\\\/\\\/realidadempoderada.com\\\/es\\\/carta-de-amor-y-libertad-en-la-amistad-con-el-necesitado\\\/teoria\\\/\"]}]},{\"@type\":\"ImageObject\",\"inLanguage\":\"es\",\"@id\":\"https:\\\/\\\/realidadempoderada.com\\\/es\\\/carta-de-amor-y-libertad-en-la-amistad-con-el-necesitado\\\/teoria\\\/#primaryimage\",\"url\":\"https:\\\/\\\/realidadempoderada.com\\\/wp-content\\\/uploads\\\/2021\\\/11\\\/Panki.jpg\",\"contentUrl\":\"https:\\\/\\\/realidadempoderada.com\\\/wp-content\\\/uploads\\\/2021\\\/11\\\/Panki.jpg\",\"width\":1275,\"height\":717},{\"@type\":\"BreadcrumbList\",\"@id\":\"https:\\\/\\\/realidadempoderada.com\\\/es\\\/carta-de-amor-y-libertad-en-la-amistad-con-el-necesitado\\\/teoria\\\/#breadcrumb\",\"itemListElement\":[{\"@type\":\"ListItem\",\"position\":1,\"name\":\"Portada\",\"item\":\"https:\\\/\\\/realidadempoderada.com\\\/es\\\/\"},{\"@type\":\"ListItem\",\"position\":2,\"name\":\"Carta de amor y libertad en la amistad con el necesitado\"}]},{\"@type\":\"WebSite\",\"@id\":\"https:\\\/\\\/realidadempoderada.com\\\/es\\\/#website\",\"url\":\"https:\\\/\\\/realidadempoderada.com\\\/es\\\/\",\"name\":\"Realidad Empoderada\",\"description\":\"\u2026 de la realidad virtual a la solidaridad\",\"publisher\":{\"@id\":\"https:\\\/\\\/realidadempoderada.com\\\/es\\\/#organization\"},\"potentialAction\":[{\"@type\":\"SearchAction\",\"target\":{\"@type\":\"EntryPoint\",\"urlTemplate\":\"https:\\\/\\\/realidadempoderada.com\\\/es\\\/?s={search_term_string}\"},\"query-input\":{\"@type\":\"PropertyValueSpecification\",\"valueRequired\":true,\"valueName\":\"search_term_string\"}}],\"inLanguage\":\"es\"},{\"@type\":\"Organization\",\"@id\":\"https:\\\/\\\/realidadempoderada.com\\\/es\\\/#organization\",\"name\":\"Realidad Empoderada\",\"url\":\"https:\\\/\\\/realidadempoderada.com\\\/es\\\/\",\"logo\":{\"@type\":\"ImageObject\",\"inLanguage\":\"es\",\"@id\":\"https:\\\/\\\/realidadempoderada.com\\\/es\\\/#\\\/schema\\\/logo\\\/image\\\/\",\"url\":\"https:\\\/\\\/realidadempoderada.com\\\/wp-content\\\/uploads\\\/2018\\\/04\\\/Manos.jpg\",\"contentUrl\":\"https:\\\/\\\/realidadempoderada.com\\\/wp-content\\\/uploads\\\/2018\\\/04\\\/Manos.jpg\",\"width\":300,\"height\":230,\"caption\":\"Realidad Empoderada\"},\"image\":{\"@id\":\"https:\\\/\\\/realidadempoderada.com\\\/es\\\/#\\\/schema\\\/logo\\\/image\\\/\"},\"sameAs\":[\"https:\\\/\\\/www.facebook.com\\\/RealidadEmpoderada\\\/\"]},{\"@type\":\"Person\",\"@id\":\"https:\\\/\\\/realidadempoderada.com\\\/es\\\/#\\\/schema\\\/person\\\/705a5bfaccef51eee8440320a992d7bb\",\"name\":\"Mar\u00eda Maza\",\"image\":{\"@type\":\"ImageObject\",\"inLanguage\":\"es\",\"@id\":\"https:\\\/\\\/realidadempoderada.com\\\/wp-content\\\/uploads\\\/2021\\\/11\\\/maria-96x96.jpg\",\"url\":\"https:\\\/\\\/realidadempoderada.com\\\/wp-content\\\/uploads\\\/2021\\\/11\\\/maria-96x96.jpg\",\"contentUrl\":\"https:\\\/\\\/realidadempoderada.com\\\/wp-content\\\/uploads\\\/2021\\\/11\\\/maria-96x96.jpg\",\"caption\":\"Mar\u00eda Maza\"},\"description\":\"Traductora y correctora (EN;FR;DE&gt;ES) comprometida con la lucha social y la discriminaci\u00f3n de minor\u00edas. Colaboradora voluntaria de Realidad Empoderada.\",\"sameAs\":[\"linkedin.com\\\/in\\\/mariamazacayon\"],\"url\":\"https:\\\/\\\/realidadempoderada.com\\\/es\\\/author\\\/mariamaza\\\/\"}]}<\/script>\n<!-- \/ Yoast SEO plugin. -->","yoast_head_json":{"title":"Carta de amor y libertad en la amistad con el necesitado - Realidad Empoderada","description":"La salvaci\u00f3n es individual y comunitaria, no por medio del compromiso, sino a trav\u00e9s del amor. El amor es el que salva, el amor es el que nos permite escuchar a la otra persona y no juzgarla, acompa\u00f1arla en sus deseos y en sus perspectivas.","robots":{"index":"index","follow":"follow","max-snippet":"max-snippet:-1","max-image-preview":"max-image-preview:large","max-video-preview":"max-video-preview:-1"},"canonical":"https:\/\/realidadempoderada.com\/es\/carta-de-amor-y-libertad-en-la-amistad-con-el-necesitado\/teoria\/","og_locale":"es_ES","og_type":"article","og_title":"Carta de amor y libertad en la amistad con el necesitado - Realidad Empoderada","og_description":"La salvaci\u00f3n es individual y comunitaria, no por medio del compromiso, sino a trav\u00e9s del amor. El amor es el que salva, el amor es el que nos permite escuchar a la otra persona y no juzgarla, acompa\u00f1arla en sus deseos y en sus perspectivas.","og_url":"https:\/\/realidadempoderada.com\/es\/carta-de-amor-y-libertad-en-la-amistad-con-el-necesitado\/teoria\/","og_site_name":"Realidad Empoderada","article_publisher":"https:\/\/www.facebook.com\/RealidadEmpoderada\/","article_published_time":"2021-11-22T11:54:44+00:00","article_modified_time":"2026-03-20T00:41:14+00:00","og_image":[{"width":1275,"height":717,"url":"https:\/\/realidadempoderada.com\/wp-content\/uploads\/2021\/11\/Panki.jpg","type":"image\/jpeg"}],"author":"Mar\u00eda Maza","twitter_card":"summary_large_image","twitter_misc":{"Escrito por":"Mar\u00eda Maza","Tiempo de lectura":"2 minutos"},"schema":{"@context":"https:\/\/schema.org","@graph":[{"@type":"Article","@id":"https:\/\/realidadempoderada.com\/es\/carta-de-amor-y-libertad-en-la-amistad-con-el-necesitado\/teoria\/#article","isPartOf":{"@id":"https:\/\/realidadempoderada.com\/es\/carta-de-amor-y-libertad-en-la-amistad-con-el-necesitado\/teoria\/"},"author":{"name":"Mar\u00eda Maza","@id":"https:\/\/realidadempoderada.com\/es\/#\/schema\/person\/705a5bfaccef51eee8440320a992d7bb"},"headline":"Carta de amor y libertad en la amistad con el necesitado","datePublished":"2021-11-22T11:54:44+00:00","dateModified":"2026-03-20T00:41:14+00:00","mainEntityOfPage":{"@id":"https:\/\/realidadempoderada.com\/es\/carta-de-amor-y-libertad-en-la-amistad-con-el-necesitado\/teoria\/"},"wordCount":588,"commentCount":0,"publisher":{"@id":"https:\/\/realidadempoderada.com\/es\/#organization"},"image":{"@id":"https:\/\/realidadempoderada.com\/es\/carta-de-amor-y-libertad-en-la-amistad-con-el-necesitado\/teoria\/#primaryimage"},"thumbnailUrl":"https:\/\/realidadempoderada.com\/wp-content\/uploads\/2021\/11\/Panki.jpg","keywords":["indigente","Marginalidad"],"articleSection":["Teor\u00eda"],"inLanguage":"es","potentialAction":[{"@type":"CommentAction","name":"Comment","target":["https:\/\/realidadempoderada.com\/es\/carta-de-amor-y-libertad-en-la-amistad-con-el-necesitado\/teoria\/#respond"]}]},{"@type":"WebPage","@id":"https:\/\/realidadempoderada.com\/es\/carta-de-amor-y-libertad-en-la-amistad-con-el-necesitado\/teoria\/","url":"https:\/\/realidadempoderada.com\/es\/carta-de-amor-y-libertad-en-la-amistad-con-el-necesitado\/teoria\/","name":"Carta de amor y libertad en la amistad con el necesitado - Realidad Empoderada","isPartOf":{"@id":"https:\/\/realidadempoderada.com\/es\/#website"},"primaryImageOfPage":{"@id":"https:\/\/realidadempoderada.com\/es\/carta-de-amor-y-libertad-en-la-amistad-con-el-necesitado\/teoria\/#primaryimage"},"image":{"@id":"https:\/\/realidadempoderada.com\/es\/carta-de-amor-y-libertad-en-la-amistad-con-el-necesitado\/teoria\/#primaryimage"},"thumbnailUrl":"https:\/\/realidadempoderada.com\/wp-content\/uploads\/2021\/11\/Panki.jpg","datePublished":"2021-11-22T11:54:44+00:00","dateModified":"2026-03-20T00:41:14+00:00","description":"La salvaci\u00f3n es individual y comunitaria, no por medio del compromiso, sino a trav\u00e9s del amor. El amor es el que salva, el amor es el que nos permite escuchar a la otra persona y no juzgarla, acompa\u00f1arla en sus deseos y en sus perspectivas.","breadcrumb":{"@id":"https:\/\/realidadempoderada.com\/es\/carta-de-amor-y-libertad-en-la-amistad-con-el-necesitado\/teoria\/#breadcrumb"},"inLanguage":"es","potentialAction":[{"@type":"ReadAction","target":["https:\/\/realidadempoderada.com\/es\/carta-de-amor-y-libertad-en-la-amistad-con-el-necesitado\/teoria\/"]}]},{"@type":"ImageObject","inLanguage":"es","@id":"https:\/\/realidadempoderada.com\/es\/carta-de-amor-y-libertad-en-la-amistad-con-el-necesitado\/teoria\/#primaryimage","url":"https:\/\/realidadempoderada.com\/wp-content\/uploads\/2021\/11\/Panki.jpg","contentUrl":"https:\/\/realidadempoderada.com\/wp-content\/uploads\/2021\/11\/Panki.jpg","width":1275,"height":717},{"@type":"BreadcrumbList","@id":"https:\/\/realidadempoderada.com\/es\/carta-de-amor-y-libertad-en-la-amistad-con-el-necesitado\/teoria\/#breadcrumb","itemListElement":[{"@type":"ListItem","position":1,"name":"Portada","item":"https:\/\/realidadempoderada.com\/es\/"},{"@type":"ListItem","position":2,"name":"Carta de amor y libertad en la amistad con el necesitado"}]},{"@type":"WebSite","@id":"https:\/\/realidadempoderada.com\/es\/#website","url":"https:\/\/realidadempoderada.com\/es\/","name":"Realidad Empoderada","description":"\u2026 de la realidad virtual a la solidaridad","publisher":{"@id":"https:\/\/realidadempoderada.com\/es\/#organization"},"potentialAction":[{"@type":"SearchAction","target":{"@type":"EntryPoint","urlTemplate":"https:\/\/realidadempoderada.com\/es\/?s={search_term_string}"},"query-input":{"@type":"PropertyValueSpecification","valueRequired":true,"valueName":"search_term_string"}}],"inLanguage":"es"},{"@type":"Organization","@id":"https:\/\/realidadempoderada.com\/es\/#organization","name":"Realidad Empoderada","url":"https:\/\/realidadempoderada.com\/es\/","logo":{"@type":"ImageObject","inLanguage":"es","@id":"https:\/\/realidadempoderada.com\/es\/#\/schema\/logo\/image\/","url":"https:\/\/realidadempoderada.com\/wp-content\/uploads\/2018\/04\/Manos.jpg","contentUrl":"https:\/\/realidadempoderada.com\/wp-content\/uploads\/2018\/04\/Manos.jpg","width":300,"height":230,"caption":"Realidad Empoderada"},"image":{"@id":"https:\/\/realidadempoderada.com\/es\/#\/schema\/logo\/image\/"},"sameAs":["https:\/\/www.facebook.com\/RealidadEmpoderada\/"]},{"@type":"Person","@id":"https:\/\/realidadempoderada.com\/es\/#\/schema\/person\/705a5bfaccef51eee8440320a992d7bb","name":"Mar\u00eda Maza","image":{"@type":"ImageObject","inLanguage":"es","@id":"https:\/\/realidadempoderada.com\/wp-content\/uploads\/2021\/11\/maria-96x96.jpg","url":"https:\/\/realidadempoderada.com\/wp-content\/uploads\/2021\/11\/maria-96x96.jpg","contentUrl":"https:\/\/realidadempoderada.com\/wp-content\/uploads\/2021\/11\/maria-96x96.jpg","caption":"Mar\u00eda Maza"},"description":"Traductora y correctora (EN;FR;DE&gt;ES) comprometida con la lucha social y la discriminaci\u00f3n de minor\u00edas. Colaboradora voluntaria de Realidad Empoderada.","sameAs":["linkedin.com\/in\/mariamazacayon"],"url":"https:\/\/realidadempoderada.com\/es\/author\/mariamaza\/"}]}},"jetpack_featured_media_url":"https:\/\/realidadempoderada.com\/wp-content\/uploads\/2021\/11\/Panki.jpg","jetpack_shortlink":"https:\/\/wp.me\/panXkF-no","jetpack_sharing_enabled":true,"_links":{"self":[{"href":"https:\/\/realidadempoderada.com\/es\/wp-json\/wp\/v2\/posts\/1450","targetHints":{"allow":["GET"]}}],"collection":[{"href":"https:\/\/realidadempoderada.com\/es\/wp-json\/wp\/v2\/posts"}],"about":[{"href":"https:\/\/realidadempoderada.com\/es\/wp-json\/wp\/v2\/types\/post"}],"author":[{"embeddable":true,"href":"https:\/\/realidadempoderada.com\/es\/wp-json\/wp\/v2\/users\/20"}],"replies":[{"embeddable":true,"href":"https:\/\/realidadempoderada.com\/es\/wp-json\/wp\/v2\/comments?post=1450"}],"version-history":[{"count":3,"href":"https:\/\/realidadempoderada.com\/es\/wp-json\/wp\/v2\/posts\/1450\/revisions"}],"predecessor-version":[{"id":3855,"href":"https:\/\/realidadempoderada.com\/es\/wp-json\/wp\/v2\/posts\/1450\/revisions\/3855"}],"wp:featuredmedia":[{"embeddable":true,"href":"https:\/\/realidadempoderada.com\/es\/wp-json\/wp\/v2\/media\/1452"}],"wp:attachment":[{"href":"https:\/\/realidadempoderada.com\/es\/wp-json\/wp\/v2\/media?parent=1450"}],"wp:term":[{"taxonomy":"category","embeddable":true,"href":"https:\/\/realidadempoderada.com\/es\/wp-json\/wp\/v2\/categories?post=1450"},{"taxonomy":"post_tag","embeddable":true,"href":"https:\/\/realidadempoderada.com\/es\/wp-json\/wp\/v2\/tags?post=1450"}],"curies":[{"name":"wp","href":"https:\/\/api.w.org\/{rel}","templated":true}]}}