{"id":1563,"date":"2021-06-10T21:23:59","date_gmt":"2021-06-10T21:23:59","guid":{"rendered":"https:\/\/realidadempoderada.com\/?p=1563"},"modified":"2026-04-02T18:44:40","modified_gmt":"2026-04-02T21:44:40","slug":"realidad-empoderada-en-el-evento-ciclo-de-brasil-2020","status":"publish","type":"post","link":"https:\/\/realidadempoderada.com\/es\/realidad-empoderada-en-el-evento-ciclo-de-brasil-2020\/teoria\/","title":{"rendered":"Realidad Empoderada. Presentaci\u00f3n de la acci\u00f3n social Realidad Empoderada en portugu\u00e9s."},"content":{"rendered":"<p style=\"background: white; vertical-align: baseline;\"><span style=\"font-family: 'Arial','sans-serif'; color: black;\">El 19 de noviembre del 2020, se llev\u00f3 a cabo \u00abAcciones que sustentan la vida: Arte y Cultura en las calles\u00bb, un encuentro virtual donde se compartir\u00e1n historias, m\u00fasica, testimonios y di\u00e1logos, organizado entre el Open Program Workcenter de Jerzy Grotowski y Thomas Richards y el Brisa: Saraus Art\u00edstico Project, de Funcart.<\/span><b><\/b><\/p>\n<p style=\"background: white; vertical-align: baseline;\"><span style=\"font-family: 'Arial','sans-serif'; color: black;\">Dentro del evento, <a href=\"https:\/\/humanizationoftechnology.com\/author\/gustavoautor\/\" target=\"_blank\" rel=\"noopener\">Gustavo Reimondo<\/a> habl\u00f3 sobre la acci\u00f3n social Realidad Empoderada. A todos aquellos que entienden el portugu\u00e9s, invitamos a ver el video. <\/span><\/p>\n<h2 style=\"background: white; vertical-align: baseline;\"><b><span style=\"font-family: 'Arial','sans-serif';\">La Familia de la calle. <\/span><\/b><\/h2>\n<p style=\"background: white; vertical-align: baseline;\"><span style=\"font-family: 'Arial','sans-serif';\">Gustavo cuenta c\u00f3mo empez\u00f3 todo, desde la experiencia cercana y particular con las personas en situaci\u00f3n de calle. Tras las visitaciones, se fue estrechando una relaci\u00f3n con los miembros de dos ranchadas que conoci\u00f3, donde se le puso el nombre de calle: <strong>Jugo Loco<\/strong>. <\/span><\/p>\n<p style=\"background: white; vertical-align: baseline;\"><span style=\"font-family: 'Arial','sans-serif';\">Pero esta relaci\u00f3n se fue dando de manera lenta, progresiva, poco a poco. Cuando qued\u00f3 claro que las intenciones de Gustavo no eran proteccionistas, el grupo le fue haciendo parte de la familia, por ejemplo, al constituir un rol entre ellos. Esto es a lo que Gustavo se refiere como praxis social de acompa\u00f1amiento solidario. <\/span><\/p>\n<h2 style=\"background: white; vertical-align: baseline;\"><b><span style=\"font-family: 'Arial','sans-serif';\">Acompa\u00f1amiento solidario. <\/span><\/b><\/h2>\n<p style=\"background: white; vertical-align: baseline;\"><span style=\"font-family: 'Arial','sans-serif';\">La din\u00e1mica de esta forma de acercamiento no va desde el liderazgo o el paternalismo, tampoco es pretensiosamente asistencialista. Se trata de generar relaciones horizontales, de integrarse en el sistema y estar dentro, cercano a su realidad, a su cultura, a sus problemas, pero tambi\u00e9n a sus virtudes y bondades. La praxis solidaria y de acompa\u00f1amiento cercano a la familia de la calle no parte desde la b\u00fasqueda de beneficios propios. <\/span><\/p>\n<p style=\"background: white; vertical-align: baseline;\"><span style=\"font-family: 'Arial','sans-serif';\">En su momento, y por el inter\u00e9s del mismo grupo, se empez\u00f3 a dar talleres, estudios cr\u00edticos b\u00edblicos, o espacios de preguntas y respuestas a las dudas cotidianas que pudieran tener. <\/span><\/p>\n<h2 style=\"background: white; vertical-align: baseline;\"><b><span style=\"font-family: 'Arial','sans-serif';\">Realidad Empoderada. <\/span><\/b><\/h2>\n<p style=\"background: white; vertical-align: baseline;\"><span style=\"font-family: 'Arial','sans-serif';\">Al plantearse qu\u00e9 m\u00e1s se podr\u00eda hacer, Gustavo observa que este tipo de praxis social, no es muy practicado, ni conocido. En sus primeros a\u00f1os de trabajo con el acompa\u00f1amiento social, encontr\u00f3 que muchas personas que le apoyaban en estas actividades no duraron mucho y terminaron dej\u00e1ndolo, por diferentes razones. Al final, siempre terminaba haciendo las cosas solo. <\/span><\/p>\n<p style=\"background: white; vertical-align: baseline;\"><span style=\"font-family: 'Arial','sans-serif';\">Buscando una actitud que supere la actividad contemplativa, Gustavo busc\u00f3 un medio de generaci\u00f3n de transformaci\u00f3n social. De una manera diferente a la que trabajan las ONGs y organizaciones, Gustavo empieza a considerar una acci\u00f3n social, llamada posteriormente <a href=\"https:\/\/realidadempoderada.com\/es\/\" target=\"_blank\" rel=\"noopener\">Realidad Empoderada<\/a>. <\/span><\/p>\n<p style=\"background: white; vertical-align: baseline;\"><span style=\"font-family: 'Arial','sans-serif';\">Se trata de una idea particular y hermosa. Es un software dise\u00f1ado para permitir a las personas interesadas con el acompa\u00f1amiento social y solidario en un entorno virtual, siguiendo la metodolog\u00eda de simulaci\u00f3n del indigente en situaci\u00f3n de calle. Acercar a los curiosos y facilitar una primera experiencia para que luego puedan aplicarlo en sus entornos cercanos, barrios, vecindarios, etc.<\/span><\/p>\n<p style=\"background: white; vertical-align: baseline;\"><span style=\"font-family: 'Arial','sans-serif';\">La b\u00fasqueda de la transformaci\u00f3n social empieza por los miembros de esa misma sociedad. No se dar\u00e1 por la intervenci\u00f3n de grandes esfuerzos y proyectos solventes de grandes organizaciones globales. El cambio est\u00e1 potencialmente en manos de cada uno de los miembros del barrio. Son ellos los que deben cambiar su visi\u00f3n del mundo, y procurar un acercamiento solidario, que reconozca la persona humana detr\u00e1s de las condiciones, y estreche los lazos en una lucha por un mundo m\u00e1s justo. <\/span><\/p>\n<p style=\"text-align: center;\"><iframe loading=\"lazy\"  style=\"display: block; margin: 0px auto;\"  id=\"_ytid_91575\"  width=\"480\" height=\"270\"  data-origwidth=\"480\" data-origheight=\"270\" src=\"https:\/\/www.youtube.com\/embed\/mOZPrSxG0mQ?enablejsapi=1&autoplay=0&cc_load_policy=0&cc_lang_pref=&iv_load_policy=1&loop=0&rel=1&fs=1&playsinline=0&autohide=2&theme=dark&color=red&controls=1&disablekb=0&\" class=\"__youtube_prefs__  no-lazyload\" title=\"YouTube player\"  allow=\"fullscreen; accelerometer; autoplay; clipboard-write; encrypted-media; gyroscope; picture-in-picture; web-share\" referrerpolicy=\"strict-origin-when-cross-origin\" allowfullscreen data-no-lazy=\"1\" data-skipgform_ajax_framebjll=\"\"><\/iframe><\/p>\n","protected":false},"excerpt":{"rendered":"<div class=\"mh-excerpt\">El 19 de noviembre del 2020, se llev\u00f3 a cabo \u00abAcciones que sustentan la vida: Arte y Cultura en las calles\u00bb, un encuentro virtual donde se compartir\u00e1n historias, m\u00fasica, testimonios y di\u00e1logos, organizado entre el <a class=\"mh-excerpt-more\" href=\"https:\/\/realidadempoderada.com\/es\/realidad-empoderada-en-el-evento-ciclo-de-brasil-2020\/teoria\/\" title=\"Realidad Empoderada. Presentaci\u00f3n de la acci\u00f3n social Realidad Empoderada en portugu\u00e9s.\">[&#8230;]<\/a><\/div>\n","protected":false},"author":17,"featured_media":975,"comment_status":"open","ping_status":"open","sticky":false,"template":"","format":"standard","meta":{"_crdt_document":"","jetpack_post_was_ever_published":false,"_jetpack_newsletter_access":"","_jetpack_dont_email_post_to_subs":false,"_jetpack_newsletter_tier_id":0,"_jetpack_memberships_contains_paywalled_content":false,"_jetpack_memberships_contains_paid_content":false,"footnotes":""},"categories":[19],"tags":[],"class_list":{"0":"post-1563","1":"post","2":"type-post","3":"status-publish","4":"format-standard","5":"has-post-thumbnail","7":"category-teoria"},"yoast_head":"<!-- This site is optimized with the Yoast SEO plugin v27.4 - https:\/\/yoast.com\/product\/yoast-seo-wordpress\/ -->\n<title>Realidad Empoderada. Presentaci\u00f3n de la acci\u00f3n social Realidad Empoderada en portugu\u00e9s. - Realidad Empoderada<\/title>\n<meta name=\"description\" content=\"Presentaci\u00f3n del Proyecto Realidad Empoderada en el evento CICLO en Brazil\" \/>\n<meta name=\"robots\" content=\"index, follow, max-snippet:-1, max-image-preview:large, max-video-preview:-1\" \/>\n<link rel=\"canonical\" href=\"https:\/\/realidadempoderada.com\/es\/realidad-empoderada-en-el-evento-ciclo-de-brasil-2020\/teoria\/\" \/>\n<meta property=\"og:locale\" content=\"es_ES\" \/>\n<meta property=\"og:type\" content=\"article\" \/>\n<meta property=\"og:title\" content=\"Realidad Empoderada. Presentaci\u00f3n de la acci\u00f3n social Realidad Empoderada en portugu\u00e9s. - Realidad Empoderada\" \/>\n<meta property=\"og:description\" content=\"Presentaci\u00f3n del Proyecto Realidad Empoderada en el evento CICLO en Brazil\" \/>\n<meta property=\"og:url\" content=\"https:\/\/realidadempoderada.com\/es\/realidad-empoderada-en-el-evento-ciclo-de-brasil-2020\/teoria\/\" \/>\n<meta property=\"og:site_name\" content=\"Realidad Empoderada\" \/>\n<meta property=\"article:publisher\" content=\"https:\/\/www.facebook.com\/RealidadEmpoderada\/\" \/>\n<meta property=\"article:author\" content=\"https:\/\/www.facebook.com\/isaac.amarilla.1\/\" \/>\n<meta property=\"article:published_time\" content=\"2021-06-10T21:23:59+00:00\" \/>\n<meta property=\"article:modified_time\" content=\"2026-04-02T21:44:40+00:00\" \/>\n<meta property=\"og:image\" content=\"https:\/\/realidadempoderada.com\/wp-content\/uploads\/2020\/11\/RE1.jpg\" \/>\n\t<meta property=\"og:image:width\" content=\"1273\" \/>\n\t<meta property=\"og:image:height\" content=\"685\" \/>\n\t<meta property=\"og:image:type\" content=\"image\/jpeg\" \/>\n<meta name=\"author\" content=\"Isaac Amarilla\" \/>\n<meta name=\"twitter:card\" content=\"summary_large_image\" \/>\n<meta name=\"twitter:label1\" content=\"Escrito por\" \/>\n\t<meta name=\"twitter:data1\" content=\"Isaac Amarilla\" \/>\n\t<meta name=\"twitter:label2\" content=\"Tiempo de lectura\" \/>\n\t<meta name=\"twitter:data2\" content=\"3 minutos\" \/>\n<script type=\"application\/ld+json\" class=\"yoast-schema-graph\">{\"@context\":\"https:\\\/\\\/schema.org\",\"@graph\":[{\"@type\":\"Article\",\"@id\":\"https:\\\/\\\/realidadempoderada.com\\\/es\\\/realidad-empoderada-en-el-evento-ciclo-de-brasil-2020\\\/teoria\\\/#article\",\"isPartOf\":{\"@id\":\"https:\\\/\\\/realidadempoderada.com\\\/es\\\/realidad-empoderada-en-el-evento-ciclo-de-brasil-2020\\\/teoria\\\/\"},\"author\":{\"name\":\"Isaac Amarilla\",\"@id\":\"https:\\\/\\\/realidadempoderada.com\\\/es\\\/#\\\/schema\\\/person\\\/5f64e0b4e79aa7daa42e8a1a46233aa9\"},\"headline\":\"Realidad Empoderada. Presentaci\u00f3n de la acci\u00f3n social Realidad Empoderada en portugu\u00e9s.\",\"datePublished\":\"2021-06-10T21:23:59+00:00\",\"dateModified\":\"2026-04-02T21:44:40+00:00\",\"mainEntityOfPage\":{\"@id\":\"https:\\\/\\\/realidadempoderada.com\\\/es\\\/realidad-empoderada-en-el-evento-ciclo-de-brasil-2020\\\/teoria\\\/\"},\"wordCount\":584,\"commentCount\":0,\"publisher\":{\"@id\":\"https:\\\/\\\/realidadempoderada.com\\\/es\\\/#organization\"},\"image\":{\"@id\":\"https:\\\/\\\/realidadempoderada.com\\\/es\\\/realidad-empoderada-en-el-evento-ciclo-de-brasil-2020\\\/teoria\\\/#primaryimage\"},\"thumbnailUrl\":\"https:\\\/\\\/realidadempoderada.com\\\/wp-content\\\/uploads\\\/2020\\\/11\\\/RE1.jpg\",\"articleSection\":[\"Teor\u00eda\"],\"inLanguage\":\"es\",\"potentialAction\":[{\"@type\":\"CommentAction\",\"name\":\"Comment\",\"target\":[\"https:\\\/\\\/realidadempoderada.com\\\/es\\\/realidad-empoderada-en-el-evento-ciclo-de-brasil-2020\\\/teoria\\\/#respond\"]}]},{\"@type\":\"WebPage\",\"@id\":\"https:\\\/\\\/realidadempoderada.com\\\/es\\\/realidad-empoderada-en-el-evento-ciclo-de-brasil-2020\\\/teoria\\\/\",\"url\":\"https:\\\/\\\/realidadempoderada.com\\\/es\\\/realidad-empoderada-en-el-evento-ciclo-de-brasil-2020\\\/teoria\\\/\",\"name\":\"Realidad Empoderada. Presentaci\u00f3n de la acci\u00f3n social Realidad Empoderada en portugu\u00e9s. - Realidad Empoderada\",\"isPartOf\":{\"@id\":\"https:\\\/\\\/realidadempoderada.com\\\/es\\\/#website\"},\"primaryImageOfPage\":{\"@id\":\"https:\\\/\\\/realidadempoderada.com\\\/es\\\/realidad-empoderada-en-el-evento-ciclo-de-brasil-2020\\\/teoria\\\/#primaryimage\"},\"image\":{\"@id\":\"https:\\\/\\\/realidadempoderada.com\\\/es\\\/realidad-empoderada-en-el-evento-ciclo-de-brasil-2020\\\/teoria\\\/#primaryimage\"},\"thumbnailUrl\":\"https:\\\/\\\/realidadempoderada.com\\\/wp-content\\\/uploads\\\/2020\\\/11\\\/RE1.jpg\",\"datePublished\":\"2021-06-10T21:23:59+00:00\",\"dateModified\":\"2026-04-02T21:44:40+00:00\",\"description\":\"Presentaci\u00f3n del Proyecto Realidad Empoderada en el evento CICLO en Brazil\",\"breadcrumb\":{\"@id\":\"https:\\\/\\\/realidadempoderada.com\\\/es\\\/realidad-empoderada-en-el-evento-ciclo-de-brasil-2020\\\/teoria\\\/#breadcrumb\"},\"inLanguage\":\"es\",\"potentialAction\":[{\"@type\":\"ReadAction\",\"target\":[\"https:\\\/\\\/realidadempoderada.com\\\/es\\\/realidad-empoderada-en-el-evento-ciclo-de-brasil-2020\\\/teoria\\\/\"]}]},{\"@type\":\"ImageObject\",\"inLanguage\":\"es\",\"@id\":\"https:\\\/\\\/realidadempoderada.com\\\/es\\\/realidad-empoderada-en-el-evento-ciclo-de-brasil-2020\\\/teoria\\\/#primaryimage\",\"url\":\"https:\\\/\\\/realidadempoderada.com\\\/wp-content\\\/uploads\\\/2020\\\/11\\\/RE1.jpg\",\"contentUrl\":\"https:\\\/\\\/realidadempoderada.com\\\/wp-content\\\/uploads\\\/2020\\\/11\\\/RE1.jpg\",\"width\":1273,\"height\":685},{\"@type\":\"BreadcrumbList\",\"@id\":\"https:\\\/\\\/realidadempoderada.com\\\/es\\\/realidad-empoderada-en-el-evento-ciclo-de-brasil-2020\\\/teoria\\\/#breadcrumb\",\"itemListElement\":[{\"@type\":\"ListItem\",\"position\":1,\"name\":\"Portada\",\"item\":\"https:\\\/\\\/realidadempoderada.com\\\/es\\\/\"},{\"@type\":\"ListItem\",\"position\":2,\"name\":\"Realidad Empoderada. Presentaci\u00f3n de la acci\u00f3n social Realidad Empoderada en portugu\u00e9s.\"}]},{\"@type\":\"WebSite\",\"@id\":\"https:\\\/\\\/realidadempoderada.com\\\/es\\\/#website\",\"url\":\"https:\\\/\\\/realidadempoderada.com\\\/es\\\/\",\"name\":\"Realidad Empoderada\",\"description\":\"\u2026 de la realidad virtual a la solidaridad\",\"publisher\":{\"@id\":\"https:\\\/\\\/realidadempoderada.com\\\/es\\\/#organization\"},\"potentialAction\":[{\"@type\":\"SearchAction\",\"target\":{\"@type\":\"EntryPoint\",\"urlTemplate\":\"https:\\\/\\\/realidadempoderada.com\\\/es\\\/?s={search_term_string}\"},\"query-input\":{\"@type\":\"PropertyValueSpecification\",\"valueRequired\":true,\"valueName\":\"search_term_string\"}}],\"inLanguage\":\"es\"},{\"@type\":\"Organization\",\"@id\":\"https:\\\/\\\/realidadempoderada.com\\\/es\\\/#organization\",\"name\":\"Realidad Empoderada\",\"url\":\"https:\\\/\\\/realidadempoderada.com\\\/es\\\/\",\"logo\":{\"@type\":\"ImageObject\",\"inLanguage\":\"es\",\"@id\":\"https:\\\/\\\/realidadempoderada.com\\\/es\\\/#\\\/schema\\\/logo\\\/image\\\/\",\"url\":\"https:\\\/\\\/realidadempoderada.com\\\/wp-content\\\/uploads\\\/2018\\\/04\\\/Manos.jpg\",\"contentUrl\":\"https:\\\/\\\/realidadempoderada.com\\\/wp-content\\\/uploads\\\/2018\\\/04\\\/Manos.jpg\",\"width\":300,\"height\":230,\"caption\":\"Realidad Empoderada\"},\"image\":{\"@id\":\"https:\\\/\\\/realidadempoderada.com\\\/es\\\/#\\\/schema\\\/logo\\\/image\\\/\"},\"sameAs\":[\"https:\\\/\\\/www.facebook.com\\\/RealidadEmpoderada\\\/\"]},{\"@type\":\"Person\",\"@id\":\"https:\\\/\\\/realidadempoderada.com\\\/es\\\/#\\\/schema\\\/person\\\/5f64e0b4e79aa7daa42e8a1a46233aa9\",\"name\":\"Isaac Amarilla\",\"image\":{\"@type\":\"ImageObject\",\"inLanguage\":\"es\",\"@id\":\"https:\\\/\\\/realidadempoderada.com\\\/wp-content\\\/uploads\\\/2021\\\/07\\\/Issac-96x96.jpg\",\"url\":\"https:\\\/\\\/realidadempoderada.com\\\/wp-content\\\/uploads\\\/2021\\\/07\\\/Issac-96x96.jpg\",\"contentUrl\":\"https:\\\/\\\/realidadempoderada.com\\\/wp-content\\\/uploads\\\/2021\\\/07\\\/Issac-96x96.jpg\",\"caption\":\"Isaac Amarilla\"},\"description\":\"Estudios en Teolog\u00eda pastoral; M\u00e1ster en estudios b\u00edblicos y teol\u00f3gicos; Tecnolog\u00eda en An\u00e1lisis de Sistemas. Licenciado en letras. Colaborador de Realidad Empoderada y TECNOLOGIA HUMANIZADA. Asociado de Solidaridad Transformadora en Movimiento Simple Asociaci\u00f3n\",\"sameAs\":[\"https:\\\/\\\/www.facebook.com\\\/isaac.amarilla.1\\\/\",\"https:\\\/\\\/www.instagram.com\\\/ay.saac\\\/?hl=es\"],\"url\":\"https:\\\/\\\/realidadempoderada.com\\\/es\\\/author\\\/issacamarilla\\\/\"}]}<\/script>\n<!-- \/ Yoast SEO plugin. -->","yoast_head_json":{"title":"Realidad Empoderada. Presentaci\u00f3n de la acci\u00f3n social Realidad Empoderada en portugu\u00e9s. - Realidad Empoderada","description":"Presentaci\u00f3n del Proyecto Realidad Empoderada en el evento CICLO en Brazil","robots":{"index":"index","follow":"follow","max-snippet":"max-snippet:-1","max-image-preview":"max-image-preview:large","max-video-preview":"max-video-preview:-1"},"canonical":"https:\/\/realidadempoderada.com\/es\/realidad-empoderada-en-el-evento-ciclo-de-brasil-2020\/teoria\/","og_locale":"es_ES","og_type":"article","og_title":"Realidad Empoderada. Presentaci\u00f3n de la acci\u00f3n social Realidad Empoderada en portugu\u00e9s. - Realidad Empoderada","og_description":"Presentaci\u00f3n del Proyecto Realidad Empoderada en el evento CICLO en Brazil","og_url":"https:\/\/realidadempoderada.com\/es\/realidad-empoderada-en-el-evento-ciclo-de-brasil-2020\/teoria\/","og_site_name":"Realidad Empoderada","article_publisher":"https:\/\/www.facebook.com\/RealidadEmpoderada\/","article_author":"https:\/\/www.facebook.com\/isaac.amarilla.1\/","article_published_time":"2021-06-10T21:23:59+00:00","article_modified_time":"2026-04-02T21:44:40+00:00","og_image":[{"width":1273,"height":685,"url":"https:\/\/realidadempoderada.com\/wp-content\/uploads\/2020\/11\/RE1.jpg","type":"image\/jpeg"}],"author":"Isaac Amarilla","twitter_card":"summary_large_image","twitter_misc":{"Escrito por":"Isaac Amarilla","Tiempo de lectura":"3 minutos"},"schema":{"@context":"https:\/\/schema.org","@graph":[{"@type":"Article","@id":"https:\/\/realidadempoderada.com\/es\/realidad-empoderada-en-el-evento-ciclo-de-brasil-2020\/teoria\/#article","isPartOf":{"@id":"https:\/\/realidadempoderada.com\/es\/realidad-empoderada-en-el-evento-ciclo-de-brasil-2020\/teoria\/"},"author":{"name":"Isaac Amarilla","@id":"https:\/\/realidadempoderada.com\/es\/#\/schema\/person\/5f64e0b4e79aa7daa42e8a1a46233aa9"},"headline":"Realidad Empoderada. Presentaci\u00f3n de la acci\u00f3n social Realidad Empoderada en portugu\u00e9s.","datePublished":"2021-06-10T21:23:59+00:00","dateModified":"2026-04-02T21:44:40+00:00","mainEntityOfPage":{"@id":"https:\/\/realidadempoderada.com\/es\/realidad-empoderada-en-el-evento-ciclo-de-brasil-2020\/teoria\/"},"wordCount":584,"commentCount":0,"publisher":{"@id":"https:\/\/realidadempoderada.com\/es\/#organization"},"image":{"@id":"https:\/\/realidadempoderada.com\/es\/realidad-empoderada-en-el-evento-ciclo-de-brasil-2020\/teoria\/#primaryimage"},"thumbnailUrl":"https:\/\/realidadempoderada.com\/wp-content\/uploads\/2020\/11\/RE1.jpg","articleSection":["Teor\u00eda"],"inLanguage":"es","potentialAction":[{"@type":"CommentAction","name":"Comment","target":["https:\/\/realidadempoderada.com\/es\/realidad-empoderada-en-el-evento-ciclo-de-brasil-2020\/teoria\/#respond"]}]},{"@type":"WebPage","@id":"https:\/\/realidadempoderada.com\/es\/realidad-empoderada-en-el-evento-ciclo-de-brasil-2020\/teoria\/","url":"https:\/\/realidadempoderada.com\/es\/realidad-empoderada-en-el-evento-ciclo-de-brasil-2020\/teoria\/","name":"Realidad Empoderada. Presentaci\u00f3n de la acci\u00f3n social Realidad Empoderada en portugu\u00e9s. - Realidad Empoderada","isPartOf":{"@id":"https:\/\/realidadempoderada.com\/es\/#website"},"primaryImageOfPage":{"@id":"https:\/\/realidadempoderada.com\/es\/realidad-empoderada-en-el-evento-ciclo-de-brasil-2020\/teoria\/#primaryimage"},"image":{"@id":"https:\/\/realidadempoderada.com\/es\/realidad-empoderada-en-el-evento-ciclo-de-brasil-2020\/teoria\/#primaryimage"},"thumbnailUrl":"https:\/\/realidadempoderada.com\/wp-content\/uploads\/2020\/11\/RE1.jpg","datePublished":"2021-06-10T21:23:59+00:00","dateModified":"2026-04-02T21:44:40+00:00","description":"Presentaci\u00f3n del Proyecto Realidad Empoderada en el evento CICLO en Brazil","breadcrumb":{"@id":"https:\/\/realidadempoderada.com\/es\/realidad-empoderada-en-el-evento-ciclo-de-brasil-2020\/teoria\/#breadcrumb"},"inLanguage":"es","potentialAction":[{"@type":"ReadAction","target":["https:\/\/realidadempoderada.com\/es\/realidad-empoderada-en-el-evento-ciclo-de-brasil-2020\/teoria\/"]}]},{"@type":"ImageObject","inLanguage":"es","@id":"https:\/\/realidadempoderada.com\/es\/realidad-empoderada-en-el-evento-ciclo-de-brasil-2020\/teoria\/#primaryimage","url":"https:\/\/realidadempoderada.com\/wp-content\/uploads\/2020\/11\/RE1.jpg","contentUrl":"https:\/\/realidadempoderada.com\/wp-content\/uploads\/2020\/11\/RE1.jpg","width":1273,"height":685},{"@type":"BreadcrumbList","@id":"https:\/\/realidadempoderada.com\/es\/realidad-empoderada-en-el-evento-ciclo-de-brasil-2020\/teoria\/#breadcrumb","itemListElement":[{"@type":"ListItem","position":1,"name":"Portada","item":"https:\/\/realidadempoderada.com\/es\/"},{"@type":"ListItem","position":2,"name":"Realidad Empoderada. Presentaci\u00f3n de la acci\u00f3n social Realidad Empoderada en portugu\u00e9s."}]},{"@type":"WebSite","@id":"https:\/\/realidadempoderada.com\/es\/#website","url":"https:\/\/realidadempoderada.com\/es\/","name":"Realidad Empoderada","description":"\u2026 de la realidad virtual a la solidaridad","publisher":{"@id":"https:\/\/realidadempoderada.com\/es\/#organization"},"potentialAction":[{"@type":"SearchAction","target":{"@type":"EntryPoint","urlTemplate":"https:\/\/realidadempoderada.com\/es\/?s={search_term_string}"},"query-input":{"@type":"PropertyValueSpecification","valueRequired":true,"valueName":"search_term_string"}}],"inLanguage":"es"},{"@type":"Organization","@id":"https:\/\/realidadempoderada.com\/es\/#organization","name":"Realidad Empoderada","url":"https:\/\/realidadempoderada.com\/es\/","logo":{"@type":"ImageObject","inLanguage":"es","@id":"https:\/\/realidadempoderada.com\/es\/#\/schema\/logo\/image\/","url":"https:\/\/realidadempoderada.com\/wp-content\/uploads\/2018\/04\/Manos.jpg","contentUrl":"https:\/\/realidadempoderada.com\/wp-content\/uploads\/2018\/04\/Manos.jpg","width":300,"height":230,"caption":"Realidad Empoderada"},"image":{"@id":"https:\/\/realidadempoderada.com\/es\/#\/schema\/logo\/image\/"},"sameAs":["https:\/\/www.facebook.com\/RealidadEmpoderada\/"]},{"@type":"Person","@id":"https:\/\/realidadempoderada.com\/es\/#\/schema\/person\/5f64e0b4e79aa7daa42e8a1a46233aa9","name":"Isaac Amarilla","image":{"@type":"ImageObject","inLanguage":"es","@id":"https:\/\/realidadempoderada.com\/wp-content\/uploads\/2021\/07\/Issac-96x96.jpg","url":"https:\/\/realidadempoderada.com\/wp-content\/uploads\/2021\/07\/Issac-96x96.jpg","contentUrl":"https:\/\/realidadempoderada.com\/wp-content\/uploads\/2021\/07\/Issac-96x96.jpg","caption":"Isaac Amarilla"},"description":"Estudios en Teolog\u00eda pastoral; M\u00e1ster en estudios b\u00edblicos y teol\u00f3gicos; Tecnolog\u00eda en An\u00e1lisis de Sistemas. Licenciado en letras. Colaborador de Realidad Empoderada y TECNOLOGIA HUMANIZADA. Asociado de Solidaridad Transformadora en Movimiento Simple Asociaci\u00f3n","sameAs":["https:\/\/www.facebook.com\/isaac.amarilla.1\/","https:\/\/www.instagram.com\/ay.saac\/?hl=es"],"url":"https:\/\/realidadempoderada.com\/es\/author\/issacamarilla\/"}]}},"jetpack_featured_media_url":"https:\/\/realidadempoderada.com\/wp-content\/uploads\/2020\/11\/RE1.jpg","jetpack_shortlink":"https:\/\/wp.me\/panXkF-pd","jetpack_sharing_enabled":true,"_links":{"self":[{"href":"https:\/\/realidadempoderada.com\/es\/wp-json\/wp\/v2\/posts\/1563","targetHints":{"allow":["GET"]}}],"collection":[{"href":"https:\/\/realidadempoderada.com\/es\/wp-json\/wp\/v2\/posts"}],"about":[{"href":"https:\/\/realidadempoderada.com\/es\/wp-json\/wp\/v2\/types\/post"}],"author":[{"embeddable":true,"href":"https:\/\/realidadempoderada.com\/es\/wp-json\/wp\/v2\/users\/17"}],"replies":[{"embeddable":true,"href":"https:\/\/realidadempoderada.com\/es\/wp-json\/wp\/v2\/comments?post=1563"}],"version-history":[{"count":9,"href":"https:\/\/realidadempoderada.com\/es\/wp-json\/wp\/v2\/posts\/1563\/revisions"}],"predecessor-version":[{"id":4026,"href":"https:\/\/realidadempoderada.com\/es\/wp-json\/wp\/v2\/posts\/1563\/revisions\/4026"}],"wp:featuredmedia":[{"embeddable":true,"href":"https:\/\/realidadempoderada.com\/es\/wp-json\/wp\/v2\/media\/975"}],"wp:attachment":[{"href":"https:\/\/realidadempoderada.com\/es\/wp-json\/wp\/v2\/media?parent=1563"}],"wp:term":[{"taxonomy":"category","embeddable":true,"href":"https:\/\/realidadempoderada.com\/es\/wp-json\/wp\/v2\/categories?post=1563"},{"taxonomy":"post_tag","embeddable":true,"href":"https:\/\/realidadempoderada.com\/es\/wp-json\/wp\/v2\/tags?post=1563"}],"curies":[{"name":"wp","href":"https:\/\/api.w.org\/{rel}","templated":true}]}}