{"id":1934,"date":"2023-02-13T14:08:40","date_gmt":"2023-02-13T14:08:40","guid":{"rendered":"https:\/\/realidadempoderada.com\/?p=1934"},"modified":"2026-04-02T18:20:05","modified_gmt":"2026-04-02T21:20:05","slug":"un-acompanamiento-y-una-psicologia-desde-el-dominado-y-no-desde-el-dominador","status":"publish","type":"post","link":"https:\/\/realidadempoderada.com\/es\/un-acompanamiento-y-una-psicologia-desde-el-dominado-y-no-desde-el-dominador\/teoria\/","title":{"rendered":"Un acompa\u00f1amiento y una psicolog\u00eda desde el dominado y no desde el dominador"},"content":{"rendered":"<p>Un hermoso texto reflexivo de Ignacio Bar\u00f3 que, por supuesto, hacemos extensivo a la amorosa acci\u00f3n del acompa\u00f1amiento; te invitamos a tomarte tu tiempo para leerlo.<\/p>\n<blockquote><p>\u00abPor lo general, el psic\u00f3logo ha intentado insertarse en los procesos sociales desde las instancias de control. La pretendida asepsia cient\u00edfica ha sido, en la pr\u00e1ctica, un aceptar la perspectiva de quien est\u00e1 en el poder y un actuar desde quien domina. Como psic\u00f3logos escolares hemos trabajado desde la direcci\u00f3n de la escuela, y no desde la comunidad; como psic\u00f3logos del trabajo hemos seleccionado o entrenado al personal seg\u00fan las exigencias del propietario o el gerente, no desde los propios trabajadores o de sus sindicatos; incluso como psic\u00f3logos comunitarios hemos llegado con frecuencia a las comunidades montadas en el carro de nuestros esquemas y proyectos, de nuestro saber y nuestro dinero. No es f\u00e1cil definir c\u00f3mo insertarnos en los procesos desde el dominado y no desde el dominador, No es f\u00e1cil incluso dejar nuestro papel de superioridad profesional o tecn\u00f3crata y trabajar mano a mano con los grupos populares. Pero s\u00ed no nos embarcamos en este nuevo tipo de praxis, que adem\u00e1s de transformar la realidad, nos transforme a nosotros mismos, dif\u00edcilmente lograremos desarrollar una Psicolog\u00eda latinoamericana que contribuya a la liberaci\u00f3n de nuestros pueblos.\u00bb<br \/>\nIgnacio Mart\u00edn Bar\u00f3, en su exposici\u00f3n: \u00abPsicolog\u00eda de la liberaci\u00f3n\u00bb<\/p><\/blockquote>\n<p>Ignacio fue psic\u00f3logo, te\u00f3logo y fil\u00f3sofo, de nacionalidad espa\u00f1ola; desarroll\u00f3 su humanidad en su esplendor en El Salvador, donde acompa\u00f1aba una comunidad de base y a su vez se dedicaba a la docencia universitaria. Un cuestionador incansable y comprometido de la realidad, en busca de la liberaci\u00f3n de la psicolog\u00eda (como \u00e9l dec\u00eda) y de nuestra tierra Latinoamericana.<\/p>\n<p>Caminar con quienes no tienen opci\u00f3n, como amigos, compa\u00f1eros, en una relaci\u00f3n amorosa, comunitaria y respetuosa, nos pone en jaque mate con nuestra conciencia y con todas nuestras certezas. Comprendemos que gran parte de la estructuraci\u00f3n del mundo est\u00e1 dada vuelta para servir a quienes ya poseen opci\u00f3n, se consideran productivos y econ\u00f3micamente eficientes. Dicho caminar tambi\u00e9n nos muestra el dolor de darnos a conocer a quienes se oponen y act\u00faan en contra de una nueva realidad inacabada, pero que no deja de buscar incesantemente la justicia.<\/p>\n<p>Un pelot\u00f3n del <a title=\"Batall\u00f3n Atl\u00e1catl\" href=\"https:\/\/es.wikipedia.org\/wiki\/Batall%C3%B3n_Atl%C3%A1catl\">batall\u00f3n Atl\u00e1catl<\/a>\u00a0de la\u00a0<a title=\"Fuerza Armada de El Salvador\" href=\"https:\/\/es.wikipedia.org\/wiki\/Fuerza_Armada_de_El_Salvador\">Fuerza Armada de El Salvador<\/a>, bajo las \u00f3rdenes del coronel\u00a0<a title=\"Ren\u00e9 Emilio Ponce\" href=\"https:\/\/es.wikipedia.org\/wiki\/Ren%C3%A9_Emilio_Ponce\">Ren\u00e9 Emilio Ponce<\/a>, el 16 de noviembre de 1989, asesin\u00f3 a Ignacio junto a otros sacerdotes: <a title=\"Ignacio Ellacur\u00eda\" href=\"https:\/\/es.wikipedia.org\/wiki\/Ignacio_Ellacur%C3%ADa\">Ignacio Ellacur\u00eda<\/a>,\u00a0<a title=\"Segundo Montes\" href=\"https:\/\/es.wikipedia.org\/wiki\/Segundo_Montes\">Segundo Montes<\/a>,\u00a0<a title=\"Juan Ram\u00f3n Moreno\" href=\"https:\/\/es.wikipedia.org\/wiki\/Juan_Ram%C3%B3n_Moreno\">Juan Ram\u00f3n Moreno<\/a>,\u00a0<a title=\"Amando L\u00f3pez\" href=\"https:\/\/es.wikipedia.org\/wiki\/Amando_L%C3%B3pez\">Amando L\u00f3pez<\/a>, y\u00a0<a title=\"Joaqu\u00edn L\u00f3pez y L\u00f3pez\" href=\"https:\/\/es.wikipedia.org\/wiki\/Joaqu%C3%ADn_L%C3%B3pez_y_L%C3%B3pez\">Joaqu\u00edn L\u00f3pez y L\u00f3pez<\/a>. Adem\u00e1s de Elba Ramos y su hija menor de edad (Celina) que trabajaban en la residencia donde habitaban los sacerdotes. Fuente: <a href=\"https:\/\/es.wikipedia.org\/wiki\/Ignacio_Mart%C3%ADn-Bar%C3%B3\" target=\"_blank\" rel=\"noopener\">Wikipedia<\/a><\/p>\n<p>\u200b<\/p>\n<p>&nbsp;<\/p>\n","protected":false},"excerpt":{"rendered":"<div class=\"mh-excerpt\">Un hermoso texto reflexivo de Ignacio Bar\u00f3 que, por supuesto, hacemos extensivo a la amorosa acci\u00f3n del acompa\u00f1amiento; te invitamos a tomarte tu tiempo para leerlo. \u00abPor lo general, el psic\u00f3logo ha intentado insertarse en <a class=\"mh-excerpt-more\" href=\"https:\/\/realidadempoderada.com\/es\/un-acompanamiento-y-una-psicologia-desde-el-dominado-y-no-desde-el-dominador\/teoria\/\" title=\"Un acompa\u00f1amiento y una psicolog\u00eda desde el dominado y no desde el dominador\">[&#8230;]<\/a><\/div>\n","protected":false},"author":7,"featured_media":1937,"comment_status":"open","ping_status":"open","sticky":false,"template":"","format":"standard","meta":{"_crdt_document":"","jetpack_post_was_ever_published":false,"_jetpack_newsletter_access":"","_jetpack_dont_email_post_to_subs":false,"_jetpack_newsletter_tier_id":0,"_jetpack_memberships_contains_paywalled_content":false,"_jetpack_memberships_contains_paid_content":false,"footnotes":""},"categories":[19],"tags":[91,90,22,98],"class_list":{"0":"post-1934","1":"post","2":"type-post","3":"status-publish","4":"format-standard","5":"has-post-thumbnail","7":"category-teoria","8":"tag-acompanamiento-no-colonizador","9":"tag-acompanamiento-solidario","10":"tag-empoderamiento","11":"tag-psicologia-de-la-liberacion"},"yoast_head":"<!-- This site is optimized with the Yoast SEO plugin v27.4 - https:\/\/yoast.com\/product\/yoast-seo-wordpress\/ -->\n<title>Un acompa\u00f1amiento y una psicolog\u00eda desde el dominado y no desde el dominador - Realidad Empoderada<\/title>\n<meta name=\"description\" content=\"Acompa\u00f1ar a grupos marginados, a los que siempre pierden, requiere de ver la realidad desde el dominado y no desde una realidad dominadora.\" \/>\n<meta name=\"robots\" content=\"index, follow, max-snippet:-1, max-image-preview:large, max-video-preview:-1\" \/>\n<link rel=\"canonical\" href=\"https:\/\/realidadempoderada.com\/es\/un-acompanamiento-y-una-psicologia-desde-el-dominado-y-no-desde-el-dominador\/teoria\/\" \/>\n<meta property=\"og:locale\" content=\"es_ES\" \/>\n<meta property=\"og:type\" content=\"article\" \/>\n<meta property=\"og:title\" content=\"Un acompa\u00f1amiento y una psicolog\u00eda desde el dominado y no desde el dominador - Realidad Empoderada\" \/>\n<meta property=\"og:description\" content=\"Acompa\u00f1ar a grupos marginados, a los que siempre pierden, requiere de ver la realidad desde el dominado y no desde una realidad dominadora.\" \/>\n<meta property=\"og:url\" content=\"https:\/\/realidadempoderada.com\/es\/un-acompanamiento-y-una-psicologia-desde-el-dominado-y-no-desde-el-dominador\/teoria\/\" \/>\n<meta property=\"og:site_name\" content=\"Realidad Empoderada\" \/>\n<meta property=\"article:publisher\" content=\"https:\/\/www.facebook.com\/RealidadEmpoderada\/\" \/>\n<meta property=\"article:author\" content=\"https:\/\/www.facebook.com\/RealidadEmpoderada\" \/>\n<meta property=\"article:published_time\" content=\"2023-02-13T14:08:40+00:00\" \/>\n<meta property=\"article:modified_time\" content=\"2026-04-02T21:20:05+00:00\" \/>\n<meta property=\"og:image\" content=\"https:\/\/realidadempoderada.com\/wp-content\/uploads\/2023\/02\/ignacio-martin-baro.jpg\" \/>\n\t<meta property=\"og:image:width\" content=\"1100\" \/>\n\t<meta property=\"og:image:height\" content=\"618\" \/>\n\t<meta property=\"og:image:type\" content=\"image\/jpeg\" \/>\n<meta name=\"author\" content=\"Realidad Empoderada\" \/>\n<meta name=\"twitter:card\" content=\"summary_large_image\" \/>\n<meta name=\"twitter:creator\" content=\"@https:\/\/x.com\/RealidadEmpode1\" \/>\n<meta name=\"twitter:label1\" content=\"Escrito por\" \/>\n\t<meta name=\"twitter:data1\" content=\"Realidad Empoderada\" \/>\n\t<meta name=\"twitter:label2\" content=\"Tiempo de lectura\" \/>\n\t<meta name=\"twitter:data2\" content=\"2 minutos\" \/>\n<script type=\"application\/ld+json\" class=\"yoast-schema-graph\">{\"@context\":\"https:\\\/\\\/schema.org\",\"@graph\":[{\"@type\":\"Article\",\"@id\":\"https:\\\/\\\/realidadempoderada.com\\\/es\\\/un-acompanamiento-y-una-psicologia-desde-el-dominado-y-no-desde-el-dominador\\\/teoria\\\/#article\",\"isPartOf\":{\"@id\":\"https:\\\/\\\/realidadempoderada.com\\\/es\\\/un-acompanamiento-y-una-psicologia-desde-el-dominado-y-no-desde-el-dominador\\\/teoria\\\/\"},\"author\":{\"name\":\"Realidad Empoderada\",\"@id\":\"https:\\\/\\\/realidadempoderada.com\\\/es\\\/#\\\/schema\\\/person\\\/bef25671bf5bd6426822d921c0220642\"},\"headline\":\"Un acompa\u00f1amiento y una psicolog\u00eda desde el dominado y no desde el dominador\",\"datePublished\":\"2023-02-13T14:08:40+00:00\",\"dateModified\":\"2026-04-02T21:20:05+00:00\",\"mainEntityOfPage\":{\"@id\":\"https:\\\/\\\/realidadempoderada.com\\\/es\\\/un-acompanamiento-y-una-psicologia-desde-el-dominado-y-no-desde-el-dominador\\\/teoria\\\/\"},\"wordCount\":497,\"commentCount\":1,\"publisher\":{\"@id\":\"https:\\\/\\\/realidadempoderada.com\\\/es\\\/#organization\"},\"image\":{\"@id\":\"https:\\\/\\\/realidadempoderada.com\\\/es\\\/un-acompanamiento-y-una-psicologia-desde-el-dominado-y-no-desde-el-dominador\\\/teoria\\\/#primaryimage\"},\"thumbnailUrl\":\"https:\\\/\\\/realidadempoderada.com\\\/wp-content\\\/uploads\\\/2023\\\/02\\\/ignacio-martin-baro.jpg\",\"keywords\":[\"acompa\u00f1amiento no colonizador\",\"acompa\u00f1amiento solidario\",\"Empoderamiento\",\"Psicolog\u00eda de la liberaci\u00f3n\"],\"articleSection\":[\"Teor\u00eda\"],\"inLanguage\":\"es\",\"potentialAction\":[{\"@type\":\"CommentAction\",\"name\":\"Comment\",\"target\":[\"https:\\\/\\\/realidadempoderada.com\\\/es\\\/un-acompanamiento-y-una-psicologia-desde-el-dominado-y-no-desde-el-dominador\\\/teoria\\\/#respond\"]}]},{\"@type\":\"WebPage\",\"@id\":\"https:\\\/\\\/realidadempoderada.com\\\/es\\\/un-acompanamiento-y-una-psicologia-desde-el-dominado-y-no-desde-el-dominador\\\/teoria\\\/\",\"url\":\"https:\\\/\\\/realidadempoderada.com\\\/es\\\/un-acompanamiento-y-una-psicologia-desde-el-dominado-y-no-desde-el-dominador\\\/teoria\\\/\",\"name\":\"Un acompa\u00f1amiento y una psicolog\u00eda desde el dominado y no desde el dominador - Realidad Empoderada\",\"isPartOf\":{\"@id\":\"https:\\\/\\\/realidadempoderada.com\\\/es\\\/#website\"},\"primaryImageOfPage\":{\"@id\":\"https:\\\/\\\/realidadempoderada.com\\\/es\\\/un-acompanamiento-y-una-psicologia-desde-el-dominado-y-no-desde-el-dominador\\\/teoria\\\/#primaryimage\"},\"image\":{\"@id\":\"https:\\\/\\\/realidadempoderada.com\\\/es\\\/un-acompanamiento-y-una-psicologia-desde-el-dominado-y-no-desde-el-dominador\\\/teoria\\\/#primaryimage\"},\"thumbnailUrl\":\"https:\\\/\\\/realidadempoderada.com\\\/wp-content\\\/uploads\\\/2023\\\/02\\\/ignacio-martin-baro.jpg\",\"datePublished\":\"2023-02-13T14:08:40+00:00\",\"dateModified\":\"2026-04-02T21:20:05+00:00\",\"description\":\"Acompa\u00f1ar a grupos marginados, a los que siempre pierden, requiere de ver la realidad desde el dominado y no desde una realidad dominadora.\",\"breadcrumb\":{\"@id\":\"https:\\\/\\\/realidadempoderada.com\\\/es\\\/un-acompanamiento-y-una-psicologia-desde-el-dominado-y-no-desde-el-dominador\\\/teoria\\\/#breadcrumb\"},\"inLanguage\":\"es\",\"potentialAction\":[{\"@type\":\"ReadAction\",\"target\":[\"https:\\\/\\\/realidadempoderada.com\\\/es\\\/un-acompanamiento-y-una-psicologia-desde-el-dominado-y-no-desde-el-dominador\\\/teoria\\\/\"]}]},{\"@type\":\"ImageObject\",\"inLanguage\":\"es\",\"@id\":\"https:\\\/\\\/realidadempoderada.com\\\/es\\\/un-acompanamiento-y-una-psicologia-desde-el-dominado-y-no-desde-el-dominador\\\/teoria\\\/#primaryimage\",\"url\":\"https:\\\/\\\/realidadempoderada.com\\\/wp-content\\\/uploads\\\/2023\\\/02\\\/ignacio-martin-baro.jpg\",\"contentUrl\":\"https:\\\/\\\/realidadempoderada.com\\\/wp-content\\\/uploads\\\/2023\\\/02\\\/ignacio-martin-baro.jpg\",\"width\":1100,\"height\":618,\"caption\":\"Acompa\u00f1amiento y psicolog\u00eda\"},{\"@type\":\"BreadcrumbList\",\"@id\":\"https:\\\/\\\/realidadempoderada.com\\\/es\\\/un-acompanamiento-y-una-psicologia-desde-el-dominado-y-no-desde-el-dominador\\\/teoria\\\/#breadcrumb\",\"itemListElement\":[{\"@type\":\"ListItem\",\"position\":1,\"name\":\"Portada\",\"item\":\"https:\\\/\\\/realidadempoderada.com\\\/es\\\/\"},{\"@type\":\"ListItem\",\"position\":2,\"name\":\"Un acompa\u00f1amiento y una psicolog\u00eda desde el dominado y no desde el dominador\"}]},{\"@type\":\"WebSite\",\"@id\":\"https:\\\/\\\/realidadempoderada.com\\\/es\\\/#website\",\"url\":\"https:\\\/\\\/realidadempoderada.com\\\/es\\\/\",\"name\":\"Realidad Empoderada\",\"description\":\"\u2026 de la realidad virtual a la solidaridad\",\"publisher\":{\"@id\":\"https:\\\/\\\/realidadempoderada.com\\\/es\\\/#organization\"},\"potentialAction\":[{\"@type\":\"SearchAction\",\"target\":{\"@type\":\"EntryPoint\",\"urlTemplate\":\"https:\\\/\\\/realidadempoderada.com\\\/es\\\/?s={search_term_string}\"},\"query-input\":{\"@type\":\"PropertyValueSpecification\",\"valueRequired\":true,\"valueName\":\"search_term_string\"}}],\"inLanguage\":\"es\"},{\"@type\":\"Organization\",\"@id\":\"https:\\\/\\\/realidadempoderada.com\\\/es\\\/#organization\",\"name\":\"Realidad Empoderada\",\"url\":\"https:\\\/\\\/realidadempoderada.com\\\/es\\\/\",\"logo\":{\"@type\":\"ImageObject\",\"inLanguage\":\"es\",\"@id\":\"https:\\\/\\\/realidadempoderada.com\\\/es\\\/#\\\/schema\\\/logo\\\/image\\\/\",\"url\":\"https:\\\/\\\/realidadempoderada.com\\\/wp-content\\\/uploads\\\/2018\\\/04\\\/Manos.jpg\",\"contentUrl\":\"https:\\\/\\\/realidadempoderada.com\\\/wp-content\\\/uploads\\\/2018\\\/04\\\/Manos.jpg\",\"width\":300,\"height\":230,\"caption\":\"Realidad Empoderada\"},\"image\":{\"@id\":\"https:\\\/\\\/realidadempoderada.com\\\/es\\\/#\\\/schema\\\/logo\\\/image\\\/\"},\"sameAs\":[\"https:\\\/\\\/www.facebook.com\\\/RealidadEmpoderada\\\/\"]},{\"@type\":\"Person\",\"@id\":\"https:\\\/\\\/realidadempoderada.com\\\/es\\\/#\\\/schema\\\/person\\\/bef25671bf5bd6426822d921c0220642\",\"name\":\"Realidad Empoderada\",\"image\":{\"@type\":\"ImageObject\",\"inLanguage\":\"es\",\"@id\":\"https:\\\/\\\/realidadempoderada.com\\\/wp-content\\\/uploads\\\/2021\\\/10\\\/ProfilePictureMaker-1-96x96.png\",\"url\":\"https:\\\/\\\/realidadempoderada.com\\\/wp-content\\\/uploads\\\/2021\\\/10\\\/ProfilePictureMaker-1-96x96.png\",\"contentUrl\":\"https:\\\/\\\/realidadempoderada.com\\\/wp-content\\\/uploads\\\/2021\\\/10\\\/ProfilePictureMaker-1-96x96.png\",\"caption\":\"Realidad Empoderada\"},\"description\":\"Realidad Empoderada es una acci\u00f3n social tecnol\u00f3gica que estamos desarrollando para impulsar el empoderamiento solidario. En Solidaridad Transformadora en Movimiento S. ASOC. trabajamos cada d\u00eda para hacerla posible.\",\"sameAs\":[\"https:\\\/\\\/REALIDADEMPODERADA.com\",\"https:\\\/\\\/www.facebook.com\\\/RealidadEmpoderada\",\"https:\\\/\\\/www.instagram.com\\\/realidadempoderada\",\"https:\\\/\\\/www.linkedin.com\\\/company\\\/realidadempoderada\",\"https:\\\/\\\/x.com\\\/https:\\\/\\\/x.com\\\/RealidadEmpode1\"],\"url\":\"https:\\\/\\\/realidadempoderada.com\\\/es\\\/author\\\/admin\\\/\"}]}<\/script>\n<!-- \/ Yoast SEO plugin. -->","yoast_head_json":{"title":"Un acompa\u00f1amiento y una psicolog\u00eda desde el dominado y no desde el dominador - Realidad Empoderada","description":"Acompa\u00f1ar a grupos marginados, a los que siempre pierden, requiere de ver la realidad desde el dominado y no desde una realidad dominadora.","robots":{"index":"index","follow":"follow","max-snippet":"max-snippet:-1","max-image-preview":"max-image-preview:large","max-video-preview":"max-video-preview:-1"},"canonical":"https:\/\/realidadempoderada.com\/es\/un-acompanamiento-y-una-psicologia-desde-el-dominado-y-no-desde-el-dominador\/teoria\/","og_locale":"es_ES","og_type":"article","og_title":"Un acompa\u00f1amiento y una psicolog\u00eda desde el dominado y no desde el dominador - Realidad Empoderada","og_description":"Acompa\u00f1ar a grupos marginados, a los que siempre pierden, requiere de ver la realidad desde el dominado y no desde una realidad dominadora.","og_url":"https:\/\/realidadempoderada.com\/es\/un-acompanamiento-y-una-psicologia-desde-el-dominado-y-no-desde-el-dominador\/teoria\/","og_site_name":"Realidad Empoderada","article_publisher":"https:\/\/www.facebook.com\/RealidadEmpoderada\/","article_author":"https:\/\/www.facebook.com\/RealidadEmpoderada","article_published_time":"2023-02-13T14:08:40+00:00","article_modified_time":"2026-04-02T21:20:05+00:00","og_image":[{"width":1100,"height":618,"url":"https:\/\/realidadempoderada.com\/wp-content\/uploads\/2023\/02\/ignacio-martin-baro.jpg","type":"image\/jpeg"}],"author":"Realidad Empoderada","twitter_card":"summary_large_image","twitter_creator":"@https:\/\/x.com\/RealidadEmpode1","twitter_misc":{"Escrito por":"Realidad Empoderada","Tiempo de lectura":"2 minutos"},"schema":{"@context":"https:\/\/schema.org","@graph":[{"@type":"Article","@id":"https:\/\/realidadempoderada.com\/es\/un-acompanamiento-y-una-psicologia-desde-el-dominado-y-no-desde-el-dominador\/teoria\/#article","isPartOf":{"@id":"https:\/\/realidadempoderada.com\/es\/un-acompanamiento-y-una-psicologia-desde-el-dominado-y-no-desde-el-dominador\/teoria\/"},"author":{"name":"Realidad Empoderada","@id":"https:\/\/realidadempoderada.com\/es\/#\/schema\/person\/bef25671bf5bd6426822d921c0220642"},"headline":"Un acompa\u00f1amiento y una psicolog\u00eda desde el dominado y no desde el dominador","datePublished":"2023-02-13T14:08:40+00:00","dateModified":"2026-04-02T21:20:05+00:00","mainEntityOfPage":{"@id":"https:\/\/realidadempoderada.com\/es\/un-acompanamiento-y-una-psicologia-desde-el-dominado-y-no-desde-el-dominador\/teoria\/"},"wordCount":497,"commentCount":1,"publisher":{"@id":"https:\/\/realidadempoderada.com\/es\/#organization"},"image":{"@id":"https:\/\/realidadempoderada.com\/es\/un-acompanamiento-y-una-psicologia-desde-el-dominado-y-no-desde-el-dominador\/teoria\/#primaryimage"},"thumbnailUrl":"https:\/\/realidadempoderada.com\/wp-content\/uploads\/2023\/02\/ignacio-martin-baro.jpg","keywords":["acompa\u00f1amiento no colonizador","acompa\u00f1amiento solidario","Empoderamiento","Psicolog\u00eda de la liberaci\u00f3n"],"articleSection":["Teor\u00eda"],"inLanguage":"es","potentialAction":[{"@type":"CommentAction","name":"Comment","target":["https:\/\/realidadempoderada.com\/es\/un-acompanamiento-y-una-psicologia-desde-el-dominado-y-no-desde-el-dominador\/teoria\/#respond"]}]},{"@type":"WebPage","@id":"https:\/\/realidadempoderada.com\/es\/un-acompanamiento-y-una-psicologia-desde-el-dominado-y-no-desde-el-dominador\/teoria\/","url":"https:\/\/realidadempoderada.com\/es\/un-acompanamiento-y-una-psicologia-desde-el-dominado-y-no-desde-el-dominador\/teoria\/","name":"Un acompa\u00f1amiento y una psicolog\u00eda desde el dominado y no desde el dominador - Realidad Empoderada","isPartOf":{"@id":"https:\/\/realidadempoderada.com\/es\/#website"},"primaryImageOfPage":{"@id":"https:\/\/realidadempoderada.com\/es\/un-acompanamiento-y-una-psicologia-desde-el-dominado-y-no-desde-el-dominador\/teoria\/#primaryimage"},"image":{"@id":"https:\/\/realidadempoderada.com\/es\/un-acompanamiento-y-una-psicologia-desde-el-dominado-y-no-desde-el-dominador\/teoria\/#primaryimage"},"thumbnailUrl":"https:\/\/realidadempoderada.com\/wp-content\/uploads\/2023\/02\/ignacio-martin-baro.jpg","datePublished":"2023-02-13T14:08:40+00:00","dateModified":"2026-04-02T21:20:05+00:00","description":"Acompa\u00f1ar a grupos marginados, a los que siempre pierden, requiere de ver la realidad desde el dominado y no desde una realidad dominadora.","breadcrumb":{"@id":"https:\/\/realidadempoderada.com\/es\/un-acompanamiento-y-una-psicologia-desde-el-dominado-y-no-desde-el-dominador\/teoria\/#breadcrumb"},"inLanguage":"es","potentialAction":[{"@type":"ReadAction","target":["https:\/\/realidadempoderada.com\/es\/un-acompanamiento-y-una-psicologia-desde-el-dominado-y-no-desde-el-dominador\/teoria\/"]}]},{"@type":"ImageObject","inLanguage":"es","@id":"https:\/\/realidadempoderada.com\/es\/un-acompanamiento-y-una-psicologia-desde-el-dominado-y-no-desde-el-dominador\/teoria\/#primaryimage","url":"https:\/\/realidadempoderada.com\/wp-content\/uploads\/2023\/02\/ignacio-martin-baro.jpg","contentUrl":"https:\/\/realidadempoderada.com\/wp-content\/uploads\/2023\/02\/ignacio-martin-baro.jpg","width":1100,"height":618,"caption":"Acompa\u00f1amiento y psicolog\u00eda"},{"@type":"BreadcrumbList","@id":"https:\/\/realidadempoderada.com\/es\/un-acompanamiento-y-una-psicologia-desde-el-dominado-y-no-desde-el-dominador\/teoria\/#breadcrumb","itemListElement":[{"@type":"ListItem","position":1,"name":"Portada","item":"https:\/\/realidadempoderada.com\/es\/"},{"@type":"ListItem","position":2,"name":"Un acompa\u00f1amiento y una psicolog\u00eda desde el dominado y no desde el dominador"}]},{"@type":"WebSite","@id":"https:\/\/realidadempoderada.com\/es\/#website","url":"https:\/\/realidadempoderada.com\/es\/","name":"Realidad Empoderada","description":"\u2026 de la realidad virtual a la solidaridad","publisher":{"@id":"https:\/\/realidadempoderada.com\/es\/#organization"},"potentialAction":[{"@type":"SearchAction","target":{"@type":"EntryPoint","urlTemplate":"https:\/\/realidadempoderada.com\/es\/?s={search_term_string}"},"query-input":{"@type":"PropertyValueSpecification","valueRequired":true,"valueName":"search_term_string"}}],"inLanguage":"es"},{"@type":"Organization","@id":"https:\/\/realidadempoderada.com\/es\/#organization","name":"Realidad Empoderada","url":"https:\/\/realidadempoderada.com\/es\/","logo":{"@type":"ImageObject","inLanguage":"es","@id":"https:\/\/realidadempoderada.com\/es\/#\/schema\/logo\/image\/","url":"https:\/\/realidadempoderada.com\/wp-content\/uploads\/2018\/04\/Manos.jpg","contentUrl":"https:\/\/realidadempoderada.com\/wp-content\/uploads\/2018\/04\/Manos.jpg","width":300,"height":230,"caption":"Realidad Empoderada"},"image":{"@id":"https:\/\/realidadempoderada.com\/es\/#\/schema\/logo\/image\/"},"sameAs":["https:\/\/www.facebook.com\/RealidadEmpoderada\/"]},{"@type":"Person","@id":"https:\/\/realidadempoderada.com\/es\/#\/schema\/person\/bef25671bf5bd6426822d921c0220642","name":"Realidad Empoderada","image":{"@type":"ImageObject","inLanguage":"es","@id":"https:\/\/realidadempoderada.com\/wp-content\/uploads\/2021\/10\/ProfilePictureMaker-1-96x96.png","url":"https:\/\/realidadempoderada.com\/wp-content\/uploads\/2021\/10\/ProfilePictureMaker-1-96x96.png","contentUrl":"https:\/\/realidadempoderada.com\/wp-content\/uploads\/2021\/10\/ProfilePictureMaker-1-96x96.png","caption":"Realidad Empoderada"},"description":"Realidad Empoderada es una acci\u00f3n social tecnol\u00f3gica que estamos desarrollando para impulsar el empoderamiento solidario. En Solidaridad Transformadora en Movimiento S. ASOC. trabajamos cada d\u00eda para hacerla posible.","sameAs":["https:\/\/REALIDADEMPODERADA.com","https:\/\/www.facebook.com\/RealidadEmpoderada","https:\/\/www.instagram.com\/realidadempoderada","https:\/\/www.linkedin.com\/company\/realidadempoderada","https:\/\/x.com\/https:\/\/x.com\/RealidadEmpode1"],"url":"https:\/\/realidadempoderada.com\/es\/author\/admin\/"}]}},"jetpack_featured_media_url":"https:\/\/realidadempoderada.com\/wp-content\/uploads\/2023\/02\/ignacio-martin-baro.jpg","jetpack_shortlink":"https:\/\/wp.me\/panXkF-vc","jetpack_sharing_enabled":true,"_links":{"self":[{"href":"https:\/\/realidadempoderada.com\/es\/wp-json\/wp\/v2\/posts\/1934","targetHints":{"allow":["GET"]}}],"collection":[{"href":"https:\/\/realidadempoderada.com\/es\/wp-json\/wp\/v2\/posts"}],"about":[{"href":"https:\/\/realidadempoderada.com\/es\/wp-json\/wp\/v2\/types\/post"}],"author":[{"embeddable":true,"href":"https:\/\/realidadempoderada.com\/es\/wp-json\/wp\/v2\/users\/7"}],"replies":[{"embeddable":true,"href":"https:\/\/realidadempoderada.com\/es\/wp-json\/wp\/v2\/comments?post=1934"}],"version-history":[{"count":7,"href":"https:\/\/realidadempoderada.com\/es\/wp-json\/wp\/v2\/posts\/1934\/revisions"}],"predecessor-version":[{"id":4013,"href":"https:\/\/realidadempoderada.com\/es\/wp-json\/wp\/v2\/posts\/1934\/revisions\/4013"}],"wp:featuredmedia":[{"embeddable":true,"href":"https:\/\/realidadempoderada.com\/es\/wp-json\/wp\/v2\/media\/1937"}],"wp:attachment":[{"href":"https:\/\/realidadempoderada.com\/es\/wp-json\/wp\/v2\/media?parent=1934"}],"wp:term":[{"taxonomy":"category","embeddable":true,"href":"https:\/\/realidadempoderada.com\/es\/wp-json\/wp\/v2\/categories?post=1934"},{"taxonomy":"post_tag","embeddable":true,"href":"https:\/\/realidadempoderada.com\/es\/wp-json\/wp\/v2\/tags?post=1934"}],"curies":[{"name":"wp","href":"https:\/\/api.w.org\/{rel}","templated":true}]}}