{"id":2018,"date":"2023-07-13T17:07:04","date_gmt":"2023-07-13T17:07:04","guid":{"rendered":"https:\/\/realidadempoderada.com\/?p=2018"},"modified":"2023-07-13T17:38:54","modified_gmt":"2023-07-13T17:38:54","slug":"injusticia-en-el-sistema-de-salud-el-maltrato-hacia-las-personas-marginadas-y-la-lucha-por-una-atencion-medica-equitativa-primera-parte","status":"publish","type":"post","link":"https:\/\/realidadempoderada.com\/es\/injusticia-en-el-sistema-de-salud-el-maltrato-hacia-las-personas-marginadas-y-la-lucha-por-una-atencion-medica-equitativa-primera-parte\/teoria\/historias-de-acompanamiento\/","title":{"rendered":"Injusticia en el sistema de salud: El maltrato hacia las personas marginadas y la lucha por una atenci\u00f3n m\u00e9dica equitativa (Primera parte)"},"content":{"rendered":"<p>\u00bfA qu\u00e9 Dios le rendimos culto? \u00bfAl Dios de la justicia? \u00bfA un Dios cruel que piensa que las personas ELIGEN estar en situaci\u00f3n de riesgo?<\/p>\n<p>Estos son los interrogantes que Gustavo Reimondo (quien es llamado \u00abJugo Loco\u00bb por las personas de la calle) se hace cada vez que es testigo de una situaci\u00f3n en la que se desprecia a las personas de la calle, en especial a aquellas a las que \u00e9l acompa\u00f1a; como fue el caso de la Chiro:<\/p>\n<blockquote><p>\u00abEl martes a la ma\u00f1ana quedamos con la Chiro que la pasar\u00eda a buscar para ir al hospital. Hac\u00eda ya una semana que devolv\u00eda todo lo que com\u00eda. (&#8230;) Fuimos con el colectivo hasta el hospital p\u00fablico. Al hospital donde quer\u00eda ir la Chiro y donde la hab\u00edan atendido a\u00f1os atr\u00e1s.(&#8230;) Fuimos a la recepci\u00f3n. All\u00ed la Chiro pidi\u00f3 ser atendida. Le dijeron que volviera otro d\u00eda, intervine y ped\u00ed que al menos la atendieran para darle una derivaci\u00f3n.\u00a0 Luego, Wilson, pidi\u00f3 ser visto por un traumat\u00f3logo, dado que camina mal porque hace unos d\u00edas se cay\u00f3\u00a0 desde un lugar de altura. Le dijeron que no ten\u00edan traumat\u00f3logo. Intervine e insist\u00ed, y solicit\u00e9 que al menos me dijeran en qu\u00e9 hospital podr\u00edan atenderlo para poder dirigirnos all\u00ed m\u00e1s tarde. Me dijeron que ning\u00fan hospital ten\u00eda traumat\u00f3logo. Trat\u00e9 de convencerme de lo que me dec\u00edan para poder en un principio abocarnos al problema de la Chiro\u00bb<\/p><\/blockquote>\n<p>Este es un claro ejemplo de la negativa a atender a una persona indigente y c\u00f3mo es que los grupos mayoritarios o mejor posicionados, en este caso el personal del hospital, tiende a rechazar y dejar de lado al distinto, incluso adjudicar comportamientos y caracter\u00edsticas que no son m\u00e1s que un prejuicio formado desde su postura de superioridad, como los comentarios que recibieron Chiro y Wilson por parte de una asistente social:<\/p>\n<blockquote><p>\u00ablo mira a Wilson y le dice: \u2014\u00bfy vos que consum\u00eds?, no recuerdo Wilson que respuesta le di\u00f3 pero se par\u00f3 y comenz\u00f3 a mover los pies (porque le duele un tobillo ) y le dijo: \u2014\u00bfQue esta ma\u00f1ana consumiste y ahora no te podes aguantar?\u2014 con un aire de maestra ciruela.(&#8230;) Luego le dice a la Chiro: &#8211; que ayuda que te trajiste\u2026, una media ayuda- y se dirige a Wilson y le dice: \u2014\u00a1Porque vos no le dec\u00eds que no tome!\u00bb<\/p><\/blockquote>\n<p>Lo primordial es entender que, todo ser humano merece un trato digno y de igual a igual, sin importar su condici\u00f3n de vida, por el simple hecho de ser una persona.<\/p>\n<p>Continuemos con <a href=\"https:\/\/realidadempoderada.com\/es\/injusticia-en-el-sistema-de-salud-el-maltrato-hacia-las-personas-marginadas-y-la-lucha-por-una-atencion-medica-equitativa-segunda-parte\/teoria\/historias-de-acompanamiento\/\" target=\"_blank\" rel=\"noopener\">la segunda parte de este relato&#8230;<\/a><\/p>\n","protected":false},"excerpt":{"rendered":"<div class=\"mh-excerpt\">\u00bfA qu\u00e9 Dios le rendimos culto? \u00bfAl Dios de la justicia? \u00bfA un Dios cruel que piensa que las personas ELIGEN estar en situaci\u00f3n de riesgo? Estos son los interrogantes que Gustavo Reimondo (quien es <a class=\"mh-excerpt-more\" href=\"https:\/\/realidadempoderada.com\/es\/injusticia-en-el-sistema-de-salud-el-maltrato-hacia-las-personas-marginadas-y-la-lucha-por-una-atencion-medica-equitativa-primera-parte\/teoria\/historias-de-acompanamiento\/\" title=\"Injusticia en el sistema de salud: El maltrato hacia las personas marginadas y la lucha por una atenci\u00f3n m\u00e9dica equitativa (Primera parte)\">[&#8230;]<\/a><\/div>\n","protected":false},"author":24,"featured_media":2028,"comment_status":"open","ping_status":"closed","sticky":false,"template":"","format":"standard","meta":{"_crdt_document":"","jetpack_post_was_ever_published":false,"_jetpack_newsletter_access":"","_jetpack_dont_email_post_to_subs":false,"_jetpack_newsletter_tier_id":0,"_jetpack_memberships_contains_paywalled_content":false,"_jetpack_memberships_contains_paid_content":false,"footnotes":""},"categories":[99],"tags":[],"class_list":{"0":"post-2018","1":"post","2":"type-post","3":"status-publish","4":"format-standard","5":"has-post-thumbnail","7":"category-historias-de-acompanamiento"},"yoast_head":"<!-- This site is optimized with the Yoast SEO plugin v27.4 - https:\/\/yoast.com\/product\/yoast-seo-wordpress\/ -->\n<title>Injusticia en el sistema de salud: El maltrato hacia las personas marginadas y la lucha por una atenci\u00f3n m\u00e9dica equitativa (Primera parte) - Realidad Empoderada<\/title>\n<meta name=\"description\" content=\"Violencia encubierta: El maltrato en la atenci\u00f3n m\u00e9dica hacia las personas marginadas y la necesidad de justicia\" \/>\n<meta name=\"robots\" content=\"index, follow, max-snippet:-1, max-image-preview:large, max-video-preview:-1\" \/>\n<link rel=\"canonical\" href=\"https:\/\/realidadempoderada.com\/es\/injusticia-en-el-sistema-de-salud-el-maltrato-hacia-las-personas-marginadas-y-la-lucha-por-una-atencion-medica-equitativa-primera-parte\/teoria\/historias-de-acompanamiento\/\" \/>\n<meta property=\"og:locale\" content=\"es_ES\" \/>\n<meta property=\"og:type\" content=\"article\" \/>\n<meta property=\"og:title\" content=\"Injusticia en el sistema de salud: El maltrato hacia las personas marginadas y la lucha por una atenci\u00f3n m\u00e9dica equitativa (Primera parte) - Realidad Empoderada\" \/>\n<meta property=\"og:description\" content=\"Violencia encubierta: El maltrato en la atenci\u00f3n m\u00e9dica hacia las personas marginadas y la necesidad de justicia\" \/>\n<meta property=\"og:url\" content=\"https:\/\/realidadempoderada.com\/es\/injusticia-en-el-sistema-de-salud-el-maltrato-hacia-las-personas-marginadas-y-la-lucha-por-una-atencion-medica-equitativa-primera-parte\/teoria\/historias-de-acompanamiento\/\" \/>\n<meta property=\"og:site_name\" content=\"Realidad Empoderada\" \/>\n<meta property=\"article:publisher\" content=\"https:\/\/www.facebook.com\/RealidadEmpoderada\/\" \/>\n<meta property=\"article:published_time\" content=\"2023-07-13T17:07:04+00:00\" \/>\n<meta property=\"article:modified_time\" content=\"2023-07-13T17:38:54+00:00\" \/>\n<meta property=\"og:image\" content=\"https:\/\/realidadempoderada.com\/wp-content\/uploads\/2023\/07\/Chiro.jpeg\" \/>\n\t<meta property=\"og:image:width\" content=\"1599\" \/>\n\t<meta property=\"og:image:height\" content=\"899\" \/>\n\t<meta property=\"og:image:type\" content=\"image\/jpeg\" \/>\n<meta name=\"author\" content=\"Bel\u00e9n Trucco\" \/>\n<meta name=\"twitter:card\" content=\"summary_large_image\" \/>\n<meta name=\"twitter:label1\" content=\"Escrito por\" \/>\n\t<meta name=\"twitter:data1\" content=\"Bel\u00e9n Trucco\" \/>\n\t<meta name=\"twitter:label2\" content=\"Tiempo de lectura\" \/>\n\t<meta name=\"twitter:data2\" content=\"1 minuto\" \/>\n<script type=\"application\/ld+json\" class=\"yoast-schema-graph\">{\"@context\":\"https:\\\/\\\/schema.org\",\"@graph\":[{\"@type\":\"Article\",\"@id\":\"https:\\\/\\\/realidadempoderada.com\\\/es\\\/injusticia-en-el-sistema-de-salud-el-maltrato-hacia-las-personas-marginadas-y-la-lucha-por-una-atencion-medica-equitativa-primera-parte\\\/teoria\\\/historias-de-acompanamiento\\\/#article\",\"isPartOf\":{\"@id\":\"https:\\\/\\\/realidadempoderada.com\\\/es\\\/injusticia-en-el-sistema-de-salud-el-maltrato-hacia-las-personas-marginadas-y-la-lucha-por-una-atencion-medica-equitativa-primera-parte\\\/teoria\\\/historias-de-acompanamiento\\\/\"},\"author\":{\"name\":\"Bel\u00e9n Trucco\",\"@id\":\"https:\\\/\\\/realidadempoderada.com\\\/es\\\/#\\\/schema\\\/person\\\/d52a589abb7ec5f007b3541266d58591\"},\"headline\":\"Injusticia en el sistema de salud: El maltrato hacia las personas marginadas y la lucha por una atenci\u00f3n m\u00e9dica equitativa (Primera parte)\",\"datePublished\":\"2023-07-13T17:07:04+00:00\",\"dateModified\":\"2023-07-13T17:38:54+00:00\",\"mainEntityOfPage\":{\"@id\":\"https:\\\/\\\/realidadempoderada.com\\\/es\\\/injusticia-en-el-sistema-de-salud-el-maltrato-hacia-las-personas-marginadas-y-la-lucha-por-una-atencion-medica-equitativa-primera-parte\\\/teoria\\\/historias-de-acompanamiento\\\/\"},\"wordCount\":485,\"commentCount\":0,\"publisher\":{\"@id\":\"https:\\\/\\\/realidadempoderada.com\\\/es\\\/#organization\"},\"image\":{\"@id\":\"https:\\\/\\\/realidadempoderada.com\\\/es\\\/injusticia-en-el-sistema-de-salud-el-maltrato-hacia-las-personas-marginadas-y-la-lucha-por-una-atencion-medica-equitativa-primera-parte\\\/teoria\\\/historias-de-acompanamiento\\\/#primaryimage\"},\"thumbnailUrl\":\"https:\\\/\\\/realidadempoderada.com\\\/wp-content\\\/uploads\\\/2023\\\/07\\\/Chiro.jpeg\",\"articleSection\":[\"Historias de Acompa\u00f1amiento\"],\"inLanguage\":\"es\",\"potentialAction\":[{\"@type\":\"CommentAction\",\"name\":\"Comment\",\"target\":[\"https:\\\/\\\/realidadempoderada.com\\\/es\\\/injusticia-en-el-sistema-de-salud-el-maltrato-hacia-las-personas-marginadas-y-la-lucha-por-una-atencion-medica-equitativa-primera-parte\\\/teoria\\\/historias-de-acompanamiento\\\/#respond\"]}]},{\"@type\":\"WebPage\",\"@id\":\"https:\\\/\\\/realidadempoderada.com\\\/es\\\/injusticia-en-el-sistema-de-salud-el-maltrato-hacia-las-personas-marginadas-y-la-lucha-por-una-atencion-medica-equitativa-primera-parte\\\/teoria\\\/historias-de-acompanamiento\\\/\",\"url\":\"https:\\\/\\\/realidadempoderada.com\\\/es\\\/injusticia-en-el-sistema-de-salud-el-maltrato-hacia-las-personas-marginadas-y-la-lucha-por-una-atencion-medica-equitativa-primera-parte\\\/teoria\\\/historias-de-acompanamiento\\\/\",\"name\":\"Injusticia en el sistema de salud: El maltrato hacia las personas marginadas y la lucha por una atenci\u00f3n m\u00e9dica equitativa (Primera parte) - Realidad Empoderada\",\"isPartOf\":{\"@id\":\"https:\\\/\\\/realidadempoderada.com\\\/es\\\/#website\"},\"primaryImageOfPage\":{\"@id\":\"https:\\\/\\\/realidadempoderada.com\\\/es\\\/injusticia-en-el-sistema-de-salud-el-maltrato-hacia-las-personas-marginadas-y-la-lucha-por-una-atencion-medica-equitativa-primera-parte\\\/teoria\\\/historias-de-acompanamiento\\\/#primaryimage\"},\"image\":{\"@id\":\"https:\\\/\\\/realidadempoderada.com\\\/es\\\/injusticia-en-el-sistema-de-salud-el-maltrato-hacia-las-personas-marginadas-y-la-lucha-por-una-atencion-medica-equitativa-primera-parte\\\/teoria\\\/historias-de-acompanamiento\\\/#primaryimage\"},\"thumbnailUrl\":\"https:\\\/\\\/realidadempoderada.com\\\/wp-content\\\/uploads\\\/2023\\\/07\\\/Chiro.jpeg\",\"datePublished\":\"2023-07-13T17:07:04+00:00\",\"dateModified\":\"2023-07-13T17:38:54+00:00\",\"description\":\"Violencia encubierta: El maltrato en la atenci\u00f3n m\u00e9dica hacia las personas marginadas y la necesidad de justicia\",\"breadcrumb\":{\"@id\":\"https:\\\/\\\/realidadempoderada.com\\\/es\\\/injusticia-en-el-sistema-de-salud-el-maltrato-hacia-las-personas-marginadas-y-la-lucha-por-una-atencion-medica-equitativa-primera-parte\\\/teoria\\\/historias-de-acompanamiento\\\/#breadcrumb\"},\"inLanguage\":\"es\",\"potentialAction\":[{\"@type\":\"ReadAction\",\"target\":[\"https:\\\/\\\/realidadempoderada.com\\\/es\\\/injusticia-en-el-sistema-de-salud-el-maltrato-hacia-las-personas-marginadas-y-la-lucha-por-una-atencion-medica-equitativa-primera-parte\\\/teoria\\\/historias-de-acompanamiento\\\/\"]}]},{\"@type\":\"ImageObject\",\"inLanguage\":\"es\",\"@id\":\"https:\\\/\\\/realidadempoderada.com\\\/es\\\/injusticia-en-el-sistema-de-salud-el-maltrato-hacia-las-personas-marginadas-y-la-lucha-por-una-atencion-medica-equitativa-primera-parte\\\/teoria\\\/historias-de-acompanamiento\\\/#primaryimage\",\"url\":\"https:\\\/\\\/realidadempoderada.com\\\/wp-content\\\/uploads\\\/2023\\\/07\\\/Chiro.jpeg\",\"contentUrl\":\"https:\\\/\\\/realidadempoderada.com\\\/wp-content\\\/uploads\\\/2023\\\/07\\\/Chiro.jpeg\",\"width\":1599,\"height\":899,\"caption\":\"Hospital e Indigentes\"},{\"@type\":\"BreadcrumbList\",\"@id\":\"https:\\\/\\\/realidadempoderada.com\\\/es\\\/injusticia-en-el-sistema-de-salud-el-maltrato-hacia-las-personas-marginadas-y-la-lucha-por-una-atencion-medica-equitativa-primera-parte\\\/teoria\\\/historias-de-acompanamiento\\\/#breadcrumb\",\"itemListElement\":[{\"@type\":\"ListItem\",\"position\":1,\"name\":\"Portada\",\"item\":\"https:\\\/\\\/realidadempoderada.com\\\/es\\\/\"},{\"@type\":\"ListItem\",\"position\":2,\"name\":\"Injusticia en el sistema de salud: El maltrato hacia las personas marginadas y la lucha por una atenci\u00f3n m\u00e9dica equitativa (Primera parte)\"}]},{\"@type\":\"WebSite\",\"@id\":\"https:\\\/\\\/realidadempoderada.com\\\/es\\\/#website\",\"url\":\"https:\\\/\\\/realidadempoderada.com\\\/es\\\/\",\"name\":\"Realidad Empoderada\",\"description\":\"\u2026 de la realidad virtual a la solidaridad\",\"publisher\":{\"@id\":\"https:\\\/\\\/realidadempoderada.com\\\/es\\\/#organization\"},\"potentialAction\":[{\"@type\":\"SearchAction\",\"target\":{\"@type\":\"EntryPoint\",\"urlTemplate\":\"https:\\\/\\\/realidadempoderada.com\\\/es\\\/?s={search_term_string}\"},\"query-input\":{\"@type\":\"PropertyValueSpecification\",\"valueRequired\":true,\"valueName\":\"search_term_string\"}}],\"inLanguage\":\"es\"},{\"@type\":\"Organization\",\"@id\":\"https:\\\/\\\/realidadempoderada.com\\\/es\\\/#organization\",\"name\":\"Realidad Empoderada\",\"url\":\"https:\\\/\\\/realidadempoderada.com\\\/es\\\/\",\"logo\":{\"@type\":\"ImageObject\",\"inLanguage\":\"es\",\"@id\":\"https:\\\/\\\/realidadempoderada.com\\\/es\\\/#\\\/schema\\\/logo\\\/image\\\/\",\"url\":\"https:\\\/\\\/realidadempoderada.com\\\/wp-content\\\/uploads\\\/2018\\\/04\\\/Manos.jpg\",\"contentUrl\":\"https:\\\/\\\/realidadempoderada.com\\\/wp-content\\\/uploads\\\/2018\\\/04\\\/Manos.jpg\",\"width\":300,\"height\":230,\"caption\":\"Realidad Empoderada\"},\"image\":{\"@id\":\"https:\\\/\\\/realidadempoderada.com\\\/es\\\/#\\\/schema\\\/logo\\\/image\\\/\"},\"sameAs\":[\"https:\\\/\\\/www.facebook.com\\\/RealidadEmpoderada\\\/\"]},{\"@type\":\"Person\",\"@id\":\"https:\\\/\\\/realidadempoderada.com\\\/es\\\/#\\\/schema\\\/person\\\/d52a589abb7ec5f007b3541266d58591\",\"name\":\"Bel\u00e9n Trucco\",\"image\":{\"@type\":\"ImageObject\",\"inLanguage\":\"es\",\"@id\":\"https:\\\/\\\/realidadempoderada.com\\\/wp-content\\\/uploads\\\/2023\\\/07\\\/Belen-Trucco-96x96.jpg\",\"url\":\"https:\\\/\\\/realidadempoderada.com\\\/wp-content\\\/uploads\\\/2023\\\/07\\\/Belen-Trucco-96x96.jpg\",\"contentUrl\":\"https:\\\/\\\/realidadempoderada.com\\\/wp-content\\\/uploads\\\/2023\\\/07\\\/Belen-Trucco-96x96.jpg\",\"caption\":\"Bel\u00e9n Trucco\"},\"description\":\"Bel\u00e9n Trucco naci\u00f3 y se cri\u00f3 en Buenos Aires. Desde una edad temprana, mostr\u00f3 un gran inter\u00e9s por corregir faltas de ortograf\u00eda y pulir textos, lo que la llev\u00f3 a descubrir su pasi\u00f3n por la edici\u00f3n. Con determinaci\u00f3n y entusiasmo, Bel\u00e9n decidi\u00f3 convertir su amor por las palabras en una carrera y est\u00e1 cursando el \u00faltimo a\u00f1o de la carrera de Edici\u00f3n en la Universidad de Buenos Aires. Adem\u00e1s de su trabajo como editora, Bel\u00e9n tambi\u00e9n es una apasionada escritora. Volubtaria de Solidaridad Transformadora en Movimiento S ASOC\",\"url\":\"https:\\\/\\\/realidadempoderada.com\\\/es\\\/author\\\/belen\\\/\"}]}<\/script>\n<!-- \/ Yoast SEO plugin. -->","yoast_head_json":{"title":"Injusticia en el sistema de salud: El maltrato hacia las personas marginadas y la lucha por una atenci\u00f3n m\u00e9dica equitativa (Primera parte) - Realidad Empoderada","description":"Violencia encubierta: El maltrato en la atenci\u00f3n m\u00e9dica hacia las personas marginadas y la necesidad de justicia","robots":{"index":"index","follow":"follow","max-snippet":"max-snippet:-1","max-image-preview":"max-image-preview:large","max-video-preview":"max-video-preview:-1"},"canonical":"https:\/\/realidadempoderada.com\/es\/injusticia-en-el-sistema-de-salud-el-maltrato-hacia-las-personas-marginadas-y-la-lucha-por-una-atencion-medica-equitativa-primera-parte\/teoria\/historias-de-acompanamiento\/","og_locale":"es_ES","og_type":"article","og_title":"Injusticia en el sistema de salud: El maltrato hacia las personas marginadas y la lucha por una atenci\u00f3n m\u00e9dica equitativa (Primera parte) - Realidad Empoderada","og_description":"Violencia encubierta: El maltrato en la atenci\u00f3n m\u00e9dica hacia las personas marginadas y la necesidad de justicia","og_url":"https:\/\/realidadempoderada.com\/es\/injusticia-en-el-sistema-de-salud-el-maltrato-hacia-las-personas-marginadas-y-la-lucha-por-una-atencion-medica-equitativa-primera-parte\/teoria\/historias-de-acompanamiento\/","og_site_name":"Realidad Empoderada","article_publisher":"https:\/\/www.facebook.com\/RealidadEmpoderada\/","article_published_time":"2023-07-13T17:07:04+00:00","article_modified_time":"2023-07-13T17:38:54+00:00","og_image":[{"width":1599,"height":899,"url":"https:\/\/realidadempoderada.com\/wp-content\/uploads\/2023\/07\/Chiro.jpeg","type":"image\/jpeg"}],"author":"Bel\u00e9n Trucco","twitter_card":"summary_large_image","twitter_misc":{"Escrito por":"Bel\u00e9n Trucco","Tiempo de lectura":"1 minuto"},"schema":{"@context":"https:\/\/schema.org","@graph":[{"@type":"Article","@id":"https:\/\/realidadempoderada.com\/es\/injusticia-en-el-sistema-de-salud-el-maltrato-hacia-las-personas-marginadas-y-la-lucha-por-una-atencion-medica-equitativa-primera-parte\/teoria\/historias-de-acompanamiento\/#article","isPartOf":{"@id":"https:\/\/realidadempoderada.com\/es\/injusticia-en-el-sistema-de-salud-el-maltrato-hacia-las-personas-marginadas-y-la-lucha-por-una-atencion-medica-equitativa-primera-parte\/teoria\/historias-de-acompanamiento\/"},"author":{"name":"Bel\u00e9n Trucco","@id":"https:\/\/realidadempoderada.com\/es\/#\/schema\/person\/d52a589abb7ec5f007b3541266d58591"},"headline":"Injusticia en el sistema de salud: El maltrato hacia las personas marginadas y la lucha por una atenci\u00f3n m\u00e9dica equitativa (Primera parte)","datePublished":"2023-07-13T17:07:04+00:00","dateModified":"2023-07-13T17:38:54+00:00","mainEntityOfPage":{"@id":"https:\/\/realidadempoderada.com\/es\/injusticia-en-el-sistema-de-salud-el-maltrato-hacia-las-personas-marginadas-y-la-lucha-por-una-atencion-medica-equitativa-primera-parte\/teoria\/historias-de-acompanamiento\/"},"wordCount":485,"commentCount":0,"publisher":{"@id":"https:\/\/realidadempoderada.com\/es\/#organization"},"image":{"@id":"https:\/\/realidadempoderada.com\/es\/injusticia-en-el-sistema-de-salud-el-maltrato-hacia-las-personas-marginadas-y-la-lucha-por-una-atencion-medica-equitativa-primera-parte\/teoria\/historias-de-acompanamiento\/#primaryimage"},"thumbnailUrl":"https:\/\/realidadempoderada.com\/wp-content\/uploads\/2023\/07\/Chiro.jpeg","articleSection":["Historias de Acompa\u00f1amiento"],"inLanguage":"es","potentialAction":[{"@type":"CommentAction","name":"Comment","target":["https:\/\/realidadempoderada.com\/es\/injusticia-en-el-sistema-de-salud-el-maltrato-hacia-las-personas-marginadas-y-la-lucha-por-una-atencion-medica-equitativa-primera-parte\/teoria\/historias-de-acompanamiento\/#respond"]}]},{"@type":"WebPage","@id":"https:\/\/realidadempoderada.com\/es\/injusticia-en-el-sistema-de-salud-el-maltrato-hacia-las-personas-marginadas-y-la-lucha-por-una-atencion-medica-equitativa-primera-parte\/teoria\/historias-de-acompanamiento\/","url":"https:\/\/realidadempoderada.com\/es\/injusticia-en-el-sistema-de-salud-el-maltrato-hacia-las-personas-marginadas-y-la-lucha-por-una-atencion-medica-equitativa-primera-parte\/teoria\/historias-de-acompanamiento\/","name":"Injusticia en el sistema de salud: El maltrato hacia las personas marginadas y la lucha por una atenci\u00f3n m\u00e9dica equitativa (Primera parte) - Realidad Empoderada","isPartOf":{"@id":"https:\/\/realidadempoderada.com\/es\/#website"},"primaryImageOfPage":{"@id":"https:\/\/realidadempoderada.com\/es\/injusticia-en-el-sistema-de-salud-el-maltrato-hacia-las-personas-marginadas-y-la-lucha-por-una-atencion-medica-equitativa-primera-parte\/teoria\/historias-de-acompanamiento\/#primaryimage"},"image":{"@id":"https:\/\/realidadempoderada.com\/es\/injusticia-en-el-sistema-de-salud-el-maltrato-hacia-las-personas-marginadas-y-la-lucha-por-una-atencion-medica-equitativa-primera-parte\/teoria\/historias-de-acompanamiento\/#primaryimage"},"thumbnailUrl":"https:\/\/realidadempoderada.com\/wp-content\/uploads\/2023\/07\/Chiro.jpeg","datePublished":"2023-07-13T17:07:04+00:00","dateModified":"2023-07-13T17:38:54+00:00","description":"Violencia encubierta: El maltrato en la atenci\u00f3n m\u00e9dica hacia las personas marginadas y la necesidad de justicia","breadcrumb":{"@id":"https:\/\/realidadempoderada.com\/es\/injusticia-en-el-sistema-de-salud-el-maltrato-hacia-las-personas-marginadas-y-la-lucha-por-una-atencion-medica-equitativa-primera-parte\/teoria\/historias-de-acompanamiento\/#breadcrumb"},"inLanguage":"es","potentialAction":[{"@type":"ReadAction","target":["https:\/\/realidadempoderada.com\/es\/injusticia-en-el-sistema-de-salud-el-maltrato-hacia-las-personas-marginadas-y-la-lucha-por-una-atencion-medica-equitativa-primera-parte\/teoria\/historias-de-acompanamiento\/"]}]},{"@type":"ImageObject","inLanguage":"es","@id":"https:\/\/realidadempoderada.com\/es\/injusticia-en-el-sistema-de-salud-el-maltrato-hacia-las-personas-marginadas-y-la-lucha-por-una-atencion-medica-equitativa-primera-parte\/teoria\/historias-de-acompanamiento\/#primaryimage","url":"https:\/\/realidadempoderada.com\/wp-content\/uploads\/2023\/07\/Chiro.jpeg","contentUrl":"https:\/\/realidadempoderada.com\/wp-content\/uploads\/2023\/07\/Chiro.jpeg","width":1599,"height":899,"caption":"Hospital e Indigentes"},{"@type":"BreadcrumbList","@id":"https:\/\/realidadempoderada.com\/es\/injusticia-en-el-sistema-de-salud-el-maltrato-hacia-las-personas-marginadas-y-la-lucha-por-una-atencion-medica-equitativa-primera-parte\/teoria\/historias-de-acompanamiento\/#breadcrumb","itemListElement":[{"@type":"ListItem","position":1,"name":"Portada","item":"https:\/\/realidadempoderada.com\/es\/"},{"@type":"ListItem","position":2,"name":"Injusticia en el sistema de salud: El maltrato hacia las personas marginadas y la lucha por una atenci\u00f3n m\u00e9dica equitativa (Primera parte)"}]},{"@type":"WebSite","@id":"https:\/\/realidadempoderada.com\/es\/#website","url":"https:\/\/realidadempoderada.com\/es\/","name":"Realidad Empoderada","description":"\u2026 de la realidad virtual a la solidaridad","publisher":{"@id":"https:\/\/realidadempoderada.com\/es\/#organization"},"potentialAction":[{"@type":"SearchAction","target":{"@type":"EntryPoint","urlTemplate":"https:\/\/realidadempoderada.com\/es\/?s={search_term_string}"},"query-input":{"@type":"PropertyValueSpecification","valueRequired":true,"valueName":"search_term_string"}}],"inLanguage":"es"},{"@type":"Organization","@id":"https:\/\/realidadempoderada.com\/es\/#organization","name":"Realidad Empoderada","url":"https:\/\/realidadempoderada.com\/es\/","logo":{"@type":"ImageObject","inLanguage":"es","@id":"https:\/\/realidadempoderada.com\/es\/#\/schema\/logo\/image\/","url":"https:\/\/realidadempoderada.com\/wp-content\/uploads\/2018\/04\/Manos.jpg","contentUrl":"https:\/\/realidadempoderada.com\/wp-content\/uploads\/2018\/04\/Manos.jpg","width":300,"height":230,"caption":"Realidad Empoderada"},"image":{"@id":"https:\/\/realidadempoderada.com\/es\/#\/schema\/logo\/image\/"},"sameAs":["https:\/\/www.facebook.com\/RealidadEmpoderada\/"]},{"@type":"Person","@id":"https:\/\/realidadempoderada.com\/es\/#\/schema\/person\/d52a589abb7ec5f007b3541266d58591","name":"Bel\u00e9n Trucco","image":{"@type":"ImageObject","inLanguage":"es","@id":"https:\/\/realidadempoderada.com\/wp-content\/uploads\/2023\/07\/Belen-Trucco-96x96.jpg","url":"https:\/\/realidadempoderada.com\/wp-content\/uploads\/2023\/07\/Belen-Trucco-96x96.jpg","contentUrl":"https:\/\/realidadempoderada.com\/wp-content\/uploads\/2023\/07\/Belen-Trucco-96x96.jpg","caption":"Bel\u00e9n Trucco"},"description":"Bel\u00e9n Trucco naci\u00f3 y se cri\u00f3 en Buenos Aires. Desde una edad temprana, mostr\u00f3 un gran inter\u00e9s por corregir faltas de ortograf\u00eda y pulir textos, lo que la llev\u00f3 a descubrir su pasi\u00f3n por la edici\u00f3n. Con determinaci\u00f3n y entusiasmo, Bel\u00e9n decidi\u00f3 convertir su amor por las palabras en una carrera y est\u00e1 cursando el \u00faltimo a\u00f1o de la carrera de Edici\u00f3n en la Universidad de Buenos Aires. Adem\u00e1s de su trabajo como editora, Bel\u00e9n tambi\u00e9n es una apasionada escritora. Volubtaria de Solidaridad Transformadora en Movimiento S ASOC","url":"https:\/\/realidadempoderada.com\/es\/author\/belen\/"}]}},"jetpack_featured_media_url":"https:\/\/realidadempoderada.com\/wp-content\/uploads\/2023\/07\/Chiro.jpeg","jetpack_shortlink":"https:\/\/wp.me\/panXkF-wy","jetpack_sharing_enabled":true,"_links":{"self":[{"href":"https:\/\/realidadempoderada.com\/es\/wp-json\/wp\/v2\/posts\/2018","targetHints":{"allow":["GET"]}}],"collection":[{"href":"https:\/\/realidadempoderada.com\/es\/wp-json\/wp\/v2\/posts"}],"about":[{"href":"https:\/\/realidadempoderada.com\/es\/wp-json\/wp\/v2\/types\/post"}],"author":[{"embeddable":true,"href":"https:\/\/realidadempoderada.com\/es\/wp-json\/wp\/v2\/users\/24"}],"replies":[{"embeddable":true,"href":"https:\/\/realidadempoderada.com\/es\/wp-json\/wp\/v2\/comments?post=2018"}],"version-history":[{"count":3,"href":"https:\/\/realidadempoderada.com\/es\/wp-json\/wp\/v2\/posts\/2018\/revisions"}],"predecessor-version":[{"id":2036,"href":"https:\/\/realidadempoderada.com\/es\/wp-json\/wp\/v2\/posts\/2018\/revisions\/2036"}],"wp:featuredmedia":[{"embeddable":true,"href":"https:\/\/realidadempoderada.com\/es\/wp-json\/wp\/v2\/media\/2028"}],"wp:attachment":[{"href":"https:\/\/realidadempoderada.com\/es\/wp-json\/wp\/v2\/media?parent=2018"}],"wp:term":[{"taxonomy":"category","embeddable":true,"href":"https:\/\/realidadempoderada.com\/es\/wp-json\/wp\/v2\/categories?post=2018"},{"taxonomy":"post_tag","embeddable":true,"href":"https:\/\/realidadempoderada.com\/es\/wp-json\/wp\/v2\/tags?post=2018"}],"curies":[{"name":"wp","href":"https:\/\/api.w.org\/{rel}","templated":true}]}}