{"id":2023,"date":"2023-07-13T17:33:20","date_gmt":"2023-07-13T17:33:20","guid":{"rendered":"https:\/\/realidadempoderada.com\/?p=2023"},"modified":"2023-07-13T17:35:07","modified_gmt":"2023-07-13T17:35:07","slug":"injusticia-en-el-sistema-de-salud-el-maltrato-hacia-las-personas-marginadas-y-la-lucha-por-una-atencion-medica-equitativa-tercera-parte","status":"publish","type":"post","link":"https:\/\/realidadempoderada.com\/es\/injusticia-en-el-sistema-de-salud-el-maltrato-hacia-las-personas-marginadas-y-la-lucha-por-una-atencion-medica-equitativa-tercera-parte\/teoria\/historias-de-acompanamiento\/","title":{"rendered":"Injusticia en el sistema de salud: El maltrato hacia las personas marginadas y la lucha por una atenci\u00f3n m\u00e9dica equitativa (Tercera parte)"},"content":{"rendered":"<p>Te invito a leer <a href=\"https:\/\/realidadempoderada.com\/es\/injusticia-en-el-sistema-de-salud-el-maltrato-hacia-las-personas-marginadas-y-la-lucha-por-una-atencion-medica-equitativa-segunda-parte\/teoria\/historias-de-acompanamiento\/\" target=\"_blank\" rel=\"noopener\">el post anterior<\/a>.<\/p>\n<blockquote><p>\u00abPas\u00f3 aproximadamente una hora. En eso sale la doctora y nos llama. Y nos dice. \u2013ll\u00e9vensela \u2013 o algo muy pero muy parecido, no recuerdo la expresi\u00f3n exacta. Y dijo: \u2014Se sac\u00f3 el suero y dice que se quiere ir\u2026. Y hasta se orin\u00f3\u2014 , la Chiro segu\u00eda en estado de nerviosismo total, como\u00a0 alguien que est\u00e1 en un estado de shock -. Salimos a fuera del hospital y le ped\u00ed a Wilson que nos dejara solos. Pude calmarla, de a poco empez\u00f3 a recuperar el ritmo normal de la respiraci\u00f3n, lloraba, dec\u00eda que ya estaba perdida que solo quer\u00eda irse y dejarse abandonar, tambi\u00e9n me dec\u00eda: \u2014 \u00a1Yo le pido y le pido a Dios, pero no me escucha! \u2014 me lo dec\u00eda llorando. Pude calmarla\u00bb<\/p><\/blockquote>\n<p>Como acompa\u00f1ante tambi\u00e9n debemos estar preparados y actuar en pos del bienestar y seguridad de todos ante las situaciones que puedan llegar a tornarse peligrosas para la persona que est\u00e1 teniendo alguna crisis y quienes la rodean. En su libro, Gustavo dice: \u00abEn nuestro di\u00e1logo debemos mantenernos nivelados en un perfil bajo, increment\u00e1ndolo hasta llegar a una pr\u00e1ctica de igual a igual. En caso contrario, escucharemos no lo que la persona tiene para decir o aportar, sino lo que \u00e9l quiere que nosotros escuchemos inmerso en un di\u00e1logo estructurado, coincidente con la relaci\u00f3n cliente-proveedor establecida por el modelo vigente. No pudiendo, de esta manera, conocer su idiosincrasia, pensamientos, necesidades reales, aflicciones y sobre todo la manera en que esta persona eval\u00faa su propia situaci\u00f3n en el sistema establecido. Debemos evitar poner nuestra voz sobre la suya, y que esta quede callada\u00bb.<\/p>\n<p>Me pregunto, con bronca y con decepci\u00f3n: \u00bfA qu\u00e9 Dios veneramos los que vivimos c\u00f3modamente en nuestras casas, es acaso nuestra hipocres\u00eda la que cree que veneramos al Dios de los pobres?<\/p>\n<div class=\"content_block\" id=\"custom_post_widget-1347\"><hr \/>\n<h6><span style=\"text-decoration: underline;\"><span style=\"font-family: arial, helvetica, sans-serif; font-size: 10pt;\">Fuentes:<\/span><\/span><\/h6>\n<\/div>\n<p><a href=\"https:\/\/humanizationoftechnology.com\/producto\/cuando-los-pobres-nos-llaman-a-la-conversion\/\" target=\"_blank\" rel=\"noopener\">G. Reimondo, \u00abCuando los pobres nos llaman a la conversi\u00f3n\u00bb, 2018<\/a><\/p>\n","protected":false},"excerpt":{"rendered":"<div class=\"mh-excerpt\">Te invito a leer el post anterior. \u00abPas\u00f3 aproximadamente una hora. En eso sale la doctora y nos llama. Y nos dice. \u2013ll\u00e9vensela \u2013 o algo muy pero muy parecido, no recuerdo la expresi\u00f3n exacta. <a class=\"mh-excerpt-more\" href=\"https:\/\/realidadempoderada.com\/es\/injusticia-en-el-sistema-de-salud-el-maltrato-hacia-las-personas-marginadas-y-la-lucha-por-una-atencion-medica-equitativa-tercera-parte\/teoria\/historias-de-acompanamiento\/\" title=\"Injusticia en el sistema de salud: El maltrato hacia las personas marginadas y la lucha por una atenci\u00f3n m\u00e9dica equitativa (Tercera parte)\">[&#8230;]<\/a><\/div>\n","protected":false},"author":24,"featured_media":2028,"comment_status":"open","ping_status":"closed","sticky":false,"template":"","format":"standard","meta":{"_crdt_document":"","jetpack_post_was_ever_published":false,"_jetpack_newsletter_access":"","_jetpack_dont_email_post_to_subs":false,"_jetpack_newsletter_tier_id":0,"_jetpack_memberships_contains_paywalled_content":false,"_jetpack_memberships_contains_paid_content":false,"footnotes":""},"categories":[99],"tags":[],"class_list":{"0":"post-2023","1":"post","2":"type-post","3":"status-publish","4":"format-standard","5":"has-post-thumbnail","7":"category-historias-de-acompanamiento"},"yoast_head":"<!-- This site is optimized with the Yoast SEO plugin v27.4 - https:\/\/yoast.com\/product\/yoast-seo-wordpress\/ -->\n<title>Injusticia en el sistema de salud: El maltrato hacia las personas marginadas y la lucha por una atenci\u00f3n m\u00e9dica equitativa (Tercera parte) - Realidad Empoderada<\/title>\n<meta name=\"description\" content=\"Violencia encubierta: El maltrato en la atenci\u00f3n m\u00e9dica hacia las personas marginadas y la necesidad de justicia\" \/>\n<meta name=\"robots\" content=\"index, follow, max-snippet:-1, max-image-preview:large, max-video-preview:-1\" \/>\n<link rel=\"canonical\" href=\"https:\/\/realidadempoderada.com\/es\/injusticia-en-el-sistema-de-salud-el-maltrato-hacia-las-personas-marginadas-y-la-lucha-por-una-atencion-medica-equitativa-tercera-parte\/teoria\/historias-de-acompanamiento\/\" \/>\n<meta property=\"og:locale\" content=\"es_ES\" \/>\n<meta property=\"og:type\" content=\"article\" \/>\n<meta property=\"og:title\" content=\"Injusticia en el sistema de salud: El maltrato hacia las personas marginadas y la lucha por una atenci\u00f3n m\u00e9dica equitativa (Tercera parte) - Realidad Empoderada\" \/>\n<meta property=\"og:description\" content=\"Violencia encubierta: El maltrato en la atenci\u00f3n m\u00e9dica hacia las personas marginadas y la necesidad de justicia\" \/>\n<meta property=\"og:url\" content=\"https:\/\/realidadempoderada.com\/es\/injusticia-en-el-sistema-de-salud-el-maltrato-hacia-las-personas-marginadas-y-la-lucha-por-una-atencion-medica-equitativa-tercera-parte\/teoria\/historias-de-acompanamiento\/\" \/>\n<meta property=\"og:site_name\" content=\"Realidad Empoderada\" \/>\n<meta property=\"article:publisher\" content=\"https:\/\/www.facebook.com\/RealidadEmpoderada\/\" \/>\n<meta property=\"article:published_time\" content=\"2023-07-13T17:33:20+00:00\" \/>\n<meta property=\"article:modified_time\" content=\"2023-07-13T17:35:07+00:00\" \/>\n<meta property=\"og:image\" content=\"https:\/\/realidadempoderada.com\/wp-content\/uploads\/2023\/07\/Chiro.jpeg\" \/>\n\t<meta property=\"og:image:width\" content=\"1599\" \/>\n\t<meta property=\"og:image:height\" content=\"899\" \/>\n\t<meta property=\"og:image:type\" content=\"image\/jpeg\" \/>\n<meta name=\"author\" content=\"Bel\u00e9n Trucco\" \/>\n<meta name=\"twitter:card\" content=\"summary_large_image\" \/>\n<meta name=\"twitter:label1\" content=\"Escrito por\" \/>\n\t<meta name=\"twitter:data1\" content=\"Bel\u00e9n Trucco\" \/>\n\t<meta name=\"twitter:label2\" content=\"Tiempo de lectura\" \/>\n\t<meta name=\"twitter:data2\" content=\"1 minuto\" \/>\n<script type=\"application\/ld+json\" class=\"yoast-schema-graph\">{\"@context\":\"https:\\\/\\\/schema.org\",\"@graph\":[{\"@type\":\"Article\",\"@id\":\"https:\\\/\\\/realidadempoderada.com\\\/es\\\/injusticia-en-el-sistema-de-salud-el-maltrato-hacia-las-personas-marginadas-y-la-lucha-por-una-atencion-medica-equitativa-tercera-parte\\\/teoria\\\/historias-de-acompanamiento\\\/#article\",\"isPartOf\":{\"@id\":\"https:\\\/\\\/realidadempoderada.com\\\/es\\\/injusticia-en-el-sistema-de-salud-el-maltrato-hacia-las-personas-marginadas-y-la-lucha-por-una-atencion-medica-equitativa-tercera-parte\\\/teoria\\\/historias-de-acompanamiento\\\/\"},\"author\":{\"name\":\"Bel\u00e9n Trucco\",\"@id\":\"https:\\\/\\\/realidadempoderada.com\\\/es\\\/#\\\/schema\\\/person\\\/d52a589abb7ec5f007b3541266d58591\"},\"headline\":\"Injusticia en el sistema de salud: El maltrato hacia las personas marginadas y la lucha por una atenci\u00f3n m\u00e9dica equitativa (Tercera parte)\",\"datePublished\":\"2023-07-13T17:33:20+00:00\",\"dateModified\":\"2023-07-13T17:35:07+00:00\",\"mainEntityOfPage\":{\"@id\":\"https:\\\/\\\/realidadempoderada.com\\\/es\\\/injusticia-en-el-sistema-de-salud-el-maltrato-hacia-las-personas-marginadas-y-la-lucha-por-una-atencion-medica-equitativa-tercera-parte\\\/teoria\\\/historias-de-acompanamiento\\\/\"},\"wordCount\":364,\"commentCount\":0,\"publisher\":{\"@id\":\"https:\\\/\\\/realidadempoderada.com\\\/es\\\/#organization\"},\"image\":{\"@id\":\"https:\\\/\\\/realidadempoderada.com\\\/es\\\/injusticia-en-el-sistema-de-salud-el-maltrato-hacia-las-personas-marginadas-y-la-lucha-por-una-atencion-medica-equitativa-tercera-parte\\\/teoria\\\/historias-de-acompanamiento\\\/#primaryimage\"},\"thumbnailUrl\":\"https:\\\/\\\/realidadempoderada.com\\\/wp-content\\\/uploads\\\/2023\\\/07\\\/Chiro.jpeg\",\"articleSection\":[\"Historias de Acompa\u00f1amiento\"],\"inLanguage\":\"es\",\"potentialAction\":[{\"@type\":\"CommentAction\",\"name\":\"Comment\",\"target\":[\"https:\\\/\\\/realidadempoderada.com\\\/es\\\/injusticia-en-el-sistema-de-salud-el-maltrato-hacia-las-personas-marginadas-y-la-lucha-por-una-atencion-medica-equitativa-tercera-parte\\\/teoria\\\/historias-de-acompanamiento\\\/#respond\"]}]},{\"@type\":\"WebPage\",\"@id\":\"https:\\\/\\\/realidadempoderada.com\\\/es\\\/injusticia-en-el-sistema-de-salud-el-maltrato-hacia-las-personas-marginadas-y-la-lucha-por-una-atencion-medica-equitativa-tercera-parte\\\/teoria\\\/historias-de-acompanamiento\\\/\",\"url\":\"https:\\\/\\\/realidadempoderada.com\\\/es\\\/injusticia-en-el-sistema-de-salud-el-maltrato-hacia-las-personas-marginadas-y-la-lucha-por-una-atencion-medica-equitativa-tercera-parte\\\/teoria\\\/historias-de-acompanamiento\\\/\",\"name\":\"Injusticia en el sistema de salud: El maltrato hacia las personas marginadas y la lucha por una atenci\u00f3n m\u00e9dica equitativa (Tercera parte) - Realidad Empoderada\",\"isPartOf\":{\"@id\":\"https:\\\/\\\/realidadempoderada.com\\\/es\\\/#website\"},\"primaryImageOfPage\":{\"@id\":\"https:\\\/\\\/realidadempoderada.com\\\/es\\\/injusticia-en-el-sistema-de-salud-el-maltrato-hacia-las-personas-marginadas-y-la-lucha-por-una-atencion-medica-equitativa-tercera-parte\\\/teoria\\\/historias-de-acompanamiento\\\/#primaryimage\"},\"image\":{\"@id\":\"https:\\\/\\\/realidadempoderada.com\\\/es\\\/injusticia-en-el-sistema-de-salud-el-maltrato-hacia-las-personas-marginadas-y-la-lucha-por-una-atencion-medica-equitativa-tercera-parte\\\/teoria\\\/historias-de-acompanamiento\\\/#primaryimage\"},\"thumbnailUrl\":\"https:\\\/\\\/realidadempoderada.com\\\/wp-content\\\/uploads\\\/2023\\\/07\\\/Chiro.jpeg\",\"datePublished\":\"2023-07-13T17:33:20+00:00\",\"dateModified\":\"2023-07-13T17:35:07+00:00\",\"description\":\"Violencia encubierta: El maltrato en la atenci\u00f3n m\u00e9dica hacia las personas marginadas y la necesidad de justicia\",\"breadcrumb\":{\"@id\":\"https:\\\/\\\/realidadempoderada.com\\\/es\\\/injusticia-en-el-sistema-de-salud-el-maltrato-hacia-las-personas-marginadas-y-la-lucha-por-una-atencion-medica-equitativa-tercera-parte\\\/teoria\\\/historias-de-acompanamiento\\\/#breadcrumb\"},\"inLanguage\":\"es\",\"potentialAction\":[{\"@type\":\"ReadAction\",\"target\":[\"https:\\\/\\\/realidadempoderada.com\\\/es\\\/injusticia-en-el-sistema-de-salud-el-maltrato-hacia-las-personas-marginadas-y-la-lucha-por-una-atencion-medica-equitativa-tercera-parte\\\/teoria\\\/historias-de-acompanamiento\\\/\"]}]},{\"@type\":\"ImageObject\",\"inLanguage\":\"es\",\"@id\":\"https:\\\/\\\/realidadempoderada.com\\\/es\\\/injusticia-en-el-sistema-de-salud-el-maltrato-hacia-las-personas-marginadas-y-la-lucha-por-una-atencion-medica-equitativa-tercera-parte\\\/teoria\\\/historias-de-acompanamiento\\\/#primaryimage\",\"url\":\"https:\\\/\\\/realidadempoderada.com\\\/wp-content\\\/uploads\\\/2023\\\/07\\\/Chiro.jpeg\",\"contentUrl\":\"https:\\\/\\\/realidadempoderada.com\\\/wp-content\\\/uploads\\\/2023\\\/07\\\/Chiro.jpeg\",\"width\":1599,\"height\":899,\"caption\":\"Hospital e Indigentes\"},{\"@type\":\"BreadcrumbList\",\"@id\":\"https:\\\/\\\/realidadempoderada.com\\\/es\\\/injusticia-en-el-sistema-de-salud-el-maltrato-hacia-las-personas-marginadas-y-la-lucha-por-una-atencion-medica-equitativa-tercera-parte\\\/teoria\\\/historias-de-acompanamiento\\\/#breadcrumb\",\"itemListElement\":[{\"@type\":\"ListItem\",\"position\":1,\"name\":\"Portada\",\"item\":\"https:\\\/\\\/realidadempoderada.com\\\/es\\\/\"},{\"@type\":\"ListItem\",\"position\":2,\"name\":\"Injusticia en el sistema de salud: El maltrato hacia las personas marginadas y la lucha por una atenci\u00f3n m\u00e9dica equitativa (Tercera parte)\"}]},{\"@type\":\"WebSite\",\"@id\":\"https:\\\/\\\/realidadempoderada.com\\\/es\\\/#website\",\"url\":\"https:\\\/\\\/realidadempoderada.com\\\/es\\\/\",\"name\":\"Realidad Empoderada\",\"description\":\"\u2026 de la realidad virtual a la solidaridad\",\"publisher\":{\"@id\":\"https:\\\/\\\/realidadempoderada.com\\\/es\\\/#organization\"},\"potentialAction\":[{\"@type\":\"SearchAction\",\"target\":{\"@type\":\"EntryPoint\",\"urlTemplate\":\"https:\\\/\\\/realidadempoderada.com\\\/es\\\/?s={search_term_string}\"},\"query-input\":{\"@type\":\"PropertyValueSpecification\",\"valueRequired\":true,\"valueName\":\"search_term_string\"}}],\"inLanguage\":\"es\"},{\"@type\":\"Organization\",\"@id\":\"https:\\\/\\\/realidadempoderada.com\\\/es\\\/#organization\",\"name\":\"Realidad Empoderada\",\"url\":\"https:\\\/\\\/realidadempoderada.com\\\/es\\\/\",\"logo\":{\"@type\":\"ImageObject\",\"inLanguage\":\"es\",\"@id\":\"https:\\\/\\\/realidadempoderada.com\\\/es\\\/#\\\/schema\\\/logo\\\/image\\\/\",\"url\":\"https:\\\/\\\/realidadempoderada.com\\\/wp-content\\\/uploads\\\/2018\\\/04\\\/Manos.jpg\",\"contentUrl\":\"https:\\\/\\\/realidadempoderada.com\\\/wp-content\\\/uploads\\\/2018\\\/04\\\/Manos.jpg\",\"width\":300,\"height\":230,\"caption\":\"Realidad Empoderada\"},\"image\":{\"@id\":\"https:\\\/\\\/realidadempoderada.com\\\/es\\\/#\\\/schema\\\/logo\\\/image\\\/\"},\"sameAs\":[\"https:\\\/\\\/www.facebook.com\\\/RealidadEmpoderada\\\/\"]},{\"@type\":\"Person\",\"@id\":\"https:\\\/\\\/realidadempoderada.com\\\/es\\\/#\\\/schema\\\/person\\\/d52a589abb7ec5f007b3541266d58591\",\"name\":\"Bel\u00e9n Trucco\",\"image\":{\"@type\":\"ImageObject\",\"inLanguage\":\"es\",\"@id\":\"https:\\\/\\\/realidadempoderada.com\\\/wp-content\\\/uploads\\\/2023\\\/07\\\/Belen-Trucco-96x96.jpg\",\"url\":\"https:\\\/\\\/realidadempoderada.com\\\/wp-content\\\/uploads\\\/2023\\\/07\\\/Belen-Trucco-96x96.jpg\",\"contentUrl\":\"https:\\\/\\\/realidadempoderada.com\\\/wp-content\\\/uploads\\\/2023\\\/07\\\/Belen-Trucco-96x96.jpg\",\"caption\":\"Bel\u00e9n Trucco\"},\"description\":\"Bel\u00e9n Trucco naci\u00f3 y se cri\u00f3 en Buenos Aires. Desde una edad temprana, mostr\u00f3 un gran inter\u00e9s por corregir faltas de ortograf\u00eda y pulir textos, lo que la llev\u00f3 a descubrir su pasi\u00f3n por la edici\u00f3n. Con determinaci\u00f3n y entusiasmo, Bel\u00e9n decidi\u00f3 convertir su amor por las palabras en una carrera y est\u00e1 cursando el \u00faltimo a\u00f1o de la carrera de Edici\u00f3n en la Universidad de Buenos Aires. Adem\u00e1s de su trabajo como editora, Bel\u00e9n tambi\u00e9n es una apasionada escritora. Volubtaria de Solidaridad Transformadora en Movimiento S ASOC\",\"url\":\"https:\\\/\\\/realidadempoderada.com\\\/es\\\/author\\\/belen\\\/\"}]}<\/script>\n<!-- \/ Yoast SEO plugin. -->","yoast_head_json":{"title":"Injusticia en el sistema de salud: El maltrato hacia las personas marginadas y la lucha por una atenci\u00f3n m\u00e9dica equitativa (Tercera parte) - Realidad Empoderada","description":"Violencia encubierta: El maltrato en la atenci\u00f3n m\u00e9dica hacia las personas marginadas y la necesidad de justicia","robots":{"index":"index","follow":"follow","max-snippet":"max-snippet:-1","max-image-preview":"max-image-preview:large","max-video-preview":"max-video-preview:-1"},"canonical":"https:\/\/realidadempoderada.com\/es\/injusticia-en-el-sistema-de-salud-el-maltrato-hacia-las-personas-marginadas-y-la-lucha-por-una-atencion-medica-equitativa-tercera-parte\/teoria\/historias-de-acompanamiento\/","og_locale":"es_ES","og_type":"article","og_title":"Injusticia en el sistema de salud: El maltrato hacia las personas marginadas y la lucha por una atenci\u00f3n m\u00e9dica equitativa (Tercera parte) - Realidad Empoderada","og_description":"Violencia encubierta: El maltrato en la atenci\u00f3n m\u00e9dica hacia las personas marginadas y la necesidad de justicia","og_url":"https:\/\/realidadempoderada.com\/es\/injusticia-en-el-sistema-de-salud-el-maltrato-hacia-las-personas-marginadas-y-la-lucha-por-una-atencion-medica-equitativa-tercera-parte\/teoria\/historias-de-acompanamiento\/","og_site_name":"Realidad Empoderada","article_publisher":"https:\/\/www.facebook.com\/RealidadEmpoderada\/","article_published_time":"2023-07-13T17:33:20+00:00","article_modified_time":"2023-07-13T17:35:07+00:00","og_image":[{"width":1599,"height":899,"url":"https:\/\/realidadempoderada.com\/wp-content\/uploads\/2023\/07\/Chiro.jpeg","type":"image\/jpeg"}],"author":"Bel\u00e9n Trucco","twitter_card":"summary_large_image","twitter_misc":{"Escrito por":"Bel\u00e9n Trucco","Tiempo de lectura":"1 minuto"},"schema":{"@context":"https:\/\/schema.org","@graph":[{"@type":"Article","@id":"https:\/\/realidadempoderada.com\/es\/injusticia-en-el-sistema-de-salud-el-maltrato-hacia-las-personas-marginadas-y-la-lucha-por-una-atencion-medica-equitativa-tercera-parte\/teoria\/historias-de-acompanamiento\/#article","isPartOf":{"@id":"https:\/\/realidadempoderada.com\/es\/injusticia-en-el-sistema-de-salud-el-maltrato-hacia-las-personas-marginadas-y-la-lucha-por-una-atencion-medica-equitativa-tercera-parte\/teoria\/historias-de-acompanamiento\/"},"author":{"name":"Bel\u00e9n Trucco","@id":"https:\/\/realidadempoderada.com\/es\/#\/schema\/person\/d52a589abb7ec5f007b3541266d58591"},"headline":"Injusticia en el sistema de salud: El maltrato hacia las personas marginadas y la lucha por una atenci\u00f3n m\u00e9dica equitativa (Tercera parte)","datePublished":"2023-07-13T17:33:20+00:00","dateModified":"2023-07-13T17:35:07+00:00","mainEntityOfPage":{"@id":"https:\/\/realidadempoderada.com\/es\/injusticia-en-el-sistema-de-salud-el-maltrato-hacia-las-personas-marginadas-y-la-lucha-por-una-atencion-medica-equitativa-tercera-parte\/teoria\/historias-de-acompanamiento\/"},"wordCount":364,"commentCount":0,"publisher":{"@id":"https:\/\/realidadempoderada.com\/es\/#organization"},"image":{"@id":"https:\/\/realidadempoderada.com\/es\/injusticia-en-el-sistema-de-salud-el-maltrato-hacia-las-personas-marginadas-y-la-lucha-por-una-atencion-medica-equitativa-tercera-parte\/teoria\/historias-de-acompanamiento\/#primaryimage"},"thumbnailUrl":"https:\/\/realidadempoderada.com\/wp-content\/uploads\/2023\/07\/Chiro.jpeg","articleSection":["Historias de Acompa\u00f1amiento"],"inLanguage":"es","potentialAction":[{"@type":"CommentAction","name":"Comment","target":["https:\/\/realidadempoderada.com\/es\/injusticia-en-el-sistema-de-salud-el-maltrato-hacia-las-personas-marginadas-y-la-lucha-por-una-atencion-medica-equitativa-tercera-parte\/teoria\/historias-de-acompanamiento\/#respond"]}]},{"@type":"WebPage","@id":"https:\/\/realidadempoderada.com\/es\/injusticia-en-el-sistema-de-salud-el-maltrato-hacia-las-personas-marginadas-y-la-lucha-por-una-atencion-medica-equitativa-tercera-parte\/teoria\/historias-de-acompanamiento\/","url":"https:\/\/realidadempoderada.com\/es\/injusticia-en-el-sistema-de-salud-el-maltrato-hacia-las-personas-marginadas-y-la-lucha-por-una-atencion-medica-equitativa-tercera-parte\/teoria\/historias-de-acompanamiento\/","name":"Injusticia en el sistema de salud: El maltrato hacia las personas marginadas y la lucha por una atenci\u00f3n m\u00e9dica equitativa (Tercera parte) - Realidad Empoderada","isPartOf":{"@id":"https:\/\/realidadempoderada.com\/es\/#website"},"primaryImageOfPage":{"@id":"https:\/\/realidadempoderada.com\/es\/injusticia-en-el-sistema-de-salud-el-maltrato-hacia-las-personas-marginadas-y-la-lucha-por-una-atencion-medica-equitativa-tercera-parte\/teoria\/historias-de-acompanamiento\/#primaryimage"},"image":{"@id":"https:\/\/realidadempoderada.com\/es\/injusticia-en-el-sistema-de-salud-el-maltrato-hacia-las-personas-marginadas-y-la-lucha-por-una-atencion-medica-equitativa-tercera-parte\/teoria\/historias-de-acompanamiento\/#primaryimage"},"thumbnailUrl":"https:\/\/realidadempoderada.com\/wp-content\/uploads\/2023\/07\/Chiro.jpeg","datePublished":"2023-07-13T17:33:20+00:00","dateModified":"2023-07-13T17:35:07+00:00","description":"Violencia encubierta: El maltrato en la atenci\u00f3n m\u00e9dica hacia las personas marginadas y la necesidad de justicia","breadcrumb":{"@id":"https:\/\/realidadempoderada.com\/es\/injusticia-en-el-sistema-de-salud-el-maltrato-hacia-las-personas-marginadas-y-la-lucha-por-una-atencion-medica-equitativa-tercera-parte\/teoria\/historias-de-acompanamiento\/#breadcrumb"},"inLanguage":"es","potentialAction":[{"@type":"ReadAction","target":["https:\/\/realidadempoderada.com\/es\/injusticia-en-el-sistema-de-salud-el-maltrato-hacia-las-personas-marginadas-y-la-lucha-por-una-atencion-medica-equitativa-tercera-parte\/teoria\/historias-de-acompanamiento\/"]}]},{"@type":"ImageObject","inLanguage":"es","@id":"https:\/\/realidadempoderada.com\/es\/injusticia-en-el-sistema-de-salud-el-maltrato-hacia-las-personas-marginadas-y-la-lucha-por-una-atencion-medica-equitativa-tercera-parte\/teoria\/historias-de-acompanamiento\/#primaryimage","url":"https:\/\/realidadempoderada.com\/wp-content\/uploads\/2023\/07\/Chiro.jpeg","contentUrl":"https:\/\/realidadempoderada.com\/wp-content\/uploads\/2023\/07\/Chiro.jpeg","width":1599,"height":899,"caption":"Hospital e Indigentes"},{"@type":"BreadcrumbList","@id":"https:\/\/realidadempoderada.com\/es\/injusticia-en-el-sistema-de-salud-el-maltrato-hacia-las-personas-marginadas-y-la-lucha-por-una-atencion-medica-equitativa-tercera-parte\/teoria\/historias-de-acompanamiento\/#breadcrumb","itemListElement":[{"@type":"ListItem","position":1,"name":"Portada","item":"https:\/\/realidadempoderada.com\/es\/"},{"@type":"ListItem","position":2,"name":"Injusticia en el sistema de salud: El maltrato hacia las personas marginadas y la lucha por una atenci\u00f3n m\u00e9dica equitativa (Tercera parte)"}]},{"@type":"WebSite","@id":"https:\/\/realidadempoderada.com\/es\/#website","url":"https:\/\/realidadempoderada.com\/es\/","name":"Realidad Empoderada","description":"\u2026 de la realidad virtual a la solidaridad","publisher":{"@id":"https:\/\/realidadempoderada.com\/es\/#organization"},"potentialAction":[{"@type":"SearchAction","target":{"@type":"EntryPoint","urlTemplate":"https:\/\/realidadempoderada.com\/es\/?s={search_term_string}"},"query-input":{"@type":"PropertyValueSpecification","valueRequired":true,"valueName":"search_term_string"}}],"inLanguage":"es"},{"@type":"Organization","@id":"https:\/\/realidadempoderada.com\/es\/#organization","name":"Realidad Empoderada","url":"https:\/\/realidadempoderada.com\/es\/","logo":{"@type":"ImageObject","inLanguage":"es","@id":"https:\/\/realidadempoderada.com\/es\/#\/schema\/logo\/image\/","url":"https:\/\/realidadempoderada.com\/wp-content\/uploads\/2018\/04\/Manos.jpg","contentUrl":"https:\/\/realidadempoderada.com\/wp-content\/uploads\/2018\/04\/Manos.jpg","width":300,"height":230,"caption":"Realidad Empoderada"},"image":{"@id":"https:\/\/realidadempoderada.com\/es\/#\/schema\/logo\/image\/"},"sameAs":["https:\/\/www.facebook.com\/RealidadEmpoderada\/"]},{"@type":"Person","@id":"https:\/\/realidadempoderada.com\/es\/#\/schema\/person\/d52a589abb7ec5f007b3541266d58591","name":"Bel\u00e9n Trucco","image":{"@type":"ImageObject","inLanguage":"es","@id":"https:\/\/realidadempoderada.com\/wp-content\/uploads\/2023\/07\/Belen-Trucco-96x96.jpg","url":"https:\/\/realidadempoderada.com\/wp-content\/uploads\/2023\/07\/Belen-Trucco-96x96.jpg","contentUrl":"https:\/\/realidadempoderada.com\/wp-content\/uploads\/2023\/07\/Belen-Trucco-96x96.jpg","caption":"Bel\u00e9n Trucco"},"description":"Bel\u00e9n Trucco naci\u00f3 y se cri\u00f3 en Buenos Aires. Desde una edad temprana, mostr\u00f3 un gran inter\u00e9s por corregir faltas de ortograf\u00eda y pulir textos, lo que la llev\u00f3 a descubrir su pasi\u00f3n por la edici\u00f3n. Con determinaci\u00f3n y entusiasmo, Bel\u00e9n decidi\u00f3 convertir su amor por las palabras en una carrera y est\u00e1 cursando el \u00faltimo a\u00f1o de la carrera de Edici\u00f3n en la Universidad de Buenos Aires. Adem\u00e1s de su trabajo como editora, Bel\u00e9n tambi\u00e9n es una apasionada escritora. Volubtaria de Solidaridad Transformadora en Movimiento S ASOC","url":"https:\/\/realidadempoderada.com\/es\/author\/belen\/"}]}},"jetpack_featured_media_url":"https:\/\/realidadempoderada.com\/wp-content\/uploads\/2023\/07\/Chiro.jpeg","jetpack_shortlink":"https:\/\/wp.me\/panXkF-wD","jetpack_sharing_enabled":true,"_links":{"self":[{"href":"https:\/\/realidadempoderada.com\/es\/wp-json\/wp\/v2\/posts\/2023","targetHints":{"allow":["GET"]}}],"collection":[{"href":"https:\/\/realidadempoderada.com\/es\/wp-json\/wp\/v2\/posts"}],"about":[{"href":"https:\/\/realidadempoderada.com\/es\/wp-json\/wp\/v2\/types\/post"}],"author":[{"embeddable":true,"href":"https:\/\/realidadempoderada.com\/es\/wp-json\/wp\/v2\/users\/24"}],"replies":[{"embeddable":true,"href":"https:\/\/realidadempoderada.com\/es\/wp-json\/wp\/v2\/comments?post=2023"}],"version-history":[{"count":4,"href":"https:\/\/realidadempoderada.com\/es\/wp-json\/wp\/v2\/posts\/2023\/revisions"}],"predecessor-version":[{"id":2032,"href":"https:\/\/realidadempoderada.com\/es\/wp-json\/wp\/v2\/posts\/2023\/revisions\/2032"}],"wp:featuredmedia":[{"embeddable":true,"href":"https:\/\/realidadempoderada.com\/es\/wp-json\/wp\/v2\/media\/2028"}],"wp:attachment":[{"href":"https:\/\/realidadempoderada.com\/es\/wp-json\/wp\/v2\/media?parent=2023"}],"wp:term":[{"taxonomy":"category","embeddable":true,"href":"https:\/\/realidadempoderada.com\/es\/wp-json\/wp\/v2\/categories?post=2023"},{"taxonomy":"post_tag","embeddable":true,"href":"https:\/\/realidadempoderada.com\/es\/wp-json\/wp\/v2\/tags?post=2023"}],"curies":[{"name":"wp","href":"https:\/\/api.w.org\/{rel}","templated":true}]}}