{"id":2198,"date":"2023-12-15T09:32:59","date_gmt":"2023-12-15T12:32:59","guid":{"rendered":"https:\/\/realidadempoderada.com\/?p=2198"},"modified":"2026-04-02T18:12:31","modified_gmt":"2026-04-02T21:12:31","slug":"nuevos-libros-en-desarrollo-para-empoderar-a-la-familia-de-la-calle","status":"publish","type":"post","link":"https:\/\/realidadempoderada.com\/es\/nuevos-libros-en-desarrollo-para-empoderar-a-la-familia-de-la-calle\/teoria\/","title":{"rendered":"Nuevos libros en desarrollo para empoderar a la Familia de la Calle"},"content":{"rendered":"<p>Hace un tiempo que ven\u00eda pensando en\u00a0<strong>generar m\u00e1s bibliograf\u00eda sobre mi acompa\u00f1amiento a la familia de la calle y a personas en situaci\u00f3n de calle<\/strong>. A veces las personas confunden el fin de estos libros creyendo que se trata de una compilaci\u00f3n de relatos. Pero no es as\u00ed; si bien tienen relatos y narrativas, el centro de los escritos est\u00e1 en describir una praxis (reformulaci\u00f3n continua de una teor\u00eda con base en una pr\u00e1ctica social), contextos, reflexiones filos\u00f3ficas y espirituales para poder abordar el acompa\u00f1amiento a grupos de calle. Por supuesto, siempre vinculados a la historicidad del grupo.<br \/>\nEl primer libro ya todos lo conocen; los otros son los que voy a comenzar a trabajar, quiz\u00e1s algunos en simult\u00e1neo.<\/p>\n<h2><strong>Cuando los pobres nos llaman a la conversi\u00f3n<\/strong><\/h2>\n<p>(Ya en <a href=\"https:\/\/humanizationoftechnology.com\/producto\/cuando-los-pobres-nos-llaman-a-la-conversion-libro-impreso\/\" target=\"_blank\" rel=\"noopener\">medio impreso solo para Argentina<\/a> y <a href=\"https:\/\/humanizationoftechnology.com\/producto\/cuando-los-pobres-nos-llaman-a-la-conversion\/\" target=\"_blank\" rel=\"noopener\">digital en formato e-libro<\/a>)<strong><br \/>\n<\/strong>La edici\u00f3n actual surgi\u00f3 de un ofrecimiento de algunos muchachos de la FTL (Fraternidad Teol\u00f3gica Latinoamericana) para editar un libro basado en una presentaci\u00f3n que hice. No hay que confundir este manual con mis relatos que comparto en algunas redes sociales. El libro apunta principalmente a contextualizar al lector con la familia de la calle, comprender determinados conceptos para las visitaciones, el acompa\u00f1amiento y la educaci\u00f3n b\u00e1sica para el acompa\u00f1amiento solidario. Desarrolla filosof\u00edas y conceptos de espiritualidad para una relaci\u00f3n horizontal y no dominadora. Es innegable que la aproximaci\u00f3n al otro est\u00e1 \u00edntimamente relacionada con conceptos b\u00e1sicos de la filosof\u00eda de la liberaci\u00f3n y, obviamente, con la teolog\u00eda de la liberaci\u00f3n.<\/p>\n<h2><strong>Cuando los marginados nos llaman a la transformaci\u00f3n<\/strong><\/h2>\n<p>La idea es desarrollar una versi\u00f3n m\u00e1s secular y profunda de la etapa y procesos que describe el libro: Cuando los pobres nos llaman a la conversi\u00f3n. Luego, seguir con dos etapas m\u00e1s donde el an\u00e1lisis avanza sobre los talleres y otros liderazgos, m\u00e9todos educativos y de contenci\u00f3n en la calle y en mi casa. La idea ser\u00eda cubrir la primera d\u00e9cada. No confundir mis libros con series de relatos, porque no poseen dicha estructura, m\u00e1s bien describen contextos, procesos, teor\u00edas y descripci\u00f3n de una praxis.<\/p>\n<h2><strong>Acompa\u00f1amiento a amigos en situaci\u00f3n de calle en tiempos de crisis<\/strong><\/h2>\n<p>El desarrollo estar\u00eda basado en el periodo de pandemia y pospandemia.<\/p>\n<h2><strong>Empoderamiento a La Familia de la Calle<\/strong><\/h2>\n<p>Este ser\u00e1 un proyecto a largo plazo. La idea es trabajar sobre los lineamientos de determinados procesos hist\u00f3ricos de la familia de la calle, sus contextos sociales, teor\u00edas, reflexiones y m\u00e9todos aplicados en diferentes momentos y actores en el movimiento.<\/p>\n<h2><strong>Acercarse a nuestros vecinos en situaci\u00f3n de calle<\/strong><\/h2>\n<p>Ser\u00e1 una gu\u00eda sencilla, clara y orientada a describir una gu\u00eda b\u00e1sica para que el vecino pueda encontrar una ayuda para acercarse a las personas en situaci\u00f3n de calle y poder llevar en el tiempo acciones y relaciones que se mantengan en el tiempo.<\/p>\n","protected":false},"excerpt":{"rendered":"<div class=\"mh-excerpt\">Hace un tiempo que ven\u00eda pensando en\u00a0generar m\u00e1s bibliograf\u00eda sobre mi acompa\u00f1amiento a la familia de la calle y a personas en situaci\u00f3n de calle. A veces las personas confunden el fin de estos libros <a class=\"mh-excerpt-more\" href=\"https:\/\/realidadempoderada.com\/es\/nuevos-libros-en-desarrollo-para-empoderar-a-la-familia-de-la-calle\/teoria\/\" title=\"Nuevos libros en desarrollo para empoderar a la Familia de la Calle\">[&#8230;]<\/a><\/div>\n","protected":false},"author":12,"featured_media":2199,"comment_status":"open","ping_status":"open","sticky":false,"template":"","format":"standard","meta":{"_crdt_document":"","jetpack_post_was_ever_published":false,"_jetpack_newsletter_access":"","_jetpack_dont_email_post_to_subs":false,"_jetpack_newsletter_tier_id":0,"_jetpack_memberships_contains_paywalled_content":false,"_jetpack_memberships_contains_paid_content":false,"footnotes":""},"categories":[19],"tags":[91,90,22],"class_list":{"0":"post-2198","1":"post","2":"type-post","3":"status-publish","4":"format-standard","5":"has-post-thumbnail","7":"category-teoria","8":"tag-acompanamiento-no-colonizador","9":"tag-acompanamiento-solidario","10":"tag-empoderamiento"},"yoast_head":"<!-- This site is optimized with the Yoast SEO plugin v27.4 - https:\/\/yoast.com\/product\/yoast-seo-wordpress\/ -->\n<title>Nuevos libros en desarrollo para empoderar a la Familia de la Calle - Realidad Empoderada<\/title>\n<meta name=\"description\" content=\"Libros especializados sobre el empoderamiento de comunidades de base de personas y familias en situaci\u00f3n de calle\" \/>\n<meta name=\"robots\" content=\"index, follow, max-snippet:-1, max-image-preview:large, max-video-preview:-1\" \/>\n<link rel=\"canonical\" href=\"https:\/\/realidadempoderada.com\/es\/nuevos-libros-en-desarrollo-para-empoderar-a-la-familia-de-la-calle\/teoria\/\" \/>\n<meta property=\"og:locale\" content=\"es_ES\" \/>\n<meta property=\"og:type\" content=\"article\" \/>\n<meta property=\"og:title\" content=\"Nuevos libros en desarrollo para empoderar a la Familia de la Calle - Realidad Empoderada\" \/>\n<meta property=\"og:description\" content=\"Libros especializados sobre el empoderamiento de comunidades de base de personas y familias en situaci\u00f3n de calle\" \/>\n<meta property=\"og:url\" content=\"https:\/\/realidadempoderada.com\/es\/nuevos-libros-en-desarrollo-para-empoderar-a-la-familia-de-la-calle\/teoria\/\" \/>\n<meta property=\"og:site_name\" content=\"Realidad Empoderada\" \/>\n<meta property=\"article:publisher\" content=\"https:\/\/www.facebook.com\/RealidadEmpoderada\/\" \/>\n<meta property=\"article:published_time\" content=\"2023-12-15T12:32:59+00:00\" \/>\n<meta property=\"article:modified_time\" content=\"2026-04-02T21:12:31+00:00\" \/>\n<meta property=\"og:image\" content=\"https:\/\/realidadempoderada.com\/wp-content\/uploads\/2023\/12\/Anuncio.jpg\" \/>\n\t<meta property=\"og:image:width\" content=\"1920\" \/>\n\t<meta property=\"og:image:height\" content=\"1080\" \/>\n\t<meta property=\"og:image:type\" content=\"image\/jpeg\" \/>\n<meta name=\"author\" content=\"Gustavo Reimondo\" \/>\n<meta name=\"twitter:card\" content=\"summary_large_image\" \/>\n<meta name=\"twitter:label1\" content=\"Escrito por\" \/>\n\t<meta name=\"twitter:data1\" content=\"Gustavo Reimondo\" \/>\n\t<meta name=\"twitter:label2\" content=\"Tiempo de lectura\" \/>\n\t<meta name=\"twitter:data2\" content=\"3 minutos\" \/>\n<script type=\"application\/ld+json\" class=\"yoast-schema-graph\">{\"@context\":\"https:\\\/\\\/schema.org\",\"@graph\":[{\"@type\":\"Article\",\"@id\":\"https:\\\/\\\/realidadempoderada.com\\\/es\\\/nuevos-libros-en-desarrollo-para-empoderar-a-la-familia-de-la-calle\\\/teoria\\\/#article\",\"isPartOf\":{\"@id\":\"https:\\\/\\\/realidadempoderada.com\\\/es\\\/nuevos-libros-en-desarrollo-para-empoderar-a-la-familia-de-la-calle\\\/teoria\\\/\"},\"author\":{\"name\":\"Gustavo Reimondo\",\"@id\":\"https:\\\/\\\/realidadempoderada.com\\\/es\\\/#\\\/schema\\\/person\\\/29ef59aa32d30368dcdbef00fe720e7a\"},\"headline\":\"Nuevos libros en desarrollo para empoderar a la Familia de la Calle\",\"datePublished\":\"2023-12-15T12:32:59+00:00\",\"dateModified\":\"2026-04-02T21:12:31+00:00\",\"mainEntityOfPage\":{\"@id\":\"https:\\\/\\\/realidadempoderada.com\\\/es\\\/nuevos-libros-en-desarrollo-para-empoderar-a-la-familia-de-la-calle\\\/teoria\\\/\"},\"wordCount\":531,\"commentCount\":0,\"publisher\":{\"@id\":\"https:\\\/\\\/realidadempoderada.com\\\/es\\\/#organization\"},\"image\":{\"@id\":\"https:\\\/\\\/realidadempoderada.com\\\/es\\\/nuevos-libros-en-desarrollo-para-empoderar-a-la-familia-de-la-calle\\\/teoria\\\/#primaryimage\"},\"thumbnailUrl\":\"https:\\\/\\\/realidadempoderada.com\\\/wp-content\\\/uploads\\\/2023\\\/12\\\/Anuncio.jpg\",\"keywords\":[\"acompa\u00f1amiento no colonizador\",\"acompa\u00f1amiento solidario\",\"Empoderamiento\"],\"articleSection\":[\"Teor\u00eda\"],\"inLanguage\":\"es\",\"potentialAction\":[{\"@type\":\"CommentAction\",\"name\":\"Comment\",\"target\":[\"https:\\\/\\\/realidadempoderada.com\\\/es\\\/nuevos-libros-en-desarrollo-para-empoderar-a-la-familia-de-la-calle\\\/teoria\\\/#respond\"]}]},{\"@type\":\"WebPage\",\"@id\":\"https:\\\/\\\/realidadempoderada.com\\\/es\\\/nuevos-libros-en-desarrollo-para-empoderar-a-la-familia-de-la-calle\\\/teoria\\\/\",\"url\":\"https:\\\/\\\/realidadempoderada.com\\\/es\\\/nuevos-libros-en-desarrollo-para-empoderar-a-la-familia-de-la-calle\\\/teoria\\\/\",\"name\":\"Nuevos libros en desarrollo para empoderar a la Familia de la Calle - Realidad Empoderada\",\"isPartOf\":{\"@id\":\"https:\\\/\\\/realidadempoderada.com\\\/es\\\/#website\"},\"primaryImageOfPage\":{\"@id\":\"https:\\\/\\\/realidadempoderada.com\\\/es\\\/nuevos-libros-en-desarrollo-para-empoderar-a-la-familia-de-la-calle\\\/teoria\\\/#primaryimage\"},\"image\":{\"@id\":\"https:\\\/\\\/realidadempoderada.com\\\/es\\\/nuevos-libros-en-desarrollo-para-empoderar-a-la-familia-de-la-calle\\\/teoria\\\/#primaryimage\"},\"thumbnailUrl\":\"https:\\\/\\\/realidadempoderada.com\\\/wp-content\\\/uploads\\\/2023\\\/12\\\/Anuncio.jpg\",\"datePublished\":\"2023-12-15T12:32:59+00:00\",\"dateModified\":\"2026-04-02T21:12:31+00:00\",\"description\":\"Libros especializados sobre el empoderamiento de comunidades de base de personas y familias en situaci\u00f3n de calle\",\"breadcrumb\":{\"@id\":\"https:\\\/\\\/realidadempoderada.com\\\/es\\\/nuevos-libros-en-desarrollo-para-empoderar-a-la-familia-de-la-calle\\\/teoria\\\/#breadcrumb\"},\"inLanguage\":\"es\",\"potentialAction\":[{\"@type\":\"ReadAction\",\"target\":[\"https:\\\/\\\/realidadempoderada.com\\\/es\\\/nuevos-libros-en-desarrollo-para-empoderar-a-la-familia-de-la-calle\\\/teoria\\\/\"]}]},{\"@type\":\"ImageObject\",\"inLanguage\":\"es\",\"@id\":\"https:\\\/\\\/realidadempoderada.com\\\/es\\\/nuevos-libros-en-desarrollo-para-empoderar-a-la-familia-de-la-calle\\\/teoria\\\/#primaryimage\",\"url\":\"https:\\\/\\\/realidadempoderada.com\\\/wp-content\\\/uploads\\\/2023\\\/12\\\/Anuncio.jpg\",\"contentUrl\":\"https:\\\/\\\/realidadempoderada.com\\\/wp-content\\\/uploads\\\/2023\\\/12\\\/Anuncio.jpg\",\"width\":1920,\"height\":1080,\"caption\":\"Libros situaci\u00f3n de calle\"},{\"@type\":\"BreadcrumbList\",\"@id\":\"https:\\\/\\\/realidadempoderada.com\\\/es\\\/nuevos-libros-en-desarrollo-para-empoderar-a-la-familia-de-la-calle\\\/teoria\\\/#breadcrumb\",\"itemListElement\":[{\"@type\":\"ListItem\",\"position\":1,\"name\":\"Portada\",\"item\":\"https:\\\/\\\/realidadempoderada.com\\\/es\\\/\"},{\"@type\":\"ListItem\",\"position\":2,\"name\":\"Nuevos libros en desarrollo para empoderar a la Familia de la Calle\"}]},{\"@type\":\"WebSite\",\"@id\":\"https:\\\/\\\/realidadempoderada.com\\\/es\\\/#website\",\"url\":\"https:\\\/\\\/realidadempoderada.com\\\/es\\\/\",\"name\":\"Realidad Empoderada\",\"description\":\"\u2026 de la realidad virtual a la solidaridad\",\"publisher\":{\"@id\":\"https:\\\/\\\/realidadempoderada.com\\\/es\\\/#organization\"},\"potentialAction\":[{\"@type\":\"SearchAction\",\"target\":{\"@type\":\"EntryPoint\",\"urlTemplate\":\"https:\\\/\\\/realidadempoderada.com\\\/es\\\/?s={search_term_string}\"},\"query-input\":{\"@type\":\"PropertyValueSpecification\",\"valueRequired\":true,\"valueName\":\"search_term_string\"}}],\"inLanguage\":\"es\"},{\"@type\":\"Organization\",\"@id\":\"https:\\\/\\\/realidadempoderada.com\\\/es\\\/#organization\",\"name\":\"Realidad Empoderada\",\"url\":\"https:\\\/\\\/realidadempoderada.com\\\/es\\\/\",\"logo\":{\"@type\":\"ImageObject\",\"inLanguage\":\"es\",\"@id\":\"https:\\\/\\\/realidadempoderada.com\\\/es\\\/#\\\/schema\\\/logo\\\/image\\\/\",\"url\":\"https:\\\/\\\/realidadempoderada.com\\\/wp-content\\\/uploads\\\/2018\\\/04\\\/Manos.jpg\",\"contentUrl\":\"https:\\\/\\\/realidadempoderada.com\\\/wp-content\\\/uploads\\\/2018\\\/04\\\/Manos.jpg\",\"width\":300,\"height\":230,\"caption\":\"Realidad Empoderada\"},\"image\":{\"@id\":\"https:\\\/\\\/realidadempoderada.com\\\/es\\\/#\\\/schema\\\/logo\\\/image\\\/\"},\"sameAs\":[\"https:\\\/\\\/www.facebook.com\\\/RealidadEmpoderada\\\/\"]},{\"@type\":\"Person\",\"@id\":\"https:\\\/\\\/realidadempoderada.com\\\/es\\\/#\\\/schema\\\/person\\\/29ef59aa32d30368dcdbef00fe720e7a\",\"name\":\"Gustavo Reimondo\",\"image\":{\"@type\":\"ImageObject\",\"inLanguage\":\"es\",\"@id\":\"https:\\\/\\\/realidadempoderada.com\\\/wp-content\\\/uploads\\\/2024\\\/04\\\/gustavo-reimondo_avatar-96x96.jpg\",\"url\":\"https:\\\/\\\/realidadempoderada.com\\\/wp-content\\\/uploads\\\/2024\\\/04\\\/gustavo-reimondo_avatar-96x96.jpg\",\"contentUrl\":\"https:\\\/\\\/realidadempoderada.com\\\/wp-content\\\/uploads\\\/2024\\\/04\\\/gustavo-reimondo_avatar-96x96.jpg\",\"caption\":\"Gustavo Reimondo\"},\"description\":\"Coordinador de la editorial Tecnolog\u00eda Humanizada. Coordinador de la acci\u00f3n social Realidad Empoderada. Miembro del grupo: \\\"La familia de la calle\\\", organizaci\u00f3n conformada por personas indigentes y no indigentes en una relaci\u00f3n igualitaria. Coordinador de proyectos de Infraestructura F\u00edsica de Telecomunicaciones. Experto en Rob\u00f3tica, Instrumentaci\u00f3n &amp; Control, IoT, Sens\u00f3rica y sistemas microcontrolados.\",\"sameAs\":[\"https:\\\/\\\/humanizationoftechnology.com\\\/author\\\/gustavoautor\\\/\",\"https:\\\/\\\/www.linkedin.com\\\/in\\\/gustavoreimondo\\\/\"],\"url\":\"https:\\\/\\\/realidadempoderada.com\\\/es\\\/author\\\/gustavo-reimondo\\\/\"}]}<\/script>\n<!-- \/ Yoast SEO plugin. -->","yoast_head_json":{"title":"Nuevos libros en desarrollo para empoderar a la Familia de la Calle - Realidad Empoderada","description":"Libros especializados sobre el empoderamiento de comunidades de base de personas y familias en situaci\u00f3n de calle","robots":{"index":"index","follow":"follow","max-snippet":"max-snippet:-1","max-image-preview":"max-image-preview:large","max-video-preview":"max-video-preview:-1"},"canonical":"https:\/\/realidadempoderada.com\/es\/nuevos-libros-en-desarrollo-para-empoderar-a-la-familia-de-la-calle\/teoria\/","og_locale":"es_ES","og_type":"article","og_title":"Nuevos libros en desarrollo para empoderar a la Familia de la Calle - Realidad Empoderada","og_description":"Libros especializados sobre el empoderamiento de comunidades de base de personas y familias en situaci\u00f3n de calle","og_url":"https:\/\/realidadempoderada.com\/es\/nuevos-libros-en-desarrollo-para-empoderar-a-la-familia-de-la-calle\/teoria\/","og_site_name":"Realidad Empoderada","article_publisher":"https:\/\/www.facebook.com\/RealidadEmpoderada\/","article_published_time":"2023-12-15T12:32:59+00:00","article_modified_time":"2026-04-02T21:12:31+00:00","og_image":[{"width":1920,"height":1080,"url":"https:\/\/realidadempoderada.com\/wp-content\/uploads\/2023\/12\/Anuncio.jpg","type":"image\/jpeg"}],"author":"Gustavo Reimondo","twitter_card":"summary_large_image","twitter_misc":{"Escrito por":"Gustavo Reimondo","Tiempo de lectura":"3 minutos"},"schema":{"@context":"https:\/\/schema.org","@graph":[{"@type":"Article","@id":"https:\/\/realidadempoderada.com\/es\/nuevos-libros-en-desarrollo-para-empoderar-a-la-familia-de-la-calle\/teoria\/#article","isPartOf":{"@id":"https:\/\/realidadempoderada.com\/es\/nuevos-libros-en-desarrollo-para-empoderar-a-la-familia-de-la-calle\/teoria\/"},"author":{"name":"Gustavo Reimondo","@id":"https:\/\/realidadempoderada.com\/es\/#\/schema\/person\/29ef59aa32d30368dcdbef00fe720e7a"},"headline":"Nuevos libros en desarrollo para empoderar a la Familia de la Calle","datePublished":"2023-12-15T12:32:59+00:00","dateModified":"2026-04-02T21:12:31+00:00","mainEntityOfPage":{"@id":"https:\/\/realidadempoderada.com\/es\/nuevos-libros-en-desarrollo-para-empoderar-a-la-familia-de-la-calle\/teoria\/"},"wordCount":531,"commentCount":0,"publisher":{"@id":"https:\/\/realidadempoderada.com\/es\/#organization"},"image":{"@id":"https:\/\/realidadempoderada.com\/es\/nuevos-libros-en-desarrollo-para-empoderar-a-la-familia-de-la-calle\/teoria\/#primaryimage"},"thumbnailUrl":"https:\/\/realidadempoderada.com\/wp-content\/uploads\/2023\/12\/Anuncio.jpg","keywords":["acompa\u00f1amiento no colonizador","acompa\u00f1amiento solidario","Empoderamiento"],"articleSection":["Teor\u00eda"],"inLanguage":"es","potentialAction":[{"@type":"CommentAction","name":"Comment","target":["https:\/\/realidadempoderada.com\/es\/nuevos-libros-en-desarrollo-para-empoderar-a-la-familia-de-la-calle\/teoria\/#respond"]}]},{"@type":"WebPage","@id":"https:\/\/realidadempoderada.com\/es\/nuevos-libros-en-desarrollo-para-empoderar-a-la-familia-de-la-calle\/teoria\/","url":"https:\/\/realidadempoderada.com\/es\/nuevos-libros-en-desarrollo-para-empoderar-a-la-familia-de-la-calle\/teoria\/","name":"Nuevos libros en desarrollo para empoderar a la Familia de la Calle - Realidad Empoderada","isPartOf":{"@id":"https:\/\/realidadempoderada.com\/es\/#website"},"primaryImageOfPage":{"@id":"https:\/\/realidadempoderada.com\/es\/nuevos-libros-en-desarrollo-para-empoderar-a-la-familia-de-la-calle\/teoria\/#primaryimage"},"image":{"@id":"https:\/\/realidadempoderada.com\/es\/nuevos-libros-en-desarrollo-para-empoderar-a-la-familia-de-la-calle\/teoria\/#primaryimage"},"thumbnailUrl":"https:\/\/realidadempoderada.com\/wp-content\/uploads\/2023\/12\/Anuncio.jpg","datePublished":"2023-12-15T12:32:59+00:00","dateModified":"2026-04-02T21:12:31+00:00","description":"Libros especializados sobre el empoderamiento de comunidades de base de personas y familias en situaci\u00f3n de calle","breadcrumb":{"@id":"https:\/\/realidadempoderada.com\/es\/nuevos-libros-en-desarrollo-para-empoderar-a-la-familia-de-la-calle\/teoria\/#breadcrumb"},"inLanguage":"es","potentialAction":[{"@type":"ReadAction","target":["https:\/\/realidadempoderada.com\/es\/nuevos-libros-en-desarrollo-para-empoderar-a-la-familia-de-la-calle\/teoria\/"]}]},{"@type":"ImageObject","inLanguage":"es","@id":"https:\/\/realidadempoderada.com\/es\/nuevos-libros-en-desarrollo-para-empoderar-a-la-familia-de-la-calle\/teoria\/#primaryimage","url":"https:\/\/realidadempoderada.com\/wp-content\/uploads\/2023\/12\/Anuncio.jpg","contentUrl":"https:\/\/realidadempoderada.com\/wp-content\/uploads\/2023\/12\/Anuncio.jpg","width":1920,"height":1080,"caption":"Libros situaci\u00f3n de calle"},{"@type":"BreadcrumbList","@id":"https:\/\/realidadempoderada.com\/es\/nuevos-libros-en-desarrollo-para-empoderar-a-la-familia-de-la-calle\/teoria\/#breadcrumb","itemListElement":[{"@type":"ListItem","position":1,"name":"Portada","item":"https:\/\/realidadempoderada.com\/es\/"},{"@type":"ListItem","position":2,"name":"Nuevos libros en desarrollo para empoderar a la Familia de la Calle"}]},{"@type":"WebSite","@id":"https:\/\/realidadempoderada.com\/es\/#website","url":"https:\/\/realidadempoderada.com\/es\/","name":"Realidad Empoderada","description":"\u2026 de la realidad virtual a la solidaridad","publisher":{"@id":"https:\/\/realidadempoderada.com\/es\/#organization"},"potentialAction":[{"@type":"SearchAction","target":{"@type":"EntryPoint","urlTemplate":"https:\/\/realidadempoderada.com\/es\/?s={search_term_string}"},"query-input":{"@type":"PropertyValueSpecification","valueRequired":true,"valueName":"search_term_string"}}],"inLanguage":"es"},{"@type":"Organization","@id":"https:\/\/realidadempoderada.com\/es\/#organization","name":"Realidad Empoderada","url":"https:\/\/realidadempoderada.com\/es\/","logo":{"@type":"ImageObject","inLanguage":"es","@id":"https:\/\/realidadempoderada.com\/es\/#\/schema\/logo\/image\/","url":"https:\/\/realidadempoderada.com\/wp-content\/uploads\/2018\/04\/Manos.jpg","contentUrl":"https:\/\/realidadempoderada.com\/wp-content\/uploads\/2018\/04\/Manos.jpg","width":300,"height":230,"caption":"Realidad Empoderada"},"image":{"@id":"https:\/\/realidadempoderada.com\/es\/#\/schema\/logo\/image\/"},"sameAs":["https:\/\/www.facebook.com\/RealidadEmpoderada\/"]},{"@type":"Person","@id":"https:\/\/realidadempoderada.com\/es\/#\/schema\/person\/29ef59aa32d30368dcdbef00fe720e7a","name":"Gustavo Reimondo","image":{"@type":"ImageObject","inLanguage":"es","@id":"https:\/\/realidadempoderada.com\/wp-content\/uploads\/2024\/04\/gustavo-reimondo_avatar-96x96.jpg","url":"https:\/\/realidadempoderada.com\/wp-content\/uploads\/2024\/04\/gustavo-reimondo_avatar-96x96.jpg","contentUrl":"https:\/\/realidadempoderada.com\/wp-content\/uploads\/2024\/04\/gustavo-reimondo_avatar-96x96.jpg","caption":"Gustavo Reimondo"},"description":"Coordinador de la editorial Tecnolog\u00eda Humanizada. Coordinador de la acci\u00f3n social Realidad Empoderada. Miembro del grupo: \"La familia de la calle\", organizaci\u00f3n conformada por personas indigentes y no indigentes en una relaci\u00f3n igualitaria. Coordinador de proyectos de Infraestructura F\u00edsica de Telecomunicaciones. Experto en Rob\u00f3tica, Instrumentaci\u00f3n &amp; Control, IoT, Sens\u00f3rica y sistemas microcontrolados.","sameAs":["https:\/\/humanizationoftechnology.com\/author\/gustavoautor\/","https:\/\/www.linkedin.com\/in\/gustavoreimondo\/"],"url":"https:\/\/realidadempoderada.com\/es\/author\/gustavo-reimondo\/"}]}},"jetpack_featured_media_url":"https:\/\/realidadempoderada.com\/wp-content\/uploads\/2023\/12\/Anuncio.jpg","jetpack_shortlink":"https:\/\/wp.me\/panXkF-zs","jetpack_sharing_enabled":true,"_links":{"self":[{"href":"https:\/\/realidadempoderada.com\/es\/wp-json\/wp\/v2\/posts\/2198","targetHints":{"allow":["GET"]}}],"collection":[{"href":"https:\/\/realidadempoderada.com\/es\/wp-json\/wp\/v2\/posts"}],"about":[{"href":"https:\/\/realidadempoderada.com\/es\/wp-json\/wp\/v2\/types\/post"}],"author":[{"embeddable":true,"href":"https:\/\/realidadempoderada.com\/es\/wp-json\/wp\/v2\/users\/12"}],"replies":[{"embeddable":true,"href":"https:\/\/realidadempoderada.com\/es\/wp-json\/wp\/v2\/comments?post=2198"}],"version-history":[{"count":5,"href":"https:\/\/realidadempoderada.com\/es\/wp-json\/wp\/v2\/posts\/2198\/revisions"}],"predecessor-version":[{"id":4010,"href":"https:\/\/realidadempoderada.com\/es\/wp-json\/wp\/v2\/posts\/2198\/revisions\/4010"}],"wp:featuredmedia":[{"embeddable":true,"href":"https:\/\/realidadempoderada.com\/es\/wp-json\/wp\/v2\/media\/2199"}],"wp:attachment":[{"href":"https:\/\/realidadempoderada.com\/es\/wp-json\/wp\/v2\/media?parent=2198"}],"wp:term":[{"taxonomy":"category","embeddable":true,"href":"https:\/\/realidadempoderada.com\/es\/wp-json\/wp\/v2\/categories?post=2198"},{"taxonomy":"post_tag","embeddable":true,"href":"https:\/\/realidadempoderada.com\/es\/wp-json\/wp\/v2\/tags?post=2198"}],"curies":[{"name":"wp","href":"https:\/\/api.w.org\/{rel}","templated":true}]}}