{"id":3246,"date":"2024-08-07T21:11:50","date_gmt":"2024-08-08T00:11:50","guid":{"rendered":"https:\/\/realidadempoderada.com\/?p=3246"},"modified":"2026-03-19T21:27:07","modified_gmt":"2026-03-20T00:27:07","slug":"disenar-y-crear-al-mismo-tiempo-es-posible-en-el-encuentro-amoroso","status":"publish","type":"post","link":"https:\/\/realidadempoderada.com\/es\/disenar-y-crear-al-mismo-tiempo-es-posible-en-el-encuentro-amoroso\/teoria\/","title":{"rendered":"Dise\u00f1ar y crear al mismo tiempo es posible en el encuentro amoroso"},"content":{"rendered":"<p>\u201c<em>En cierto modo, el usuario moderno es cada vez m\u00e1s esclavo de la estructura econ\u00f3mico-mercantilista de las sociedades productoras de bienes de consumo, y menos se\u00f1or o amo de la situaci\u00f3n contextual en que se encuentra.<\/em>\u201d\u00a0 Nos relata Jordi Llovet en su libro \u201cIdeolog\u00eda y metodolog\u00eda del dise\u00f1o\u201d. Si nos mecanizamos en la tecnolog\u00eda de hoy, lo dicho es muy prof\u00e9tico. Si nos contextualizamos en una relaci\u00f3n despojada de tanta tecnolog\u00eda, podemos decir: -Igual que siempre-.<\/p>\n<p>La sociedad est\u00e1 tan carente, que olvida el valor amoroso que debe rodear a la creaci\u00f3n. De la misma manera, la solidaridad materialista se olvida del compartir en el abrazo afectuoso que percibe el calor, la flojera o fortaleza del otro. En la provisi\u00f3n de productos, todo se mecaniza, no hay sensibilidad, es una relaci\u00f3n mercantil entre un proveedor y un cliente. Es una comunicaci\u00f3n unidireccional entre ambas personas, en el dar y recibir. No en el percibir, ver al otro y desde all\u00ed hacer el mundo del otro como propio, recrear y regenerar afecto, y sost\u00e9n.<\/p>\n<p>Por a\u00f1os mis amigos y amigas de la familia de la calle han dicho: \u2014\u00a1Qu\u00e9 rico tu caf\u00e9 con leche Jugo Loco, cada vez te sale mejor! \u2013 Parece ser como que la f\u00f3rmula se madurara, \u00a1siendo siempre la misma! En respuesta a estas afirmaciones, suelo hacerme el negador, diciendo: \u2013No, no creo\u2013. Me dicen: \u2013S\u00ed, Jugo Loco\u2013. Es el caf\u00e9 m\u00e1s rico de todos. Esto se repite una y otra vez, a trav\u00e9s de la historia de la calle, pudiendo cambiar una que otra palabra en estas expresiones. A estos di\u00e1logos les dejo una cuota de suspenso y contin\u00fao con la siguiente contestaci\u00f3n final y reflexiva: \u2014Es porque est\u00e1 hecho con amor-. Se trata de un amor que va tomando su din\u00e1mica. Mientras que para algunos est\u00e1 muy dulce y para otros le falta az\u00facar, est\u00e1 fr\u00edo y para otros quema, al mismo tiempo y para el mismo caf\u00e9.<\/p>\n<p>Jugo Loco es mi nombre de calle. Mi llamado al servicio.\u00a0 Algunos usan los apodos para ser an\u00f3nimos, otros plantean que es para guardar en forma sagrada de una pertenencia pasada. Mi experiencia me cuenta que en la calle se ponen apodos para decir algo sobre la persona. Aunque la expresi\u00f3n no sea valorativamente correcta. Pero en definitiva, lo que uno comprende es que al utilizarlos se pone de manifiesto el dicho: &#8211; No importa qui\u00e9n sos, vos val\u00e9s por lo que sos, por vos, por ser un hermano de calle-. All\u00ed no hay pasados, ni futuros. No hay sacralidades de otras realidades o mundos. Quiz\u00e1s una resignificaci\u00f3n liberadora e igualitaria.<\/p>\n<p>Vos, como lector, cuando se d\u00e9 la oportunidad de hablar de dise\u00f1o, en tu profesi\u00f3n, en tu academia, entre colegas, en tus claustros, vas a usar este ejemplo. \u00bfC\u00f3mo Jordi en su libro, vas a hacer del mundo de las creaciones: las comerciales, las industrializadas, racionalizadas y no sensibles, y las de los que pueden comprar? \u00bfVas a hacer lo mismo que \u00e9l?, \u00bfo vas a contar historias de objetos que conectan, que fluyen entre las relaciones de las personas, para hacer de nexo con su completitud (f\u00edsica, racional y amorosa) hacedora de comunidad? Comunidad afectiva, no dominadora, no basada solo en lo que me gusta a m\u00ed o me hace bien a m\u00ed, sino en el abrazo del cual habl\u00e1bamos:\u00a0 dador de paz en la diversidad, en la igualdad de derechos y posibilidades, seg\u00fan la necesidad de cada cual, y en especial de aquel que no tiene chances en su vida.<\/p>\n<p>En la periferia, nos reconocemos como necesitados de pan, esp\u00edritu, apoyo, sost\u00e9n, necesitados de creaciones que se desarrollen en el reconocimiento del otro, como las de los dominados que buscamos liberaci\u00f3n, en la necesidad de ser saciados en completitud, no por cantidad, sino por amor. Del que multiplica la comida en el compartir, restituye las fibras y m\u00fasculos, pone de pie, sacia el dolor de panza y la carencia de salud.<\/p>\n<p>Hablemos de dise\u00f1o desde el abrazo con el que no tiene opci\u00f3n. <strong>OTRO MUNDO ES POSIBLE<\/strong>.<\/p>\n<div class=\"content_block\" id=\"custom_post_widget-1347\"><hr \/>\n<h6><span style=\"text-decoration: underline;\"><span style=\"font-family: arial, helvetica, sans-serif; font-size: 10pt;\">Fuentes:<\/span><\/span><\/h6>\n<\/div>\n<p><a title=\"Dise\u00f1ar desde la aproximaci\u00f3n de los mundos\" href=\"https:\/\/realidadempoderada.com\/es\/disenar-desde-la-aproximacion-de-los-mundos\/teoria\/\" rel=\"bookmark\">\u00abDise\u00f1ar desde la aproximaci\u00f3n de los mundos\u00bb<\/a><br \/>\n<a href=\"https:\/\/humanizationoftechnology.com\/algoritmos-no-colonizadores-una-manera-de-de-desarrollar-software-multicultural-primera-parte\/revista\/solidaridad\/07\/2020\/\" target=\"_blank\" rel=\"noopener\">\u00abAlgoritmos no colonizadores. Una manera de desarrollar software multicultural (primera parte)\u00bb , Gustavo Reimondo, Revista TECNOLOGIA HUMANIZADA n\u00fam 3 2020<\/a><br \/>\n<a href=\"https:\/\/humanizationoftechnology.com\/algoritmos-no-colonizadores-una-manera-de-desarrollar-software-multicultural-segunda-parte\/revista\/solidaridad\/09\/2020\/\" target=\"_blank\" rel=\"noopener\">\u00abAlgoritmos no colonizadores. Una manera de desarrollar software multicultural (segunda parte)\u00bb , Gustavo Reimondo, Revista TECNOLOGIA HUMANIZADA n\u00fam 4 2020<\/a><br \/>\n<a href=\"https:\/\/humanizationoftechnology.com\/el-diseno-de-servicios-y-productos-como-accion-de-transformacion-y-de-esperanza-para-otro-mundo-posible-primera-parte\/revista\/solidaridad\/05\/2021\/\" target=\"_blank\" rel=\"noopener\">\u00abEl dise\u00f1o de servicios y productos como acci\u00f3n de transformaci\u00f3n y de esperanza para otro mundo posible (Primera parte)\u00bb , Gustavo Reimondo, Revista TECNOLOGIA HUMANIZADA n\u00fam 2 2021<\/a><br \/>\n<a href=\"https:\/\/humanizationoftechnology.com\/el-diseno-de-servicios-y-productos-como-accion-de-transformacion-y-de-esperanza-para-otro-mundo-posible-segunda-parte\/revista\/solidaridad\/07\/2021\/\" target=\"_blank\" rel=\"noopener\">\u00abEl dise\u00f1o de servicios y productos como acci\u00f3n de transformaci\u00f3n y de esperanza para otro mundo posible (Segunda parte)\u00bb , Gustavo Reimondo, Revista TECNOLOGIA HUMANIZADA n\u00fam 3 2021<\/a><br \/>\n<a href=\"https:\/\/humanizationoftechnology.com\/el-diseno-de-servicios-y-productos-como-accion-de-transformacion-y-de-esperanza-para-otro-mundo-posible-tercera-parte\/revista\/solidaridad\/09\/2021\/\" target=\"_blank\" rel=\"noopener\">\u00abEl dise\u00f1o de servicios y productos como acci\u00f3n de transformaci\u00f3n y de esperanza para otro mundo posible (Tercera parte)\u00bb , Gustavo Reimondo, Revista TECNOLOGIA HUMANIZADA n\u00fam 4 2021<\/a><\/p>\n","protected":false},"excerpt":{"rendered":"<div class=\"mh-excerpt\">\u201cEn cierto modo, el usuario moderno es cada vez m\u00e1s esclavo de la estructura econ\u00f3mico-mercantilista de las sociedades productoras de bienes de consumo, y menos se\u00f1or o amo de la situaci\u00f3n contextual en que se <a class=\"mh-excerpt-more\" href=\"https:\/\/realidadempoderada.com\/es\/disenar-y-crear-al-mismo-tiempo-es-posible-en-el-encuentro-amoroso\/teoria\/\" title=\"Dise\u00f1ar y crear al mismo tiempo es posible en el encuentro amoroso\">[&#8230;]<\/a><\/div>\n","protected":false},"author":12,"featured_media":3248,"comment_status":"open","ping_status":"closed","sticky":false,"template":"","format":"standard","meta":{"_crdt_document":"","jetpack_post_was_ever_published":false,"_jetpack_newsletter_access":"","_jetpack_dont_email_post_to_subs":false,"_jetpack_newsletter_tier_id":0,"_jetpack_memberships_contains_paywalled_content":false,"_jetpack_memberships_contains_paid_content":false,"footnotes":""},"categories":[19],"tags":[91,90,8,98,94,25],"class_list":{"0":"post-3246","1":"post","2":"type-post","3":"status-publish","4":"format-standard","5":"has-post-thumbnail","7":"category-teoria","8":"tag-acompanamiento-no-colonizador","9":"tag-acompanamiento-solidario","10":"tag-diseno-grafico","11":"tag-psicologia-de-la-liberacion","12":"tag-solidaridad-transformadora","13":"tag-teologia-de-la-liberacion"},"yoast_head":"<!-- This site is optimized with the Yoast SEO plugin v27.4 - https:\/\/yoast.com\/product\/yoast-seo-wordpress\/ -->\n<title>Dise\u00f1ar y crear al mismo tiempo es posible en el encuentro amoroso - Realidad Empoderada<\/title>\n<meta name=\"description\" content=\"Analicemos el dise\u00f1o como fuerza creadora comunitaria. En una din\u00e1mica solidaria capaz de generar transformaci\u00f3n en ambientes de calle y marginaci\u00f3n.\" \/>\n<meta name=\"robots\" content=\"index, follow, max-snippet:-1, max-image-preview:large, max-video-preview:-1\" \/>\n<link rel=\"canonical\" href=\"https:\/\/realidadempoderada.com\/es\/disenar-y-crear-al-mismo-tiempo-es-posible-en-el-encuentro-amoroso\/teoria\/\" \/>\n<meta property=\"og:locale\" content=\"es_ES\" \/>\n<meta property=\"og:type\" content=\"article\" \/>\n<meta property=\"og:title\" content=\"Dise\u00f1ar y crear al mismo tiempo es posible en el encuentro amoroso - Realidad Empoderada\" \/>\n<meta property=\"og:description\" content=\"Analicemos el dise\u00f1o como fuerza creadora comunitaria. En una din\u00e1mica solidaria capaz de generar transformaci\u00f3n en ambientes de calle y marginaci\u00f3n.\" \/>\n<meta property=\"og:url\" content=\"https:\/\/realidadempoderada.com\/es\/disenar-y-crear-al-mismo-tiempo-es-posible-en-el-encuentro-amoroso\/teoria\/\" \/>\n<meta property=\"og:site_name\" content=\"Realidad Empoderada\" \/>\n<meta property=\"article:publisher\" content=\"https:\/\/www.facebook.com\/RealidadEmpoderada\/\" \/>\n<meta property=\"article:published_time\" content=\"2024-08-08T00:11:50+00:00\" \/>\n<meta property=\"article:modified_time\" content=\"2026-03-20T00:27:07+00:00\" \/>\n<meta property=\"og:image\" content=\"https:\/\/realidadempoderada.com\/wp-content\/uploads\/2024\/08\/cafepobre1.jpg\" \/>\n\t<meta property=\"og:image:width\" content=\"1100\" \/>\n\t<meta property=\"og:image:height\" content=\"618\" \/>\n\t<meta property=\"og:image:type\" content=\"image\/jpeg\" \/>\n<meta name=\"author\" content=\"Gustavo Reimondo\" \/>\n<meta name=\"twitter:card\" content=\"summary_large_image\" \/>\n<meta name=\"twitter:label1\" content=\"Escrito por\" \/>\n\t<meta name=\"twitter:data1\" content=\"Gustavo Reimondo\" \/>\n\t<meta name=\"twitter:label2\" content=\"Tiempo de lectura\" \/>\n\t<meta name=\"twitter:data2\" content=\"4 minutos\" \/>\n<script type=\"application\/ld+json\" class=\"yoast-schema-graph\">{\"@context\":\"https:\\\/\\\/schema.org\",\"@graph\":[{\"@type\":\"Article\",\"@id\":\"https:\\\/\\\/realidadempoderada.com\\\/es\\\/disenar-y-crear-al-mismo-tiempo-es-posible-en-el-encuentro-amoroso\\\/teoria\\\/#article\",\"isPartOf\":{\"@id\":\"https:\\\/\\\/realidadempoderada.com\\\/es\\\/disenar-y-crear-al-mismo-tiempo-es-posible-en-el-encuentro-amoroso\\\/teoria\\\/\"},\"author\":{\"name\":\"Gustavo Reimondo\",\"@id\":\"https:\\\/\\\/realidadempoderada.com\\\/es\\\/#\\\/schema\\\/person\\\/29ef59aa32d30368dcdbef00fe720e7a\"},\"headline\":\"Dise\u00f1ar y crear al mismo tiempo es posible en el encuentro amoroso\",\"datePublished\":\"2024-08-08T00:11:50+00:00\",\"dateModified\":\"2026-03-20T00:27:07+00:00\",\"mainEntityOfPage\":{\"@id\":\"https:\\\/\\\/realidadempoderada.com\\\/es\\\/disenar-y-crear-al-mismo-tiempo-es-posible-en-el-encuentro-amoroso\\\/teoria\\\/\"},\"wordCount\":866,\"commentCount\":0,\"publisher\":{\"@id\":\"https:\\\/\\\/realidadempoderada.com\\\/es\\\/#organization\"},\"image\":{\"@id\":\"https:\\\/\\\/realidadempoderada.com\\\/es\\\/disenar-y-crear-al-mismo-tiempo-es-posible-en-el-encuentro-amoroso\\\/teoria\\\/#primaryimage\"},\"thumbnailUrl\":\"https:\\\/\\\/realidadempoderada.com\\\/wp-content\\\/uploads\\\/2024\\\/08\\\/cafepobre1.jpg\",\"keywords\":[\"acompa\u00f1amiento no colonizador\",\"acompa\u00f1amiento solidario\",\"dise\u00f1o gr\u00e1fico\",\"Psicolog\u00eda de la liberaci\u00f3n\",\"Solidaridad Transformadora\",\"Teolog\u00eda de la liberaci\u00f3n\"],\"articleSection\":[\"Teor\u00eda\"],\"inLanguage\":\"es\",\"potentialAction\":[{\"@type\":\"CommentAction\",\"name\":\"Comment\",\"target\":[\"https:\\\/\\\/realidadempoderada.com\\\/es\\\/disenar-y-crear-al-mismo-tiempo-es-posible-en-el-encuentro-amoroso\\\/teoria\\\/#respond\"]}]},{\"@type\":\"WebPage\",\"@id\":\"https:\\\/\\\/realidadempoderada.com\\\/es\\\/disenar-y-crear-al-mismo-tiempo-es-posible-en-el-encuentro-amoroso\\\/teoria\\\/\",\"url\":\"https:\\\/\\\/realidadempoderada.com\\\/es\\\/disenar-y-crear-al-mismo-tiempo-es-posible-en-el-encuentro-amoroso\\\/teoria\\\/\",\"name\":\"Dise\u00f1ar y crear al mismo tiempo es posible en el encuentro amoroso - Realidad Empoderada\",\"isPartOf\":{\"@id\":\"https:\\\/\\\/realidadempoderada.com\\\/es\\\/#website\"},\"primaryImageOfPage\":{\"@id\":\"https:\\\/\\\/realidadempoderada.com\\\/es\\\/disenar-y-crear-al-mismo-tiempo-es-posible-en-el-encuentro-amoroso\\\/teoria\\\/#primaryimage\"},\"image\":{\"@id\":\"https:\\\/\\\/realidadempoderada.com\\\/es\\\/disenar-y-crear-al-mismo-tiempo-es-posible-en-el-encuentro-amoroso\\\/teoria\\\/#primaryimage\"},\"thumbnailUrl\":\"https:\\\/\\\/realidadempoderada.com\\\/wp-content\\\/uploads\\\/2024\\\/08\\\/cafepobre1.jpg\",\"datePublished\":\"2024-08-08T00:11:50+00:00\",\"dateModified\":\"2026-03-20T00:27:07+00:00\",\"description\":\"Analicemos el dise\u00f1o como fuerza creadora comunitaria. En una din\u00e1mica solidaria capaz de generar transformaci\u00f3n en ambientes de calle y marginaci\u00f3n.\",\"breadcrumb\":{\"@id\":\"https:\\\/\\\/realidadempoderada.com\\\/es\\\/disenar-y-crear-al-mismo-tiempo-es-posible-en-el-encuentro-amoroso\\\/teoria\\\/#breadcrumb\"},\"inLanguage\":\"es\",\"potentialAction\":[{\"@type\":\"ReadAction\",\"target\":[\"https:\\\/\\\/realidadempoderada.com\\\/es\\\/disenar-y-crear-al-mismo-tiempo-es-posible-en-el-encuentro-amoroso\\\/teoria\\\/\"]}]},{\"@type\":\"ImageObject\",\"inLanguage\":\"es\",\"@id\":\"https:\\\/\\\/realidadempoderada.com\\\/es\\\/disenar-y-crear-al-mismo-tiempo-es-posible-en-el-encuentro-amoroso\\\/teoria\\\/#primaryimage\",\"url\":\"https:\\\/\\\/realidadempoderada.com\\\/wp-content\\\/uploads\\\/2024\\\/08\\\/cafepobre1.jpg\",\"contentUrl\":\"https:\\\/\\\/realidadempoderada.com\\\/wp-content\\\/uploads\\\/2024\\\/08\\\/cafepobre1.jpg\",\"width\":1100,\"height\":618,\"caption\":\"Dise\u00f1ar y acompa\u00f1ar como fuerza creadora y comunitaria\"},{\"@type\":\"BreadcrumbList\",\"@id\":\"https:\\\/\\\/realidadempoderada.com\\\/es\\\/disenar-y-crear-al-mismo-tiempo-es-posible-en-el-encuentro-amoroso\\\/teoria\\\/#breadcrumb\",\"itemListElement\":[{\"@type\":\"ListItem\",\"position\":1,\"name\":\"Portada\",\"item\":\"https:\\\/\\\/realidadempoderada.com\\\/es\\\/\"},{\"@type\":\"ListItem\",\"position\":2,\"name\":\"Dise\u00f1ar y crear al mismo tiempo es posible en el encuentro amoroso\"}]},{\"@type\":\"WebSite\",\"@id\":\"https:\\\/\\\/realidadempoderada.com\\\/es\\\/#website\",\"url\":\"https:\\\/\\\/realidadempoderada.com\\\/es\\\/\",\"name\":\"Realidad Empoderada\",\"description\":\"\u2026 de la realidad virtual a la solidaridad\",\"publisher\":{\"@id\":\"https:\\\/\\\/realidadempoderada.com\\\/es\\\/#organization\"},\"potentialAction\":[{\"@type\":\"SearchAction\",\"target\":{\"@type\":\"EntryPoint\",\"urlTemplate\":\"https:\\\/\\\/realidadempoderada.com\\\/es\\\/?s={search_term_string}\"},\"query-input\":{\"@type\":\"PropertyValueSpecification\",\"valueRequired\":true,\"valueName\":\"search_term_string\"}}],\"inLanguage\":\"es\"},{\"@type\":\"Organization\",\"@id\":\"https:\\\/\\\/realidadempoderada.com\\\/es\\\/#organization\",\"name\":\"Realidad Empoderada\",\"url\":\"https:\\\/\\\/realidadempoderada.com\\\/es\\\/\",\"logo\":{\"@type\":\"ImageObject\",\"inLanguage\":\"es\",\"@id\":\"https:\\\/\\\/realidadempoderada.com\\\/es\\\/#\\\/schema\\\/logo\\\/image\\\/\",\"url\":\"https:\\\/\\\/realidadempoderada.com\\\/wp-content\\\/uploads\\\/2018\\\/04\\\/Manos.jpg\",\"contentUrl\":\"https:\\\/\\\/realidadempoderada.com\\\/wp-content\\\/uploads\\\/2018\\\/04\\\/Manos.jpg\",\"width\":300,\"height\":230,\"caption\":\"Realidad Empoderada\"},\"image\":{\"@id\":\"https:\\\/\\\/realidadempoderada.com\\\/es\\\/#\\\/schema\\\/logo\\\/image\\\/\"},\"sameAs\":[\"https:\\\/\\\/www.facebook.com\\\/RealidadEmpoderada\\\/\"]},{\"@type\":\"Person\",\"@id\":\"https:\\\/\\\/realidadempoderada.com\\\/es\\\/#\\\/schema\\\/person\\\/29ef59aa32d30368dcdbef00fe720e7a\",\"name\":\"Gustavo Reimondo\",\"image\":{\"@type\":\"ImageObject\",\"inLanguage\":\"es\",\"@id\":\"https:\\\/\\\/realidadempoderada.com\\\/wp-content\\\/uploads\\\/2024\\\/04\\\/gustavo-reimondo_avatar-96x96.jpg\",\"url\":\"https:\\\/\\\/realidadempoderada.com\\\/wp-content\\\/uploads\\\/2024\\\/04\\\/gustavo-reimondo_avatar-96x96.jpg\",\"contentUrl\":\"https:\\\/\\\/realidadempoderada.com\\\/wp-content\\\/uploads\\\/2024\\\/04\\\/gustavo-reimondo_avatar-96x96.jpg\",\"caption\":\"Gustavo Reimondo\"},\"description\":\"Coordinador de la editorial Tecnolog\u00eda Humanizada. Coordinador de la acci\u00f3n social Realidad Empoderada. Miembro del grupo: \\\"La familia de la calle\\\", organizaci\u00f3n conformada por personas indigentes y no indigentes en una relaci\u00f3n igualitaria. Coordinador de proyectos de Infraestructura F\u00edsica de Telecomunicaciones. Experto en Rob\u00f3tica, Instrumentaci\u00f3n &amp; Control, IoT, Sens\u00f3rica y sistemas microcontrolados.\",\"sameAs\":[\"https:\\\/\\\/humanizationoftechnology.com\\\/author\\\/gustavoautor\\\/\",\"https:\\\/\\\/www.linkedin.com\\\/in\\\/gustavoreimondo\\\/\"],\"url\":\"https:\\\/\\\/realidadempoderada.com\\\/es\\\/author\\\/gustavo-reimondo\\\/\"}]}<\/script>\n<!-- \/ Yoast SEO plugin. -->","yoast_head_json":{"title":"Dise\u00f1ar y crear al mismo tiempo es posible en el encuentro amoroso - Realidad Empoderada","description":"Analicemos el dise\u00f1o como fuerza creadora comunitaria. En una din\u00e1mica solidaria capaz de generar transformaci\u00f3n en ambientes de calle y marginaci\u00f3n.","robots":{"index":"index","follow":"follow","max-snippet":"max-snippet:-1","max-image-preview":"max-image-preview:large","max-video-preview":"max-video-preview:-1"},"canonical":"https:\/\/realidadempoderada.com\/es\/disenar-y-crear-al-mismo-tiempo-es-posible-en-el-encuentro-amoroso\/teoria\/","og_locale":"es_ES","og_type":"article","og_title":"Dise\u00f1ar y crear al mismo tiempo es posible en el encuentro amoroso - Realidad Empoderada","og_description":"Analicemos el dise\u00f1o como fuerza creadora comunitaria. En una din\u00e1mica solidaria capaz de generar transformaci\u00f3n en ambientes de calle y marginaci\u00f3n.","og_url":"https:\/\/realidadempoderada.com\/es\/disenar-y-crear-al-mismo-tiempo-es-posible-en-el-encuentro-amoroso\/teoria\/","og_site_name":"Realidad Empoderada","article_publisher":"https:\/\/www.facebook.com\/RealidadEmpoderada\/","article_published_time":"2024-08-08T00:11:50+00:00","article_modified_time":"2026-03-20T00:27:07+00:00","og_image":[{"width":1100,"height":618,"url":"https:\/\/realidadempoderada.com\/wp-content\/uploads\/2024\/08\/cafepobre1.jpg","type":"image\/jpeg"}],"author":"Gustavo Reimondo","twitter_card":"summary_large_image","twitter_misc":{"Escrito por":"Gustavo Reimondo","Tiempo de lectura":"4 minutos"},"schema":{"@context":"https:\/\/schema.org","@graph":[{"@type":"Article","@id":"https:\/\/realidadempoderada.com\/es\/disenar-y-crear-al-mismo-tiempo-es-posible-en-el-encuentro-amoroso\/teoria\/#article","isPartOf":{"@id":"https:\/\/realidadempoderada.com\/es\/disenar-y-crear-al-mismo-tiempo-es-posible-en-el-encuentro-amoroso\/teoria\/"},"author":{"name":"Gustavo Reimondo","@id":"https:\/\/realidadempoderada.com\/es\/#\/schema\/person\/29ef59aa32d30368dcdbef00fe720e7a"},"headline":"Dise\u00f1ar y crear al mismo tiempo es posible en el encuentro amoroso","datePublished":"2024-08-08T00:11:50+00:00","dateModified":"2026-03-20T00:27:07+00:00","mainEntityOfPage":{"@id":"https:\/\/realidadempoderada.com\/es\/disenar-y-crear-al-mismo-tiempo-es-posible-en-el-encuentro-amoroso\/teoria\/"},"wordCount":866,"commentCount":0,"publisher":{"@id":"https:\/\/realidadempoderada.com\/es\/#organization"},"image":{"@id":"https:\/\/realidadempoderada.com\/es\/disenar-y-crear-al-mismo-tiempo-es-posible-en-el-encuentro-amoroso\/teoria\/#primaryimage"},"thumbnailUrl":"https:\/\/realidadempoderada.com\/wp-content\/uploads\/2024\/08\/cafepobre1.jpg","keywords":["acompa\u00f1amiento no colonizador","acompa\u00f1amiento solidario","dise\u00f1o gr\u00e1fico","Psicolog\u00eda de la liberaci\u00f3n","Solidaridad Transformadora","Teolog\u00eda de la liberaci\u00f3n"],"articleSection":["Teor\u00eda"],"inLanguage":"es","potentialAction":[{"@type":"CommentAction","name":"Comment","target":["https:\/\/realidadempoderada.com\/es\/disenar-y-crear-al-mismo-tiempo-es-posible-en-el-encuentro-amoroso\/teoria\/#respond"]}]},{"@type":"WebPage","@id":"https:\/\/realidadempoderada.com\/es\/disenar-y-crear-al-mismo-tiempo-es-posible-en-el-encuentro-amoroso\/teoria\/","url":"https:\/\/realidadempoderada.com\/es\/disenar-y-crear-al-mismo-tiempo-es-posible-en-el-encuentro-amoroso\/teoria\/","name":"Dise\u00f1ar y crear al mismo tiempo es posible en el encuentro amoroso - Realidad Empoderada","isPartOf":{"@id":"https:\/\/realidadempoderada.com\/es\/#website"},"primaryImageOfPage":{"@id":"https:\/\/realidadempoderada.com\/es\/disenar-y-crear-al-mismo-tiempo-es-posible-en-el-encuentro-amoroso\/teoria\/#primaryimage"},"image":{"@id":"https:\/\/realidadempoderada.com\/es\/disenar-y-crear-al-mismo-tiempo-es-posible-en-el-encuentro-amoroso\/teoria\/#primaryimage"},"thumbnailUrl":"https:\/\/realidadempoderada.com\/wp-content\/uploads\/2024\/08\/cafepobre1.jpg","datePublished":"2024-08-08T00:11:50+00:00","dateModified":"2026-03-20T00:27:07+00:00","description":"Analicemos el dise\u00f1o como fuerza creadora comunitaria. En una din\u00e1mica solidaria capaz de generar transformaci\u00f3n en ambientes de calle y marginaci\u00f3n.","breadcrumb":{"@id":"https:\/\/realidadempoderada.com\/es\/disenar-y-crear-al-mismo-tiempo-es-posible-en-el-encuentro-amoroso\/teoria\/#breadcrumb"},"inLanguage":"es","potentialAction":[{"@type":"ReadAction","target":["https:\/\/realidadempoderada.com\/es\/disenar-y-crear-al-mismo-tiempo-es-posible-en-el-encuentro-amoroso\/teoria\/"]}]},{"@type":"ImageObject","inLanguage":"es","@id":"https:\/\/realidadempoderada.com\/es\/disenar-y-crear-al-mismo-tiempo-es-posible-en-el-encuentro-amoroso\/teoria\/#primaryimage","url":"https:\/\/realidadempoderada.com\/wp-content\/uploads\/2024\/08\/cafepobre1.jpg","contentUrl":"https:\/\/realidadempoderada.com\/wp-content\/uploads\/2024\/08\/cafepobre1.jpg","width":1100,"height":618,"caption":"Dise\u00f1ar y acompa\u00f1ar como fuerza creadora y comunitaria"},{"@type":"BreadcrumbList","@id":"https:\/\/realidadempoderada.com\/es\/disenar-y-crear-al-mismo-tiempo-es-posible-en-el-encuentro-amoroso\/teoria\/#breadcrumb","itemListElement":[{"@type":"ListItem","position":1,"name":"Portada","item":"https:\/\/realidadempoderada.com\/es\/"},{"@type":"ListItem","position":2,"name":"Dise\u00f1ar y crear al mismo tiempo es posible en el encuentro amoroso"}]},{"@type":"WebSite","@id":"https:\/\/realidadempoderada.com\/es\/#website","url":"https:\/\/realidadempoderada.com\/es\/","name":"Realidad Empoderada","description":"\u2026 de la realidad virtual a la solidaridad","publisher":{"@id":"https:\/\/realidadempoderada.com\/es\/#organization"},"potentialAction":[{"@type":"SearchAction","target":{"@type":"EntryPoint","urlTemplate":"https:\/\/realidadempoderada.com\/es\/?s={search_term_string}"},"query-input":{"@type":"PropertyValueSpecification","valueRequired":true,"valueName":"search_term_string"}}],"inLanguage":"es"},{"@type":"Organization","@id":"https:\/\/realidadempoderada.com\/es\/#organization","name":"Realidad Empoderada","url":"https:\/\/realidadempoderada.com\/es\/","logo":{"@type":"ImageObject","inLanguage":"es","@id":"https:\/\/realidadempoderada.com\/es\/#\/schema\/logo\/image\/","url":"https:\/\/realidadempoderada.com\/wp-content\/uploads\/2018\/04\/Manos.jpg","contentUrl":"https:\/\/realidadempoderada.com\/wp-content\/uploads\/2018\/04\/Manos.jpg","width":300,"height":230,"caption":"Realidad Empoderada"},"image":{"@id":"https:\/\/realidadempoderada.com\/es\/#\/schema\/logo\/image\/"},"sameAs":["https:\/\/www.facebook.com\/RealidadEmpoderada\/"]},{"@type":"Person","@id":"https:\/\/realidadempoderada.com\/es\/#\/schema\/person\/29ef59aa32d30368dcdbef00fe720e7a","name":"Gustavo Reimondo","image":{"@type":"ImageObject","inLanguage":"es","@id":"https:\/\/realidadempoderada.com\/wp-content\/uploads\/2024\/04\/gustavo-reimondo_avatar-96x96.jpg","url":"https:\/\/realidadempoderada.com\/wp-content\/uploads\/2024\/04\/gustavo-reimondo_avatar-96x96.jpg","contentUrl":"https:\/\/realidadempoderada.com\/wp-content\/uploads\/2024\/04\/gustavo-reimondo_avatar-96x96.jpg","caption":"Gustavo Reimondo"},"description":"Coordinador de la editorial Tecnolog\u00eda Humanizada. Coordinador de la acci\u00f3n social Realidad Empoderada. Miembro del grupo: \"La familia de la calle\", organizaci\u00f3n conformada por personas indigentes y no indigentes en una relaci\u00f3n igualitaria. Coordinador de proyectos de Infraestructura F\u00edsica de Telecomunicaciones. Experto en Rob\u00f3tica, Instrumentaci\u00f3n &amp; Control, IoT, Sens\u00f3rica y sistemas microcontrolados.","sameAs":["https:\/\/humanizationoftechnology.com\/author\/gustavoautor\/","https:\/\/www.linkedin.com\/in\/gustavoreimondo\/"],"url":"https:\/\/realidadempoderada.com\/es\/author\/gustavo-reimondo\/"}]}},"jetpack_featured_media_url":"https:\/\/realidadempoderada.com\/wp-content\/uploads\/2024\/08\/cafepobre1.jpg","jetpack_shortlink":"https:\/\/wp.me\/panXkF-Qm","jetpack_sharing_enabled":true,"_links":{"self":[{"href":"https:\/\/realidadempoderada.com\/es\/wp-json\/wp\/v2\/posts\/3246","targetHints":{"allow":["GET"]}}],"collection":[{"href":"https:\/\/realidadempoderada.com\/es\/wp-json\/wp\/v2\/posts"}],"about":[{"href":"https:\/\/realidadempoderada.com\/es\/wp-json\/wp\/v2\/types\/post"}],"author":[{"embeddable":true,"href":"https:\/\/realidadempoderada.com\/es\/wp-json\/wp\/v2\/users\/12"}],"replies":[{"embeddable":true,"href":"https:\/\/realidadempoderada.com\/es\/wp-json\/wp\/v2\/comments?post=3246"}],"version-history":[{"count":5,"href":"https:\/\/realidadempoderada.com\/es\/wp-json\/wp\/v2\/posts\/3246\/revisions"}],"predecessor-version":[{"id":3251,"href":"https:\/\/realidadempoderada.com\/es\/wp-json\/wp\/v2\/posts\/3246\/revisions\/3251"}],"wp:featuredmedia":[{"embeddable":true,"href":"https:\/\/realidadempoderada.com\/es\/wp-json\/wp\/v2\/media\/3248"}],"wp:attachment":[{"href":"https:\/\/realidadempoderada.com\/es\/wp-json\/wp\/v2\/media?parent=3246"}],"wp:term":[{"taxonomy":"category","embeddable":true,"href":"https:\/\/realidadempoderada.com\/es\/wp-json\/wp\/v2\/categories?post=3246"},{"taxonomy":"post_tag","embeddable":true,"href":"https:\/\/realidadempoderada.com\/es\/wp-json\/wp\/v2\/tags?post=3246"}],"curies":[{"name":"wp","href":"https:\/\/api.w.org\/{rel}","templated":true}]}}