{"id":3577,"date":"2024-12-22T15:30:52","date_gmt":"2024-12-22T18:30:52","guid":{"rendered":"https:\/\/realidadempoderada.com\/?p=3577"},"modified":"2026-03-19T21:06:09","modified_gmt":"2026-03-20T00:06:09","slug":"poniendonos-de-pie-en-el-mensaje-de-navidad-ser-ateo-de-la-injusticia","status":"publish","type":"post","link":"https:\/\/realidadempoderada.com\/es\/poniendonos-de-pie-en-el-mensaje-de-navidad-ser-ateo-de-la-injusticia\/teoria\/historias-de-acompanamiento\/","title":{"rendered":"Poni\u00e9ndonos de pie en el mensaje de Navidad. Ser ateo de la injusticia."},"content":{"rendered":"<p>En este tiempo en mi pa\u00eds son tiempos de derroteros para quienes buscan saciar los anhelos de justicia, de vida digna, de recoger el man\u00e1 seg\u00fan necesidad. Para quienes gestamos las acciones sociales desde la praxis social y las mantenemos vividas desde la calle. Encontramos una calle que no desea saber nada del pr\u00f3jimo, que solo se viva: el yo me salvo, y me salvo bien solo. Donde al hablar de compartir y el de no dominarse unos a otros, se encuentran o\u00eddos que se vuelven sordos y actitudes de poca amistad. \u00a1Hay familia de calle!<\/p>\n<p>Y las acciones que se llevan adelante en nuestra asociaci\u00f3n o comunidad amplia de base se ven peligrar. Sin m\u00e1s, hace dos d\u00edas se pudo salir adelante ante la compleja situaci\u00f3n de estar en riesgo la continuidad de nuestra revista ante limitaciones t\u00e9cnicas que requer\u00edan de fondos, pero que mendigando a la empresa proveedora se pudo salir moment\u00e1neamente de la situaci\u00f3n.<\/p>\n<h2><strong>\u00bfSer\u00e9 un mal ateo que me olvid\u00e9 de mi Dios?<\/strong><\/h2>\n<p>&#8212; ser ateo de un dios injusto.<\/p>\n<p>Hoy sal\u00ed de casa, pidiendo, como quien dice, un poco de relax. A dos cuadras de casa me encontr\u00e9 con Grillo, un amigo de la familia de la calle. \u00c9l est\u00e1 en silla de ruedas debido a un accidente que tuvo en un tren, y del cual tampoco pudo hacerse de su indemnizaci\u00f3n por el accidente por no poder tener acceso a la justicia (no tener un abogado o quien le acompa\u00f1e en el proceso). Tambi\u00e9n tiene dificultades en el habla. \u00c9l tiene problemas de adicciones. Por a\u00f1os intentamos, mutuamente, poder iniciar el proceso para obtener una pensi\u00f3n por discapacidad. Pero a \u00e9l le cuesta poder mantenerse en un lugar y adem\u00e1s manejar sus ansiedades\/adicciones. Tenemos una gran amistad de confianza mutua.<\/p>\n<p>Hace un tiempo que lo ve\u00eda dejado, con ropa sucia y rota, y no higienizado. Ya tres veces me dej\u00f3 colgado (es decir, se desapareci\u00f3) para ir a visitar a su mam\u00e1 a provincia, con quien tiene una relaci\u00f3n conflictiva, algo com\u00fan en muchos de los muchachos. La relaci\u00f3n familia y adictos, es una relaci\u00f3n no solo compleja, sino que se agudiza cuando las familias no pueden mover su comprensi\u00f3n fuera de lo conservador. Sin desligar estos dichos de las controversias de la persona adicta.<\/p>\n<p>Luego de hablar sobre ello, y sobre su idea de irse unos d\u00edas fuera de la ciudad despu\u00e9s de ir para fin de a\u00f1o unos d\u00edas con su familia. Lo ayud\u00e9 a encontrar un lugar que fuera posible para \u00e9l, no un imposible. Grillo dijo: \u00abLa ciudad atrapa\u00bb, yo digo: la gente que vive en la ciudad y la sociedad no llevan una relaci\u00f3n solidaria saludable con el necesitado. En la ciudad muchas cosas se consiguen m\u00e1s f\u00e1cilmente, entre ellas la ayuda econ\u00f3mica, que para algnxs es extremadamente necesaria y para otros en determinado momento es \u00fatil para seguir diciendo: \u00abLa ciudad atrapa\u00bb. En la adicci\u00f3n, las personas conllevan un gran dolor. La \u00fanica cura es a trav\u00e9s del amor.<\/p>\n<p>Grillo me dijo que Dios se hab\u00eda equivocado. Que el infierno era esta vida, el aqu\u00ed; y que el otro mundo de felicidad era despu\u00e9s de la muerte. Le coment\u00e9 que cada uno tiene una interpretaci\u00f3n de Dios, cada grupo social tambi\u00e9n&#8230; que ese del cual \u00e9l hablaba ser\u00eda un dios perverso, \u00bfC\u00f3mo Dios podr\u00eda ser tan injusto? \u00bfC\u00f3mo podr\u00edamos pensar en un dios as\u00ed? Entonces me repiti\u00f3 una serie de dogmas que seguro aprendi\u00f3 de manera atenta y esperanzadora en algunas iglesias (relacionado con una \u00fanica verdad absoluta de un Dios Jes\u00fas construido a medida de los intereses de los que siempre se consideran ganadores). Le dije que para algunos Jes\u00fas era un dios con una t\u00fanica blanca, sin mancha, perfecta, pulcra (siempre mis relatos van con algunas teatralizaciones :-)) y otros lo ven como un hombre de su pueblo que andaba entre ellos vestido como ellos, escuch\u00e1ndolos&#8230;<\/p>\n<p><strong>\u00a1Este es el infierno!<\/strong>, me dice.<\/p>\n<p>M\u00e1s all\u00e1 de las reflexiones o ideolog\u00edas religiosas, detr\u00e1s hay ideolog\u00edas del poder pol\u00edtico, cultural, social y religioso\/espiritual. El famoso <strong>fatalismo<\/strong> (tema estudiado por el te\u00f3logo y psic\u00f3logo <a href=\"https:\/\/realidadempoderada.com\/es\/un-acompanamiento-y-una-psicologia-desde-el-dominado-y-no-desde-el-dominador\/teoria\/\" target=\"_blank\" rel=\"noopener\">Mart\u00edn Bar\u00f3<\/a> acribillado a balazos junto con otros curas cat\u00f3licos romanos de la teolog\u00eda de la liberaci\u00f3n y una mujer con su hija, por ejecutores del ej\u00e9rcito salvadore\u00f1o en 1989) , all\u00ed, est\u00e1 cumpliendo su funci\u00f3n. Fatalismo, que repetimos una y otra vez, acallando toda opci\u00f3n superadora en esperanza por un mundo posible en esta realidad, y aseverando que esta es exclusivamente en un para\u00edso despu\u00e9s de la muerte.<\/p>\n<p>Le dije que c\u00f3mo pod\u00edamos, creer que Jes\u00fas pensara que sus hermanos del pueblo (lo se\u00f1al\u00e9 a \u00e9l) deb\u00edan sufrir, y que el sufrimiento en vida era la \u00fanica opci\u00f3n. \u00a1C\u00f3mo podemos pensar esto! Dios quiere un mundo mejor, en este mundo, no en un mundo exclusivamente despu\u00e9s de la muerte. Dios quiere un mundo mejor, Jes\u00fas comprend\u00eda que deb\u00eda transformar la realidad injusta de su pueblo, del campesinado, de los considerados impuros, los pobres (no fu\u00ed tan extenso con mi explicaci\u00f3n, pero s\u00ed le di a entender que \u00e9l estaba all\u00ed), y a todo pobre en esp\u00edritu. Trat\u00f3 de hacerse el desentendido, con lo cual le dije (para que \u00e9l tambi\u00e9n entendiera que deb\u00eda poner su parte) que Dios lo quer\u00eda vestido e higienizado dignamente, hablando con sus hermanxs de calle sobre un futuro en un mundo m\u00e1s justo, en estas vidas. Donde \u00e9l se transforme y transforme a los dem\u00e1s para un mundo mejor y justo, un mundo que es posible, del cual Jes\u00fas hablaba. Le pregunt\u00e9 si comprend\u00eda lo que le estaba diciendo, para invitarlo a dar una opini\u00f3n o reflexi\u00f3n. A su manera t\u00edpica (la cual conozco muy bien y que a veces busca deslindar responsabilidades o desentenderse de ser actor de su cambio) me di\u00f3 a entender que entend\u00eda por d\u00f3nde iba; aunque no tanto \ud83d\ude42 \u00c9l es una persona inteligente, y comprende, aunque a veces hace abuso de su inteligencia para esquivar el poner su parte.<\/p>\n<p>Nos despedimos unas dos o tres veces, con vueltas (charlas breves) para tomar conciencia de lo hablado (a \u00e9l le encanta y busca siempre eso).<\/p>\n<p>Cuando me alej\u00e9, vi mi fatalismo quedarse atr\u00e1s, para ser hereje de ese dios de las perdidas, del no se puede, del estar en el derrotero. Para ser creyente de un Dios que nos acompa\u00f1a en la transformaci\u00f3n de este mundo. \u00a1Ah\u00ed est\u00e1 la promesa navide\u00f1a! en la cual tenemos que ser parte y art\u00edfices en la gestaci\u00f3n, la regeneraci\u00f3n reformadora de <strong>OTRO MUNDO POSIBLE Y NECESARIO.<\/strong><\/p>\n<p>PD: Si no pudiera pensar que el d\u00eda de despedida no pas\u00f3, cuando muri\u00f3 mi amigo Marcos, hermano de calle noble y buen hermano entre todos. Lo vi antes de dejar esta vida, en un espacio de terapia intensiva improvisado en una guardia de un hospital. Porque no hab\u00eda lugar \u00abpara el\u00bb (1) en el hospital. <strong><em>\u00bfC\u00f3mo puedo no tener esperanza de que un d\u00eda, un d\u00eda de justicia plena, en el que, qui\u00e9n sabe cu\u00e1ndo, podamos nuevamente abrazarnos en plenitud y compartir una comida juntos?<\/em><\/strong><\/p>\n<p>(1)Mar\u00eda y Jose tampoco encontraron espacio para ellos y tuvieron a Jes\u00fas en un lugar que se usaba para albergar animales.<\/p>\n","protected":false},"excerpt":{"rendered":"<div class=\"mh-excerpt\">En este tiempo en mi pa\u00eds son tiempos de derroteros para quienes buscan saciar los anhelos de justicia, de vida digna, de recoger el man\u00e1 seg\u00fan necesidad. Para quienes gestamos las acciones sociales desde la <a class=\"mh-excerpt-more\" href=\"https:\/\/realidadempoderada.com\/es\/poniendonos-de-pie-en-el-mensaje-de-navidad-ser-ateo-de-la-injusticia\/teoria\/historias-de-acompanamiento\/\" title=\"Poni\u00e9ndonos de pie en el mensaje de Navidad. Ser ateo de la injusticia.\">[&#8230;]<\/a><\/div>\n","protected":false},"author":12,"featured_media":3584,"comment_status":"open","ping_status":"closed","sticky":false,"template":"","format":"standard","meta":{"_crdt_document":"","jetpack_post_was_ever_published":false,"_jetpack_newsletter_access":"","_jetpack_dont_email_post_to_subs":false,"_jetpack_newsletter_tier_id":0,"_jetpack_memberships_contains_paywalled_content":false,"_jetpack_memberships_contains_paid_content":false,"footnotes":""},"categories":[99,19],"tags":[91,90,97,98,7,94,25],"class_list":{"0":"post-3577","1":"post","2":"type-post","3":"status-publish","4":"format-standard","5":"has-post-thumbnail","7":"category-historias-de-acompanamiento","8":"category-teoria","9":"tag-acompanamiento-no-colonizador","10":"tag-acompanamiento-solidario","11":"tag-marginacion","12":"tag-psicologia-de-la-liberacion","13":"tag-solidaridad","14":"tag-solidaridad-transformadora","15":"tag-teologia-de-la-liberacion"},"yoast_head":"<!-- This site is optimized with the Yoast SEO plugin v27.4 - https:\/\/yoast.com\/product\/yoast-seo-wordpress\/ -->\n<title>Poni\u00e9ndonos de pie en el mensaje de Navidad. Ser ateo de la injusticia. - Realidad Empoderada<\/title>\n<meta name=\"description\" content=\"El acompa\u00f1amiento a sectores marginados y las accione ssociales que ello demande requieren de esperanza en la transformaci\u00f3n para OTRO MUNDO POSIBLE Y NECESARIO\" \/>\n<meta name=\"robots\" content=\"index, follow, max-snippet:-1, max-image-preview:large, max-video-preview:-1\" \/>\n<link rel=\"canonical\" href=\"https:\/\/realidadempoderada.com\/es\/poniendonos-de-pie-en-el-mensaje-de-navidad-ser-ateo-de-la-injusticia\/teoria\/historias-de-acompanamiento\/\" \/>\n<meta property=\"og:locale\" content=\"es_ES\" \/>\n<meta property=\"og:type\" content=\"article\" \/>\n<meta property=\"og:title\" content=\"Poni\u00e9ndonos de pie en el mensaje de Navidad. Ser ateo de la injusticia. - Realidad Empoderada\" \/>\n<meta property=\"og:description\" content=\"El acompa\u00f1amiento a sectores marginados y las accione ssociales que ello demande requieren de esperanza en la transformaci\u00f3n para OTRO MUNDO POSIBLE Y NECESARIO\" \/>\n<meta property=\"og:url\" content=\"https:\/\/realidadempoderada.com\/es\/poniendonos-de-pie-en-el-mensaje-de-navidad-ser-ateo-de-la-injusticia\/teoria\/historias-de-acompanamiento\/\" \/>\n<meta property=\"og:site_name\" content=\"Realidad Empoderada\" \/>\n<meta property=\"article:publisher\" content=\"https:\/\/www.facebook.com\/RealidadEmpoderada\/\" \/>\n<meta property=\"article:published_time\" content=\"2024-12-22T18:30:52+00:00\" \/>\n<meta property=\"article:modified_time\" content=\"2026-03-20T00:06:09+00:00\" \/>\n<meta property=\"og:image\" content=\"https:\/\/realidadempoderada.com\/wp-content\/uploads\/2024\/12\/Grillo2-1.jpg\" \/>\n\t<meta property=\"og:image:width\" content=\"1100\" \/>\n\t<meta property=\"og:image:height\" content=\"618\" \/>\n\t<meta property=\"og:image:type\" content=\"image\/jpeg\" \/>\n<meta name=\"author\" content=\"Gustavo Reimondo\" \/>\n<meta name=\"twitter:card\" content=\"summary_large_image\" \/>\n<meta name=\"twitter:label1\" content=\"Escrito por\" \/>\n\t<meta name=\"twitter:data1\" content=\"Gustavo Reimondo\" \/>\n\t<meta name=\"twitter:label2\" content=\"Tiempo de lectura\" \/>\n\t<meta name=\"twitter:data2\" content=\"6 minutos\" \/>\n<script type=\"application\/ld+json\" class=\"yoast-schema-graph\">{\"@context\":\"https:\\\/\\\/schema.org\",\"@graph\":[{\"@type\":\"Article\",\"@id\":\"https:\\\/\\\/realidadempoderada.com\\\/es\\\/poniendonos-de-pie-en-el-mensaje-de-navidad-ser-ateo-de-la-injusticia\\\/teoria\\\/historias-de-acompanamiento\\\/#article\",\"isPartOf\":{\"@id\":\"https:\\\/\\\/realidadempoderada.com\\\/es\\\/poniendonos-de-pie-en-el-mensaje-de-navidad-ser-ateo-de-la-injusticia\\\/teoria\\\/historias-de-acompanamiento\\\/\"},\"author\":{\"name\":\"Gustavo Reimondo\",\"@id\":\"https:\\\/\\\/realidadempoderada.com\\\/es\\\/#\\\/schema\\\/person\\\/29ef59aa32d30368dcdbef00fe720e7a\"},\"headline\":\"Poni\u00e9ndonos de pie en el mensaje de Navidad. Ser ateo de la injusticia.\",\"datePublished\":\"2024-12-22T18:30:52+00:00\",\"dateModified\":\"2026-03-20T00:06:09+00:00\",\"mainEntityOfPage\":{\"@id\":\"https:\\\/\\\/realidadempoderada.com\\\/es\\\/poniendonos-de-pie-en-el-mensaje-de-navidad-ser-ateo-de-la-injusticia\\\/teoria\\\/historias-de-acompanamiento\\\/\"},\"wordCount\":1311,\"commentCount\":0,\"publisher\":{\"@id\":\"https:\\\/\\\/realidadempoderada.com\\\/es\\\/#organization\"},\"image\":{\"@id\":\"https:\\\/\\\/realidadempoderada.com\\\/es\\\/poniendonos-de-pie-en-el-mensaje-de-navidad-ser-ateo-de-la-injusticia\\\/teoria\\\/historias-de-acompanamiento\\\/#primaryimage\"},\"thumbnailUrl\":\"https:\\\/\\\/realidadempoderada.com\\\/wp-content\\\/uploads\\\/2024\\\/12\\\/Grillo2-1.jpg\",\"keywords\":[\"acompa\u00f1amiento no colonizador\",\"acompa\u00f1amiento solidario\",\"marginaci\u00f3n\",\"Psicolog\u00eda de la liberaci\u00f3n\",\"solidaridad\",\"Solidaridad Transformadora\",\"Teolog\u00eda de la liberaci\u00f3n\"],\"articleSection\":[\"Historias de Acompa\u00f1amiento\",\"Teor\u00eda\"],\"inLanguage\":\"es\",\"potentialAction\":[{\"@type\":\"CommentAction\",\"name\":\"Comment\",\"target\":[\"https:\\\/\\\/realidadempoderada.com\\\/es\\\/poniendonos-de-pie-en-el-mensaje-de-navidad-ser-ateo-de-la-injusticia\\\/teoria\\\/historias-de-acompanamiento\\\/#respond\"]}]},{\"@type\":\"WebPage\",\"@id\":\"https:\\\/\\\/realidadempoderada.com\\\/es\\\/poniendonos-de-pie-en-el-mensaje-de-navidad-ser-ateo-de-la-injusticia\\\/teoria\\\/historias-de-acompanamiento\\\/\",\"url\":\"https:\\\/\\\/realidadempoderada.com\\\/es\\\/poniendonos-de-pie-en-el-mensaje-de-navidad-ser-ateo-de-la-injusticia\\\/teoria\\\/historias-de-acompanamiento\\\/\",\"name\":\"Poni\u00e9ndonos de pie en el mensaje de Navidad. Ser ateo de la injusticia. - Realidad Empoderada\",\"isPartOf\":{\"@id\":\"https:\\\/\\\/realidadempoderada.com\\\/es\\\/#website\"},\"primaryImageOfPage\":{\"@id\":\"https:\\\/\\\/realidadempoderada.com\\\/es\\\/poniendonos-de-pie-en-el-mensaje-de-navidad-ser-ateo-de-la-injusticia\\\/teoria\\\/historias-de-acompanamiento\\\/#primaryimage\"},\"image\":{\"@id\":\"https:\\\/\\\/realidadempoderada.com\\\/es\\\/poniendonos-de-pie-en-el-mensaje-de-navidad-ser-ateo-de-la-injusticia\\\/teoria\\\/historias-de-acompanamiento\\\/#primaryimage\"},\"thumbnailUrl\":\"https:\\\/\\\/realidadempoderada.com\\\/wp-content\\\/uploads\\\/2024\\\/12\\\/Grillo2-1.jpg\",\"datePublished\":\"2024-12-22T18:30:52+00:00\",\"dateModified\":\"2026-03-20T00:06:09+00:00\",\"description\":\"El acompa\u00f1amiento a sectores marginados y las accione ssociales que ello demande requieren de esperanza en la transformaci\u00f3n para OTRO MUNDO POSIBLE Y NECESARIO\",\"breadcrumb\":{\"@id\":\"https:\\\/\\\/realidadempoderada.com\\\/es\\\/poniendonos-de-pie-en-el-mensaje-de-navidad-ser-ateo-de-la-injusticia\\\/teoria\\\/historias-de-acompanamiento\\\/#breadcrumb\"},\"inLanguage\":\"es\",\"potentialAction\":[{\"@type\":\"ReadAction\",\"target\":[\"https:\\\/\\\/realidadempoderada.com\\\/es\\\/poniendonos-de-pie-en-el-mensaje-de-navidad-ser-ateo-de-la-injusticia\\\/teoria\\\/historias-de-acompanamiento\\\/\"]}]},{\"@type\":\"ImageObject\",\"inLanguage\":\"es\",\"@id\":\"https:\\\/\\\/realidadempoderada.com\\\/es\\\/poniendonos-de-pie-en-el-mensaje-de-navidad-ser-ateo-de-la-injusticia\\\/teoria\\\/historias-de-acompanamiento\\\/#primaryimage\",\"url\":\"https:\\\/\\\/realidadempoderada.com\\\/wp-content\\\/uploads\\\/2024\\\/12\\\/Grillo2-1.jpg\",\"contentUrl\":\"https:\\\/\\\/realidadempoderada.com\\\/wp-content\\\/uploads\\\/2024\\\/12\\\/Grillo2-1.jpg\",\"width\":1100,\"height\":618,\"caption\":\"OTRO MUNDO ES POSIBLE La familia de la calle\"},{\"@type\":\"BreadcrumbList\",\"@id\":\"https:\\\/\\\/realidadempoderada.com\\\/es\\\/poniendonos-de-pie-en-el-mensaje-de-navidad-ser-ateo-de-la-injusticia\\\/teoria\\\/historias-de-acompanamiento\\\/#breadcrumb\",\"itemListElement\":[{\"@type\":\"ListItem\",\"position\":1,\"name\":\"Portada\",\"item\":\"https:\\\/\\\/realidadempoderada.com\\\/es\\\/\"},{\"@type\":\"ListItem\",\"position\":2,\"name\":\"Poni\u00e9ndonos de pie en el mensaje de Navidad. Ser ateo de la injusticia.\"}]},{\"@type\":\"WebSite\",\"@id\":\"https:\\\/\\\/realidadempoderada.com\\\/es\\\/#website\",\"url\":\"https:\\\/\\\/realidadempoderada.com\\\/es\\\/\",\"name\":\"Realidad Empoderada\",\"description\":\"\u2026 de la realidad virtual a la solidaridad\",\"publisher\":{\"@id\":\"https:\\\/\\\/realidadempoderada.com\\\/es\\\/#organization\"},\"potentialAction\":[{\"@type\":\"SearchAction\",\"target\":{\"@type\":\"EntryPoint\",\"urlTemplate\":\"https:\\\/\\\/realidadempoderada.com\\\/es\\\/?s={search_term_string}\"},\"query-input\":{\"@type\":\"PropertyValueSpecification\",\"valueRequired\":true,\"valueName\":\"search_term_string\"}}],\"inLanguage\":\"es\"},{\"@type\":\"Organization\",\"@id\":\"https:\\\/\\\/realidadempoderada.com\\\/es\\\/#organization\",\"name\":\"Realidad Empoderada\",\"url\":\"https:\\\/\\\/realidadempoderada.com\\\/es\\\/\",\"logo\":{\"@type\":\"ImageObject\",\"inLanguage\":\"es\",\"@id\":\"https:\\\/\\\/realidadempoderada.com\\\/es\\\/#\\\/schema\\\/logo\\\/image\\\/\",\"url\":\"https:\\\/\\\/realidadempoderada.com\\\/wp-content\\\/uploads\\\/2018\\\/04\\\/Manos.jpg\",\"contentUrl\":\"https:\\\/\\\/realidadempoderada.com\\\/wp-content\\\/uploads\\\/2018\\\/04\\\/Manos.jpg\",\"width\":300,\"height\":230,\"caption\":\"Realidad Empoderada\"},\"image\":{\"@id\":\"https:\\\/\\\/realidadempoderada.com\\\/es\\\/#\\\/schema\\\/logo\\\/image\\\/\"},\"sameAs\":[\"https:\\\/\\\/www.facebook.com\\\/RealidadEmpoderada\\\/\"]},{\"@type\":\"Person\",\"@id\":\"https:\\\/\\\/realidadempoderada.com\\\/es\\\/#\\\/schema\\\/person\\\/29ef59aa32d30368dcdbef00fe720e7a\",\"name\":\"Gustavo Reimondo\",\"image\":{\"@type\":\"ImageObject\",\"inLanguage\":\"es\",\"@id\":\"https:\\\/\\\/realidadempoderada.com\\\/wp-content\\\/uploads\\\/2024\\\/04\\\/gustavo-reimondo_avatar-96x96.jpg\",\"url\":\"https:\\\/\\\/realidadempoderada.com\\\/wp-content\\\/uploads\\\/2024\\\/04\\\/gustavo-reimondo_avatar-96x96.jpg\",\"contentUrl\":\"https:\\\/\\\/realidadempoderada.com\\\/wp-content\\\/uploads\\\/2024\\\/04\\\/gustavo-reimondo_avatar-96x96.jpg\",\"caption\":\"Gustavo Reimondo\"},\"description\":\"Coordinador de la editorial Tecnolog\u00eda Humanizada. Coordinador de la acci\u00f3n social Realidad Empoderada. Miembro del grupo: \\\"La familia de la calle\\\", organizaci\u00f3n conformada por personas indigentes y no indigentes en una relaci\u00f3n igualitaria. Coordinador de proyectos de Infraestructura F\u00edsica de Telecomunicaciones. Experto en Rob\u00f3tica, Instrumentaci\u00f3n &amp; Control, IoT, Sens\u00f3rica y sistemas microcontrolados.\",\"sameAs\":[\"https:\\\/\\\/humanizationoftechnology.com\\\/author\\\/gustavoautor\\\/\",\"https:\\\/\\\/www.linkedin.com\\\/in\\\/gustavoreimondo\\\/\"],\"url\":\"https:\\\/\\\/realidadempoderada.com\\\/es\\\/author\\\/gustavo-reimondo\\\/\"}]}<\/script>\n<!-- \/ Yoast SEO plugin. -->","yoast_head_json":{"title":"Poni\u00e9ndonos de pie en el mensaje de Navidad. Ser ateo de la injusticia. - Realidad Empoderada","description":"El acompa\u00f1amiento a sectores marginados y las accione ssociales que ello demande requieren de esperanza en la transformaci\u00f3n para OTRO MUNDO POSIBLE Y NECESARIO","robots":{"index":"index","follow":"follow","max-snippet":"max-snippet:-1","max-image-preview":"max-image-preview:large","max-video-preview":"max-video-preview:-1"},"canonical":"https:\/\/realidadempoderada.com\/es\/poniendonos-de-pie-en-el-mensaje-de-navidad-ser-ateo-de-la-injusticia\/teoria\/historias-de-acompanamiento\/","og_locale":"es_ES","og_type":"article","og_title":"Poni\u00e9ndonos de pie en el mensaje de Navidad. Ser ateo de la injusticia. - Realidad Empoderada","og_description":"El acompa\u00f1amiento a sectores marginados y las accione ssociales que ello demande requieren de esperanza en la transformaci\u00f3n para OTRO MUNDO POSIBLE Y NECESARIO","og_url":"https:\/\/realidadempoderada.com\/es\/poniendonos-de-pie-en-el-mensaje-de-navidad-ser-ateo-de-la-injusticia\/teoria\/historias-de-acompanamiento\/","og_site_name":"Realidad Empoderada","article_publisher":"https:\/\/www.facebook.com\/RealidadEmpoderada\/","article_published_time":"2024-12-22T18:30:52+00:00","article_modified_time":"2026-03-20T00:06:09+00:00","og_image":[{"width":1100,"height":618,"url":"https:\/\/realidadempoderada.com\/wp-content\/uploads\/2024\/12\/Grillo2-1.jpg","type":"image\/jpeg"}],"author":"Gustavo Reimondo","twitter_card":"summary_large_image","twitter_misc":{"Escrito por":"Gustavo Reimondo","Tiempo de lectura":"6 minutos"},"schema":{"@context":"https:\/\/schema.org","@graph":[{"@type":"Article","@id":"https:\/\/realidadempoderada.com\/es\/poniendonos-de-pie-en-el-mensaje-de-navidad-ser-ateo-de-la-injusticia\/teoria\/historias-de-acompanamiento\/#article","isPartOf":{"@id":"https:\/\/realidadempoderada.com\/es\/poniendonos-de-pie-en-el-mensaje-de-navidad-ser-ateo-de-la-injusticia\/teoria\/historias-de-acompanamiento\/"},"author":{"name":"Gustavo Reimondo","@id":"https:\/\/realidadempoderada.com\/es\/#\/schema\/person\/29ef59aa32d30368dcdbef00fe720e7a"},"headline":"Poni\u00e9ndonos de pie en el mensaje de Navidad. Ser ateo de la injusticia.","datePublished":"2024-12-22T18:30:52+00:00","dateModified":"2026-03-20T00:06:09+00:00","mainEntityOfPage":{"@id":"https:\/\/realidadempoderada.com\/es\/poniendonos-de-pie-en-el-mensaje-de-navidad-ser-ateo-de-la-injusticia\/teoria\/historias-de-acompanamiento\/"},"wordCount":1311,"commentCount":0,"publisher":{"@id":"https:\/\/realidadempoderada.com\/es\/#organization"},"image":{"@id":"https:\/\/realidadempoderada.com\/es\/poniendonos-de-pie-en-el-mensaje-de-navidad-ser-ateo-de-la-injusticia\/teoria\/historias-de-acompanamiento\/#primaryimage"},"thumbnailUrl":"https:\/\/realidadempoderada.com\/wp-content\/uploads\/2024\/12\/Grillo2-1.jpg","keywords":["acompa\u00f1amiento no colonizador","acompa\u00f1amiento solidario","marginaci\u00f3n","Psicolog\u00eda de la liberaci\u00f3n","solidaridad","Solidaridad Transformadora","Teolog\u00eda de la liberaci\u00f3n"],"articleSection":["Historias de Acompa\u00f1amiento","Teor\u00eda"],"inLanguage":"es","potentialAction":[{"@type":"CommentAction","name":"Comment","target":["https:\/\/realidadempoderada.com\/es\/poniendonos-de-pie-en-el-mensaje-de-navidad-ser-ateo-de-la-injusticia\/teoria\/historias-de-acompanamiento\/#respond"]}]},{"@type":"WebPage","@id":"https:\/\/realidadempoderada.com\/es\/poniendonos-de-pie-en-el-mensaje-de-navidad-ser-ateo-de-la-injusticia\/teoria\/historias-de-acompanamiento\/","url":"https:\/\/realidadempoderada.com\/es\/poniendonos-de-pie-en-el-mensaje-de-navidad-ser-ateo-de-la-injusticia\/teoria\/historias-de-acompanamiento\/","name":"Poni\u00e9ndonos de pie en el mensaje de Navidad. Ser ateo de la injusticia. - Realidad Empoderada","isPartOf":{"@id":"https:\/\/realidadempoderada.com\/es\/#website"},"primaryImageOfPage":{"@id":"https:\/\/realidadempoderada.com\/es\/poniendonos-de-pie-en-el-mensaje-de-navidad-ser-ateo-de-la-injusticia\/teoria\/historias-de-acompanamiento\/#primaryimage"},"image":{"@id":"https:\/\/realidadempoderada.com\/es\/poniendonos-de-pie-en-el-mensaje-de-navidad-ser-ateo-de-la-injusticia\/teoria\/historias-de-acompanamiento\/#primaryimage"},"thumbnailUrl":"https:\/\/realidadempoderada.com\/wp-content\/uploads\/2024\/12\/Grillo2-1.jpg","datePublished":"2024-12-22T18:30:52+00:00","dateModified":"2026-03-20T00:06:09+00:00","description":"El acompa\u00f1amiento a sectores marginados y las accione ssociales que ello demande requieren de esperanza en la transformaci\u00f3n para OTRO MUNDO POSIBLE Y NECESARIO","breadcrumb":{"@id":"https:\/\/realidadempoderada.com\/es\/poniendonos-de-pie-en-el-mensaje-de-navidad-ser-ateo-de-la-injusticia\/teoria\/historias-de-acompanamiento\/#breadcrumb"},"inLanguage":"es","potentialAction":[{"@type":"ReadAction","target":["https:\/\/realidadempoderada.com\/es\/poniendonos-de-pie-en-el-mensaje-de-navidad-ser-ateo-de-la-injusticia\/teoria\/historias-de-acompanamiento\/"]}]},{"@type":"ImageObject","inLanguage":"es","@id":"https:\/\/realidadempoderada.com\/es\/poniendonos-de-pie-en-el-mensaje-de-navidad-ser-ateo-de-la-injusticia\/teoria\/historias-de-acompanamiento\/#primaryimage","url":"https:\/\/realidadempoderada.com\/wp-content\/uploads\/2024\/12\/Grillo2-1.jpg","contentUrl":"https:\/\/realidadempoderada.com\/wp-content\/uploads\/2024\/12\/Grillo2-1.jpg","width":1100,"height":618,"caption":"OTRO MUNDO ES POSIBLE La familia de la calle"},{"@type":"BreadcrumbList","@id":"https:\/\/realidadempoderada.com\/es\/poniendonos-de-pie-en-el-mensaje-de-navidad-ser-ateo-de-la-injusticia\/teoria\/historias-de-acompanamiento\/#breadcrumb","itemListElement":[{"@type":"ListItem","position":1,"name":"Portada","item":"https:\/\/realidadempoderada.com\/es\/"},{"@type":"ListItem","position":2,"name":"Poni\u00e9ndonos de pie en el mensaje de Navidad. Ser ateo de la injusticia."}]},{"@type":"WebSite","@id":"https:\/\/realidadempoderada.com\/es\/#website","url":"https:\/\/realidadempoderada.com\/es\/","name":"Realidad Empoderada","description":"\u2026 de la realidad virtual a la solidaridad","publisher":{"@id":"https:\/\/realidadempoderada.com\/es\/#organization"},"potentialAction":[{"@type":"SearchAction","target":{"@type":"EntryPoint","urlTemplate":"https:\/\/realidadempoderada.com\/es\/?s={search_term_string}"},"query-input":{"@type":"PropertyValueSpecification","valueRequired":true,"valueName":"search_term_string"}}],"inLanguage":"es"},{"@type":"Organization","@id":"https:\/\/realidadempoderada.com\/es\/#organization","name":"Realidad Empoderada","url":"https:\/\/realidadempoderada.com\/es\/","logo":{"@type":"ImageObject","inLanguage":"es","@id":"https:\/\/realidadempoderada.com\/es\/#\/schema\/logo\/image\/","url":"https:\/\/realidadempoderada.com\/wp-content\/uploads\/2018\/04\/Manos.jpg","contentUrl":"https:\/\/realidadempoderada.com\/wp-content\/uploads\/2018\/04\/Manos.jpg","width":300,"height":230,"caption":"Realidad Empoderada"},"image":{"@id":"https:\/\/realidadempoderada.com\/es\/#\/schema\/logo\/image\/"},"sameAs":["https:\/\/www.facebook.com\/RealidadEmpoderada\/"]},{"@type":"Person","@id":"https:\/\/realidadempoderada.com\/es\/#\/schema\/person\/29ef59aa32d30368dcdbef00fe720e7a","name":"Gustavo Reimondo","image":{"@type":"ImageObject","inLanguage":"es","@id":"https:\/\/realidadempoderada.com\/wp-content\/uploads\/2024\/04\/gustavo-reimondo_avatar-96x96.jpg","url":"https:\/\/realidadempoderada.com\/wp-content\/uploads\/2024\/04\/gustavo-reimondo_avatar-96x96.jpg","contentUrl":"https:\/\/realidadempoderada.com\/wp-content\/uploads\/2024\/04\/gustavo-reimondo_avatar-96x96.jpg","caption":"Gustavo Reimondo"},"description":"Coordinador de la editorial Tecnolog\u00eda Humanizada. Coordinador de la acci\u00f3n social Realidad Empoderada. Miembro del grupo: \"La familia de la calle\", organizaci\u00f3n conformada por personas indigentes y no indigentes en una relaci\u00f3n igualitaria. Coordinador de proyectos de Infraestructura F\u00edsica de Telecomunicaciones. Experto en Rob\u00f3tica, Instrumentaci\u00f3n &amp; Control, IoT, Sens\u00f3rica y sistemas microcontrolados.","sameAs":["https:\/\/humanizationoftechnology.com\/author\/gustavoautor\/","https:\/\/www.linkedin.com\/in\/gustavoreimondo\/"],"url":"https:\/\/realidadempoderada.com\/es\/author\/gustavo-reimondo\/"}]}},"jetpack_featured_media_url":"https:\/\/realidadempoderada.com\/wp-content\/uploads\/2024\/12\/Grillo2-1.jpg","jetpack_shortlink":"https:\/\/wp.me\/panXkF-VH","jetpack_sharing_enabled":true,"_links":{"self":[{"href":"https:\/\/realidadempoderada.com\/es\/wp-json\/wp\/v2\/posts\/3577","targetHints":{"allow":["GET"]}}],"collection":[{"href":"https:\/\/realidadempoderada.com\/es\/wp-json\/wp\/v2\/posts"}],"about":[{"href":"https:\/\/realidadempoderada.com\/es\/wp-json\/wp\/v2\/types\/post"}],"author":[{"embeddable":true,"href":"https:\/\/realidadempoderada.com\/es\/wp-json\/wp\/v2\/users\/12"}],"replies":[{"embeddable":true,"href":"https:\/\/realidadempoderada.com\/es\/wp-json\/wp\/v2\/comments?post=3577"}],"version-history":[{"count":8,"href":"https:\/\/realidadempoderada.com\/es\/wp-json\/wp\/v2\/posts\/3577\/revisions"}],"predecessor-version":[{"id":3832,"href":"https:\/\/realidadempoderada.com\/es\/wp-json\/wp\/v2\/posts\/3577\/revisions\/3832"}],"wp:featuredmedia":[{"embeddable":true,"href":"https:\/\/realidadempoderada.com\/es\/wp-json\/wp\/v2\/media\/3584"}],"wp:attachment":[{"href":"https:\/\/realidadempoderada.com\/es\/wp-json\/wp\/v2\/media?parent=3577"}],"wp:term":[{"taxonomy":"category","embeddable":true,"href":"https:\/\/realidadempoderada.com\/es\/wp-json\/wp\/v2\/categories?post=3577"},{"taxonomy":"post_tag","embeddable":true,"href":"https:\/\/realidadempoderada.com\/es\/wp-json\/wp\/v2\/tags?post=3577"}],"curies":[{"name":"wp","href":"https:\/\/api.w.org\/{rel}","templated":true}]}}