{"id":3606,"date":"2025-03-25T11:10:33","date_gmt":"2025-03-25T14:10:33","guid":{"rendered":"https:\/\/realidadempoderada.com\/?p=3606"},"modified":"2025-03-27T22:59:26","modified_gmt":"2025-03-28T01:59:26","slug":"una-nueva-etapa-en-el-desarrollo-de-realidad-empoderada-las-percepciones","status":"publish","type":"post","link":"https:\/\/realidadempoderada.com\/es\/una-nueva-etapa-en-el-desarrollo-de-realidad-empoderada-las-percepciones\/avances\/","title":{"rendered":"Una nueva etapa en el desarrollo de Realidad Empoderada: las percepciones"},"content":{"rendered":"<p>Una nueva etapa de desarrollo se ha iniciado en <em>Realidad Empoderada<\/em>, nuestra aplicaci\u00f3n 3D en desarrollo, cuyo fin ser\u00e1 el empoderamiento social solidario, que permitir\u00e1 a los usuarios capacitarse en los contextos de acompa\u00f1amiento a personas en situaci\u00f3n de calle.<\/p>\n<p>Recordemos que <em>Realidad Empoderada<\/em> ser\u00e1 una plataforma virtual que permitir\u00e1 recrear la praxis din\u00e1mica de la solidaridad responsable en una ciudad virtual, con entes que representar\u00e1n a personas en situaci\u00f3n de calle y usuarios interactuando con ellos.<\/p>\n<p>Hace tiempo desarrollamos la autogeneraci\u00f3n del contexto \u00a0geogr\u00e1fico, la unidad de control que permitir\u00e1 a cada indigente virtual \u00a0gobernar su comportamiento, los sistemas de distribuci\u00f3n de poblaci\u00f3n, con la posibilidad de definir etnias, \u00a0entre muchos otros m\u00f3dulos. Todo ello desde una <a href=\"https:\/\/humanizationoftechnology.com\/algoritmos-no-colonizadores-una-manera-de-de-desarrollar-software-multicultural-primera-parte\/revista\/solidaridad\/07\/2020\/\" target=\"_blank\" rel=\"noopener\">programaci\u00f3n no colonizadora<\/a> en todos sus aspectos. La pluralidad y el reconocimiento del otro son la base de su desarrollo.<\/p>\n<p>D\u00edas atr\u00e1s terminamos de dar forma a la estructura y los algoritmos que permitir\u00e1n que <em>Realidad Empoderada<\/em> \u00a0cuente con un lenguaje de contextualizaci\u00f3n directa, basado desde las diferentes \u00e1reas de experiencia y profesionales. \u00a0Estos podr\u00e1n hacer aportes \u00a0de manera din\u00e1mica.<\/p>\n<p>En estos d\u00edas comenzamos a crear los algoritmos y estructuras que permitir\u00e1n la interacci\u00f3n entre indigentes virtuales entre s\u00ed y con los usuarios. Utilizaremos t\u00e9cnicas propias del sistema de desarrollo de Unity 3D, combinadas con nuestros propios algoritmos de simulaci\u00f3n y procesamiento flexible, que permitir\u00e1n definir caracter\u00edsticas locales para cada cultura. El sistema podr\u00e1 ser definido por administradores de la regi\u00f3n donde vaya a ser utilizado.<\/p>\n<p>Por el momento, estamos programando las capacidades del indigente virtual (v-indigente) para detectar la proximidad de otros v-indigentes o de usuarios (acompa\u00f1antes virtuales). Estos sensores propios del v-indigente representan la percepci\u00f3n visual y auditiva, interactuando directamente con la red programable de procesamiento.\u00a0 De esta manera, dichos sensores podr\u00e1n formar parte de complejas reacciones, secuencias y l\u00f3gicas vinculadas con diferentes aspectos del v-indigente. Como ya mencionamos \u00a0anteriormente, esta puede ser definida mediante un lenguaje directamente por administradores y colaboradores locales, \u00a0quienes podr\u00e1n contextualizar el comportamiento con experiencias y praxis sociales propias de su zona sin necesidad de tener que programar dentro de las diferentes partes del c\u00f3digo fuente de la aplicaci\u00f3n. Cada v-indigente posee una estructura de \u201cm\u00e1quina virtual\u201d, algo as\u00ed como una peque\u00f1a unidad de procesamiento con capacidad de simular sistemas f\u00edsicos, l\u00f3gicos, psicol\u00f3gicos, fisiol\u00f3gicos, entre otros.<\/p>\n<h2>La tecnolog\u00eda<\/h2>\n<p>Como ya deb\u00e9s saber, utilizamos Unity 3D como plataforma Lamentablemente, esta ha sido pensada con principios comerciales, empresariales y de entretenimiento, mientras que nuestras premisas y contextos son de otra \u00edndole: la solidaria y plural. Esto nos obliga a crear nuevas estructuras m\u00e1s complejas y flexibles que las soluciones provistas, las cuales est\u00e1n dise\u00f1adas para lo inmediato y comercial. Sin embargo, ello no implica que no sean utilizables muchas de las funcionalidades nativas de Unity 3D, como los detectores de colisiones o <em>colliders<\/em>. Estos recursos permiten detectar cuando un v-indigente o un personaje del usuario se encuentran a determinadas distancias preestablecidas, funcionando como si construy\u00e9ramos esferas de detecci\u00f3n. El reto ahora, en esta nueva etapa, es determinar c\u00f3mo vincular estos eventos con la unidad de procesamiento de cada v-indigente para que pueda reaccionar de diferentes maneras seg\u00fan su estado, mediante simulaciones y procesos de alta complejidad de manera eficiente y procesamiento m\u00ednimo.<\/p>\n<p><img loading=\"lazy\" decoding=\"async\" class=\"wp-image-3609 size-full aligncenter\" src=\"https:\/\/realidadempoderada.com\/wp-content\/uploads\/2025\/03\/Sensor-aproximacion-unity-3d.jpg\" alt=\"Realidad Empoderada.com Unity 3D\" width=\"801\" height=\"681\" srcset=\"https:\/\/realidadempoderada.com\/wp-content\/uploads\/2025\/03\/Sensor-aproximacion-unity-3d.jpg 801w, https:\/\/realidadempoderada.com\/wp-content\/uploads\/2025\/03\/Sensor-aproximacion-unity-3d-300x255.jpg 300w, https:\/\/realidadempoderada.com\/wp-content\/uploads\/2025\/03\/Sensor-aproximacion-unity-3d-768x653.jpg 768w\" sizes=\"auto, (max-width: 801px) 100vw, 801px\" \/><\/p>\n<p><strong>Lectura complementaria:<\/strong><br \/>\n<a href=\"https:\/\/humanizationoftechnology.com\/medicos-y-nutriologos-para-la-simulacion-de-funciones-fisiologicas-de-entes-virtuales-en-realidad-empoderada\/revista\/2023\/volumen-3-2023\/06\/2023\/\" target=\"_blank\" rel=\"noopener\">G. Reimondo, \u00abM\u00e9dicos y nutri\u00f3logos para la simulaci\u00f3n de funciones fisiol\u00f3gicas de entes virtuales en Realidad Empoderada\u00bbRevista TECNOLOGIA HUMANIZADA N\u00fam. 3 2023<\/a><\/p>\n<p><a href=\"https:\/\/humanizationoftechnology.com\/algoritmos-no-colonizadores-una-manera-de-de-desarrollar-software-multicultural-primera-parte\/revista\/solidaridad\/07\/2020\/\" target=\"_blank\" rel=\"noopener\">G. Reimondo, \u00abAlgoritmos no colonizadores. Una manera de desarrollar software multicultural (primera parte)\u00bb Revista TECNOLOGIA HUMANIZADA N\u00fam. 3 2020<\/a><\/p>\n","protected":false},"excerpt":{"rendered":"<div class=\"mh-excerpt\">Una nueva etapa de desarrollo se ha iniciado en Realidad Empoderada, nuestra aplicaci\u00f3n 3D en desarrollo, cuyo fin ser\u00e1 el empoderamiento social solidario, que permitir\u00e1 a los usuarios capacitarse en los contextos de acompa\u00f1amiento a <a class=\"mh-excerpt-more\" href=\"https:\/\/realidadempoderada.com\/es\/una-nueva-etapa-en-el-desarrollo-de-realidad-empoderada-las-percepciones\/avances\/\" title=\"Una nueva etapa en el desarrollo de Realidad Empoderada: las percepciones\">[&#8230;]<\/a><\/div>\n","protected":false},"author":7,"featured_media":3607,"comment_status":"open","ping_status":"closed","sticky":false,"template":"","format":"standard","meta":{"_crdt_document":"","jetpack_post_was_ever_published":false,"_jetpack_newsletter_access":"","_jetpack_dont_email_post_to_subs":false,"_jetpack_newsletter_tier_id":0,"_jetpack_memberships_contains_paywalled_content":false,"_jetpack_memberships_contains_paid_content":false,"footnotes":""},"categories":[16],"tags":[34,9],"class_list":{"0":"post-3606","1":"post","2":"type-post","3":"status-publish","4":"format-standard","5":"has-post-thumbnail","7":"category-avances","8":"tag-algoritmo-no-colonizador","9":"tag-unity"},"yoast_head":"<!-- This site is optimized with the Yoast SEO plugin v27.4 - https:\/\/yoast.com\/product\/yoast-seo-wordpress\/ -->\n<title>Una nueva etapa en el desarrollo de Realidad Empoderada: las percepciones - Realidad Empoderada<\/title>\n<meta name=\"description\" content=\"Realidad Empoderada y sus \u00faltimos avances al 2025. La capacidad a trav\u00e9s de una estructura de m\u00e1quina virtual y de sensores se permitir\u00e1 a los administradores regionales o tem\u00e1ticos definir reacciones complejas de praxis social.\" \/>\n<meta name=\"robots\" content=\"index, follow, max-snippet:-1, max-image-preview:large, max-video-preview:-1\" \/>\n<link rel=\"canonical\" href=\"https:\/\/realidadempoderada.com\/es\/una-nueva-etapa-en-el-desarrollo-de-realidad-empoderada-las-percepciones\/avances\/\" \/>\n<meta property=\"og:locale\" content=\"es_ES\" \/>\n<meta property=\"og:type\" content=\"article\" \/>\n<meta property=\"og:title\" content=\"Una nueva etapa en el desarrollo de Realidad Empoderada: las percepciones - Realidad Empoderada\" \/>\n<meta property=\"og:description\" content=\"Realidad Empoderada y sus \u00faltimos avances al 2025. La capacidad a trav\u00e9s de una estructura de m\u00e1quina virtual y de sensores se permitir\u00e1 a los administradores regionales o tem\u00e1ticos definir reacciones complejas de praxis social.\" \/>\n<meta property=\"og:url\" content=\"https:\/\/realidadempoderada.com\/es\/una-nueva-etapa-en-el-desarrollo-de-realidad-empoderada-las-percepciones\/avances\/\" \/>\n<meta property=\"og:site_name\" content=\"Realidad Empoderada\" \/>\n<meta property=\"article:publisher\" content=\"https:\/\/www.facebook.com\/RealidadEmpoderada\/\" \/>\n<meta property=\"article:author\" content=\"https:\/\/www.facebook.com\/RealidadEmpoderada\" \/>\n<meta property=\"article:published_time\" content=\"2025-03-25T14:10:33+00:00\" \/>\n<meta property=\"article:modified_time\" content=\"2025-03-28T01:59:26+00:00\" \/>\n<meta property=\"og:image\" content=\"https:\/\/realidadempoderada.com\/wp-content\/uploads\/2025\/03\/MainAco21100.jpg\" \/>\n\t<meta property=\"og:image:width\" content=\"1100\" \/>\n\t<meta property=\"og:image:height\" content=\"619\" \/>\n\t<meta property=\"og:image:type\" content=\"image\/jpeg\" \/>\n<meta name=\"author\" content=\"Realidad Empoderada\" \/>\n<meta name=\"twitter:card\" content=\"summary_large_image\" \/>\n<meta name=\"twitter:creator\" content=\"@https:\/\/x.com\/RealidadEmpode1\" \/>\n<meta name=\"twitter:label1\" content=\"Escrito por\" \/>\n\t<meta name=\"twitter:data1\" content=\"Realidad Empoderada\" \/>\n\t<meta name=\"twitter:label2\" content=\"Tiempo de lectura\" \/>\n\t<meta name=\"twitter:data2\" content=\"4 minutos\" \/>\n<script type=\"application\/ld+json\" class=\"yoast-schema-graph\">{\"@context\":\"https:\\\/\\\/schema.org\",\"@graph\":[{\"@type\":\"Article\",\"@id\":\"https:\\\/\\\/realidadempoderada.com\\\/es\\\/una-nueva-etapa-en-el-desarrollo-de-realidad-empoderada-las-percepciones\\\/avances\\\/#article\",\"isPartOf\":{\"@id\":\"https:\\\/\\\/realidadempoderada.com\\\/es\\\/una-nueva-etapa-en-el-desarrollo-de-realidad-empoderada-las-percepciones\\\/avances\\\/\"},\"author\":{\"name\":\"Realidad Empoderada\",\"@id\":\"https:\\\/\\\/realidadempoderada.com\\\/es\\\/#\\\/schema\\\/person\\\/bef25671bf5bd6426822d921c0220642\"},\"headline\":\"Una nueva etapa en el desarrollo de Realidad Empoderada: las percepciones\",\"datePublished\":\"2025-03-25T14:10:33+00:00\",\"dateModified\":\"2025-03-28T01:59:26+00:00\",\"mainEntityOfPage\":{\"@id\":\"https:\\\/\\\/realidadempoderada.com\\\/es\\\/una-nueva-etapa-en-el-desarrollo-de-realidad-empoderada-las-percepciones\\\/avances\\\/\"},\"wordCount\":641,\"commentCount\":0,\"publisher\":{\"@id\":\"https:\\\/\\\/realidadempoderada.com\\\/es\\\/#organization\"},\"image\":{\"@id\":\"https:\\\/\\\/realidadempoderada.com\\\/es\\\/una-nueva-etapa-en-el-desarrollo-de-realidad-empoderada-las-percepciones\\\/avances\\\/#primaryimage\"},\"thumbnailUrl\":\"https:\\\/\\\/realidadempoderada.com\\\/wp-content\\\/uploads\\\/2025\\\/03\\\/MainAco21100.jpg\",\"keywords\":[\"Algoritmo no colonizador\",\"unity\"],\"articleSection\":[\"Avances de Realidad Empoderada\"],\"inLanguage\":\"es\",\"potentialAction\":[{\"@type\":\"CommentAction\",\"name\":\"Comment\",\"target\":[\"https:\\\/\\\/realidadempoderada.com\\\/es\\\/una-nueva-etapa-en-el-desarrollo-de-realidad-empoderada-las-percepciones\\\/avances\\\/#respond\"]}]},{\"@type\":\"WebPage\",\"@id\":\"https:\\\/\\\/realidadempoderada.com\\\/es\\\/una-nueva-etapa-en-el-desarrollo-de-realidad-empoderada-las-percepciones\\\/avances\\\/\",\"url\":\"https:\\\/\\\/realidadempoderada.com\\\/es\\\/una-nueva-etapa-en-el-desarrollo-de-realidad-empoderada-las-percepciones\\\/avances\\\/\",\"name\":\"Una nueva etapa en el desarrollo de Realidad Empoderada: las percepciones - Realidad Empoderada\",\"isPartOf\":{\"@id\":\"https:\\\/\\\/realidadempoderada.com\\\/es\\\/#website\"},\"primaryImageOfPage\":{\"@id\":\"https:\\\/\\\/realidadempoderada.com\\\/es\\\/una-nueva-etapa-en-el-desarrollo-de-realidad-empoderada-las-percepciones\\\/avances\\\/#primaryimage\"},\"image\":{\"@id\":\"https:\\\/\\\/realidadempoderada.com\\\/es\\\/una-nueva-etapa-en-el-desarrollo-de-realidad-empoderada-las-percepciones\\\/avances\\\/#primaryimage\"},\"thumbnailUrl\":\"https:\\\/\\\/realidadempoderada.com\\\/wp-content\\\/uploads\\\/2025\\\/03\\\/MainAco21100.jpg\",\"datePublished\":\"2025-03-25T14:10:33+00:00\",\"dateModified\":\"2025-03-28T01:59:26+00:00\",\"description\":\"Realidad Empoderada y sus \u00faltimos avances al 2025. La capacidad a trav\u00e9s de una estructura de m\u00e1quina virtual y de sensores se permitir\u00e1 a los administradores regionales o tem\u00e1ticos definir reacciones complejas de praxis social.\",\"breadcrumb\":{\"@id\":\"https:\\\/\\\/realidadempoderada.com\\\/es\\\/una-nueva-etapa-en-el-desarrollo-de-realidad-empoderada-las-percepciones\\\/avances\\\/#breadcrumb\"},\"inLanguage\":\"es\",\"potentialAction\":[{\"@type\":\"ReadAction\",\"target\":[\"https:\\\/\\\/realidadempoderada.com\\\/es\\\/una-nueva-etapa-en-el-desarrollo-de-realidad-empoderada-las-percepciones\\\/avances\\\/\"]}]},{\"@type\":\"ImageObject\",\"inLanguage\":\"es\",\"@id\":\"https:\\\/\\\/realidadempoderada.com\\\/es\\\/una-nueva-etapa-en-el-desarrollo-de-realidad-empoderada-las-percepciones\\\/avances\\\/#primaryimage\",\"url\":\"https:\\\/\\\/realidadempoderada.com\\\/wp-content\\\/uploads\\\/2025\\\/03\\\/MainAco21100.jpg\",\"contentUrl\":\"https:\\\/\\\/realidadempoderada.com\\\/wp-content\\\/uploads\\\/2025\\\/03\\\/MainAco21100.jpg\",\"width\":1100,\"height\":619,\"caption\":\"Realidad Empoderada unity 3D\"},{\"@type\":\"BreadcrumbList\",\"@id\":\"https:\\\/\\\/realidadempoderada.com\\\/es\\\/una-nueva-etapa-en-el-desarrollo-de-realidad-empoderada-las-percepciones\\\/avances\\\/#breadcrumb\",\"itemListElement\":[{\"@type\":\"ListItem\",\"position\":1,\"name\":\"Portada\",\"item\":\"https:\\\/\\\/realidadempoderada.com\\\/es\\\/\"},{\"@type\":\"ListItem\",\"position\":2,\"name\":\"Una nueva etapa en el desarrollo de Realidad Empoderada: las percepciones\"}]},{\"@type\":\"WebSite\",\"@id\":\"https:\\\/\\\/realidadempoderada.com\\\/es\\\/#website\",\"url\":\"https:\\\/\\\/realidadempoderada.com\\\/es\\\/\",\"name\":\"Realidad Empoderada\",\"description\":\"\u2026 de la realidad virtual a la solidaridad\",\"publisher\":{\"@id\":\"https:\\\/\\\/realidadempoderada.com\\\/es\\\/#organization\"},\"potentialAction\":[{\"@type\":\"SearchAction\",\"target\":{\"@type\":\"EntryPoint\",\"urlTemplate\":\"https:\\\/\\\/realidadempoderada.com\\\/es\\\/?s={search_term_string}\"},\"query-input\":{\"@type\":\"PropertyValueSpecification\",\"valueRequired\":true,\"valueName\":\"search_term_string\"}}],\"inLanguage\":\"es\"},{\"@type\":\"Organization\",\"@id\":\"https:\\\/\\\/realidadempoderada.com\\\/es\\\/#organization\",\"name\":\"Realidad Empoderada\",\"url\":\"https:\\\/\\\/realidadempoderada.com\\\/es\\\/\",\"logo\":{\"@type\":\"ImageObject\",\"inLanguage\":\"es\",\"@id\":\"https:\\\/\\\/realidadempoderada.com\\\/es\\\/#\\\/schema\\\/logo\\\/image\\\/\",\"url\":\"https:\\\/\\\/realidadempoderada.com\\\/wp-content\\\/uploads\\\/2018\\\/04\\\/Manos.jpg\",\"contentUrl\":\"https:\\\/\\\/realidadempoderada.com\\\/wp-content\\\/uploads\\\/2018\\\/04\\\/Manos.jpg\",\"width\":300,\"height\":230,\"caption\":\"Realidad Empoderada\"},\"image\":{\"@id\":\"https:\\\/\\\/realidadempoderada.com\\\/es\\\/#\\\/schema\\\/logo\\\/image\\\/\"},\"sameAs\":[\"https:\\\/\\\/www.facebook.com\\\/RealidadEmpoderada\\\/\"]},{\"@type\":\"Person\",\"@id\":\"https:\\\/\\\/realidadempoderada.com\\\/es\\\/#\\\/schema\\\/person\\\/bef25671bf5bd6426822d921c0220642\",\"name\":\"Realidad Empoderada\",\"image\":{\"@type\":\"ImageObject\",\"inLanguage\":\"es\",\"@id\":\"https:\\\/\\\/realidadempoderada.com\\\/wp-content\\\/uploads\\\/2021\\\/10\\\/ProfilePictureMaker-1-96x96.png\",\"url\":\"https:\\\/\\\/realidadempoderada.com\\\/wp-content\\\/uploads\\\/2021\\\/10\\\/ProfilePictureMaker-1-96x96.png\",\"contentUrl\":\"https:\\\/\\\/realidadempoderada.com\\\/wp-content\\\/uploads\\\/2021\\\/10\\\/ProfilePictureMaker-1-96x96.png\",\"caption\":\"Realidad Empoderada\"},\"description\":\"Realidad Empoderada es una acci\u00f3n social tecnol\u00f3gica que estamos desarrollando para impulsar el empoderamiento solidario. En Solidaridad Transformadora en Movimiento S. ASOC. trabajamos cada d\u00eda para hacerla posible.\",\"sameAs\":[\"https:\\\/\\\/REALIDADEMPODERADA.com\",\"https:\\\/\\\/www.facebook.com\\\/RealidadEmpoderada\",\"https:\\\/\\\/www.instagram.com\\\/realidadempoderada\",\"https:\\\/\\\/www.linkedin.com\\\/company\\\/realidadempoderada\",\"https:\\\/\\\/x.com\\\/https:\\\/\\\/x.com\\\/RealidadEmpode1\"],\"url\":\"https:\\\/\\\/realidadempoderada.com\\\/es\\\/author\\\/admin\\\/\"}]}<\/script>\n<!-- \/ Yoast SEO plugin. -->","yoast_head_json":{"title":"Una nueva etapa en el desarrollo de Realidad Empoderada: las percepciones - Realidad Empoderada","description":"Realidad Empoderada y sus \u00faltimos avances al 2025. La capacidad a trav\u00e9s de una estructura de m\u00e1quina virtual y de sensores se permitir\u00e1 a los administradores regionales o tem\u00e1ticos definir reacciones complejas de praxis social.","robots":{"index":"index","follow":"follow","max-snippet":"max-snippet:-1","max-image-preview":"max-image-preview:large","max-video-preview":"max-video-preview:-1"},"canonical":"https:\/\/realidadempoderada.com\/es\/una-nueva-etapa-en-el-desarrollo-de-realidad-empoderada-las-percepciones\/avances\/","og_locale":"es_ES","og_type":"article","og_title":"Una nueva etapa en el desarrollo de Realidad Empoderada: las percepciones - Realidad Empoderada","og_description":"Realidad Empoderada y sus \u00faltimos avances al 2025. La capacidad a trav\u00e9s de una estructura de m\u00e1quina virtual y de sensores se permitir\u00e1 a los administradores regionales o tem\u00e1ticos definir reacciones complejas de praxis social.","og_url":"https:\/\/realidadempoderada.com\/es\/una-nueva-etapa-en-el-desarrollo-de-realidad-empoderada-las-percepciones\/avances\/","og_site_name":"Realidad Empoderada","article_publisher":"https:\/\/www.facebook.com\/RealidadEmpoderada\/","article_author":"https:\/\/www.facebook.com\/RealidadEmpoderada","article_published_time":"2025-03-25T14:10:33+00:00","article_modified_time":"2025-03-28T01:59:26+00:00","og_image":[{"width":1100,"height":619,"url":"https:\/\/realidadempoderada.com\/wp-content\/uploads\/2025\/03\/MainAco21100.jpg","type":"image\/jpeg"}],"author":"Realidad Empoderada","twitter_card":"summary_large_image","twitter_creator":"@https:\/\/x.com\/RealidadEmpode1","twitter_misc":{"Escrito por":"Realidad Empoderada","Tiempo de lectura":"4 minutos"},"schema":{"@context":"https:\/\/schema.org","@graph":[{"@type":"Article","@id":"https:\/\/realidadempoderada.com\/es\/una-nueva-etapa-en-el-desarrollo-de-realidad-empoderada-las-percepciones\/avances\/#article","isPartOf":{"@id":"https:\/\/realidadempoderada.com\/es\/una-nueva-etapa-en-el-desarrollo-de-realidad-empoderada-las-percepciones\/avances\/"},"author":{"name":"Realidad Empoderada","@id":"https:\/\/realidadempoderada.com\/es\/#\/schema\/person\/bef25671bf5bd6426822d921c0220642"},"headline":"Una nueva etapa en el desarrollo de Realidad Empoderada: las percepciones","datePublished":"2025-03-25T14:10:33+00:00","dateModified":"2025-03-28T01:59:26+00:00","mainEntityOfPage":{"@id":"https:\/\/realidadempoderada.com\/es\/una-nueva-etapa-en-el-desarrollo-de-realidad-empoderada-las-percepciones\/avances\/"},"wordCount":641,"commentCount":0,"publisher":{"@id":"https:\/\/realidadempoderada.com\/es\/#organization"},"image":{"@id":"https:\/\/realidadempoderada.com\/es\/una-nueva-etapa-en-el-desarrollo-de-realidad-empoderada-las-percepciones\/avances\/#primaryimage"},"thumbnailUrl":"https:\/\/realidadempoderada.com\/wp-content\/uploads\/2025\/03\/MainAco21100.jpg","keywords":["Algoritmo no colonizador","unity"],"articleSection":["Avances de Realidad Empoderada"],"inLanguage":"es","potentialAction":[{"@type":"CommentAction","name":"Comment","target":["https:\/\/realidadempoderada.com\/es\/una-nueva-etapa-en-el-desarrollo-de-realidad-empoderada-las-percepciones\/avances\/#respond"]}]},{"@type":"WebPage","@id":"https:\/\/realidadempoderada.com\/es\/una-nueva-etapa-en-el-desarrollo-de-realidad-empoderada-las-percepciones\/avances\/","url":"https:\/\/realidadempoderada.com\/es\/una-nueva-etapa-en-el-desarrollo-de-realidad-empoderada-las-percepciones\/avances\/","name":"Una nueva etapa en el desarrollo de Realidad Empoderada: las percepciones - Realidad Empoderada","isPartOf":{"@id":"https:\/\/realidadempoderada.com\/es\/#website"},"primaryImageOfPage":{"@id":"https:\/\/realidadempoderada.com\/es\/una-nueva-etapa-en-el-desarrollo-de-realidad-empoderada-las-percepciones\/avances\/#primaryimage"},"image":{"@id":"https:\/\/realidadempoderada.com\/es\/una-nueva-etapa-en-el-desarrollo-de-realidad-empoderada-las-percepciones\/avances\/#primaryimage"},"thumbnailUrl":"https:\/\/realidadempoderada.com\/wp-content\/uploads\/2025\/03\/MainAco21100.jpg","datePublished":"2025-03-25T14:10:33+00:00","dateModified":"2025-03-28T01:59:26+00:00","description":"Realidad Empoderada y sus \u00faltimos avances al 2025. La capacidad a trav\u00e9s de una estructura de m\u00e1quina virtual y de sensores se permitir\u00e1 a los administradores regionales o tem\u00e1ticos definir reacciones complejas de praxis social.","breadcrumb":{"@id":"https:\/\/realidadempoderada.com\/es\/una-nueva-etapa-en-el-desarrollo-de-realidad-empoderada-las-percepciones\/avances\/#breadcrumb"},"inLanguage":"es","potentialAction":[{"@type":"ReadAction","target":["https:\/\/realidadempoderada.com\/es\/una-nueva-etapa-en-el-desarrollo-de-realidad-empoderada-las-percepciones\/avances\/"]}]},{"@type":"ImageObject","inLanguage":"es","@id":"https:\/\/realidadempoderada.com\/es\/una-nueva-etapa-en-el-desarrollo-de-realidad-empoderada-las-percepciones\/avances\/#primaryimage","url":"https:\/\/realidadempoderada.com\/wp-content\/uploads\/2025\/03\/MainAco21100.jpg","contentUrl":"https:\/\/realidadempoderada.com\/wp-content\/uploads\/2025\/03\/MainAco21100.jpg","width":1100,"height":619,"caption":"Realidad Empoderada unity 3D"},{"@type":"BreadcrumbList","@id":"https:\/\/realidadempoderada.com\/es\/una-nueva-etapa-en-el-desarrollo-de-realidad-empoderada-las-percepciones\/avances\/#breadcrumb","itemListElement":[{"@type":"ListItem","position":1,"name":"Portada","item":"https:\/\/realidadempoderada.com\/es\/"},{"@type":"ListItem","position":2,"name":"Una nueva etapa en el desarrollo de Realidad Empoderada: las percepciones"}]},{"@type":"WebSite","@id":"https:\/\/realidadempoderada.com\/es\/#website","url":"https:\/\/realidadempoderada.com\/es\/","name":"Realidad Empoderada","description":"\u2026 de la realidad virtual a la solidaridad","publisher":{"@id":"https:\/\/realidadempoderada.com\/es\/#organization"},"potentialAction":[{"@type":"SearchAction","target":{"@type":"EntryPoint","urlTemplate":"https:\/\/realidadempoderada.com\/es\/?s={search_term_string}"},"query-input":{"@type":"PropertyValueSpecification","valueRequired":true,"valueName":"search_term_string"}}],"inLanguage":"es"},{"@type":"Organization","@id":"https:\/\/realidadempoderada.com\/es\/#organization","name":"Realidad Empoderada","url":"https:\/\/realidadempoderada.com\/es\/","logo":{"@type":"ImageObject","inLanguage":"es","@id":"https:\/\/realidadempoderada.com\/es\/#\/schema\/logo\/image\/","url":"https:\/\/realidadempoderada.com\/wp-content\/uploads\/2018\/04\/Manos.jpg","contentUrl":"https:\/\/realidadempoderada.com\/wp-content\/uploads\/2018\/04\/Manos.jpg","width":300,"height":230,"caption":"Realidad Empoderada"},"image":{"@id":"https:\/\/realidadempoderada.com\/es\/#\/schema\/logo\/image\/"},"sameAs":["https:\/\/www.facebook.com\/RealidadEmpoderada\/"]},{"@type":"Person","@id":"https:\/\/realidadempoderada.com\/es\/#\/schema\/person\/bef25671bf5bd6426822d921c0220642","name":"Realidad Empoderada","image":{"@type":"ImageObject","inLanguage":"es","@id":"https:\/\/realidadempoderada.com\/wp-content\/uploads\/2021\/10\/ProfilePictureMaker-1-96x96.png","url":"https:\/\/realidadempoderada.com\/wp-content\/uploads\/2021\/10\/ProfilePictureMaker-1-96x96.png","contentUrl":"https:\/\/realidadempoderada.com\/wp-content\/uploads\/2021\/10\/ProfilePictureMaker-1-96x96.png","caption":"Realidad Empoderada"},"description":"Realidad Empoderada es una acci\u00f3n social tecnol\u00f3gica que estamos desarrollando para impulsar el empoderamiento solidario. En Solidaridad Transformadora en Movimiento S. ASOC. trabajamos cada d\u00eda para hacerla posible.","sameAs":["https:\/\/REALIDADEMPODERADA.com","https:\/\/www.facebook.com\/RealidadEmpoderada","https:\/\/www.instagram.com\/realidadempoderada","https:\/\/www.linkedin.com\/company\/realidadempoderada","https:\/\/x.com\/https:\/\/x.com\/RealidadEmpode1"],"url":"https:\/\/realidadempoderada.com\/es\/author\/admin\/"}]}},"jetpack_featured_media_url":"https:\/\/realidadempoderada.com\/wp-content\/uploads\/2025\/03\/MainAco21100.jpg","jetpack_shortlink":"https:\/\/wp.me\/panXkF-Wa","jetpack_sharing_enabled":true,"_links":{"self":[{"href":"https:\/\/realidadempoderada.com\/es\/wp-json\/wp\/v2\/posts\/3606","targetHints":{"allow":["GET"]}}],"collection":[{"href":"https:\/\/realidadempoderada.com\/es\/wp-json\/wp\/v2\/posts"}],"about":[{"href":"https:\/\/realidadempoderada.com\/es\/wp-json\/wp\/v2\/types\/post"}],"author":[{"embeddable":true,"href":"https:\/\/realidadempoderada.com\/es\/wp-json\/wp\/v2\/users\/7"}],"replies":[{"embeddable":true,"href":"https:\/\/realidadempoderada.com\/es\/wp-json\/wp\/v2\/comments?post=3606"}],"version-history":[{"count":4,"href":"https:\/\/realidadempoderada.com\/es\/wp-json\/wp\/v2\/posts\/3606\/revisions"}],"predecessor-version":[{"id":3614,"href":"https:\/\/realidadempoderada.com\/es\/wp-json\/wp\/v2\/posts\/3606\/revisions\/3614"}],"wp:featuredmedia":[{"embeddable":true,"href":"https:\/\/realidadempoderada.com\/es\/wp-json\/wp\/v2\/media\/3607"}],"wp:attachment":[{"href":"https:\/\/realidadempoderada.com\/es\/wp-json\/wp\/v2\/media?parent=3606"}],"wp:term":[{"taxonomy":"category","embeddable":true,"href":"https:\/\/realidadempoderada.com\/es\/wp-json\/wp\/v2\/categories?post=3606"},{"taxonomy":"post_tag","embeddable":true,"href":"https:\/\/realidadempoderada.com\/es\/wp-json\/wp\/v2\/tags?post=3606"}],"curies":[{"name":"wp","href":"https:\/\/api.w.org\/{rel}","templated":true}]}}