{"id":696,"date":"2020-03-19T14:45:15","date_gmt":"2020-03-19T14:45:15","guid":{"rendered":"https:\/\/realidadempoderada.com\/?p=696"},"modified":"2026-03-26T21:51:15","modified_gmt":"2026-03-27T00:51:15","slug":"mirar-el-mundo-con-otros-lentes-la-solidaridad-transformadora","status":"publish","type":"post","link":"https:\/\/realidadempoderada.com\/es\/mirar-el-mundo-con-otros-lentes-la-solidaridad-transformadora\/teoria\/","title":{"rendered":"Mirar el mundo con otros lentes. La solidaridad transformadora."},"content":{"rendered":"<h2><strong><u>La solidaridad de la contemplaci\u00f3n<\/u><\/strong><\/h2>\n<p>Nos sentamos y perdemos la vista en un lindo campo o un paisaje o simplemente a trav\u00e9s de un vidrio para ver la gente pasar. Sale el sol, se oculta, pasan las personas que van a su trabajo a la ma\u00f1ana, etc., Son im\u00e1genes que nos permiten analizar la vida, que se convierten en cotidianas. Pensamos o quedamos atrapados en que podemos o que tenemos que quedar contemplando esos ciclos. Se nos asocian las costumbres provenientes de muchos mandatos sociales y culturales que ya son \u201clo bueno\u201d, \u201clo gratificante\u201d,\u00a0 \u201clo establecido\u201d&#8230; Esas formas constituyen en lo que voy a describir como: la continuidad y el no cambio hacia una justicia posible. All\u00ed no se rompe la circularidad cotidiana que pueda dar paso o convertirse en una transformaci\u00f3n o transici\u00f3n hacia otra nueva, m\u00e1s justa, donde todos y todas sean actores de un cambio.<\/p>\n<p><img loading=\"lazy\" decoding=\"async\" class=\"aligncenter wp-image-701 size-full\" src=\"https:\/\/realidadempoderada.com\/wp-content\/uploads\/2020\/03\/Contemplar-3.jpg\" alt=\"\" width=\"640\" height=\"426\" srcset=\"https:\/\/realidadempoderada.com\/wp-content\/uploads\/2020\/03\/Contemplar-3.jpg 640w, https:\/\/realidadempoderada.com\/wp-content\/uploads\/2020\/03\/Contemplar-3-300x200.jpg 300w\" sizes=\"auto, (max-width: 640px) 100vw, 640px\" \/><\/p>\n<p>En la situaci\u00f3n social actual de los pa\u00edses del sur es com\u00fan que ni\u00f1os nos pidan dinero o nos vendan productos en la calle o en los bares. Algunos de ellos formar\u00e1n su vida en funci\u00f3n de esta realidad laboral dada entre el que da y el que recibe. Seamos conscientes que los ni\u00f1os que ofrecen productos, m\u00e1s que el producto, est\u00e1n ofreciendo \u201cl\u00e1stima\u201d y la posibilidad de obtener m\u00e1s dinero. Las familias que se ven obligadas a ejercer esta pr\u00e1ctica saben en primera instancia que un ni\u00f1o causa m\u00e1s l\u00e1stima y acosa la conciencia de las personas, en cuanto a poner en evidencia la injusticia social. Por eso algunos adultos piden con sus ni\u00f1os, aunque tuvieran alternativas de no hacerlo as\u00ed. Pero esos adultos, ya son parte de un juego, de una circularidad, de una realidad estanca que tiene pocas salidas, excepto que la sociedad tome otra conciencia y otras costumbres, sujetas siempre a revisi\u00f3n cr\u00edtica.\u00a0 Muchos padres esperan en un lugar a los ni\u00f1os que enviaron a pedir. Porque si van solos, se obtiene m\u00e1s a\u00fan y cada vez son m\u00e1s las personitas que piden, generando contacto con m\u00e1s personas. El ni\u00f1o es consciente de la importancia de lo que est\u00e1 haciendo y que de ellos dependen los ingresos para poder comer o tener una vida m\u00e1s digna de la que la sociedad le permite o impone. Por supuesto, esto lo planteo desde un pensamiento desarrollado por una sociedad responsable, no una donde no importa el sufrimiento y las realidades diferentes de los dem\u00e1s.<\/p>\n<p><img loading=\"lazy\" decoding=\"async\" class=\"size-medium wp-image-703 alignright\" src=\"https:\/\/realidadempoderada.com\/wp-content\/uploads\/2020\/03\/Contemplar-300x199.jpg\" alt=\"\" width=\"300\" height=\"199\" srcset=\"https:\/\/realidadempoderada.com\/wp-content\/uploads\/2020\/03\/Contemplar-300x199.jpg 300w, https:\/\/realidadempoderada.com\/wp-content\/uploads\/2020\/03\/Contemplar.jpg 640w\" sizes=\"auto, (max-width: 300px) 100vw, 300px\" \/>Hay que comprender que la caridad, y el segundo paso, la solidaridad contemplativa, son indignas para quien pide. \u00bfPor qu\u00e9 indignas?\u00a0 Porque pone al menesteroso en una posici\u00f3n de desigualdad, porque depende de esta para subsistir. Pero el que necesita, tambi\u00e9n como el resto de la sociedad, ve necesario para su subsistencia incrementar lo recaudado. All\u00ed es, donde se torna en una situaci\u00f3n compleja o un viaje sin retorno para el que pide. Cuanta m\u00e1s pena da, o cuanto m\u00e1s agrada, m\u00e1s dinero puede obtener. No obstante, esa pena termina asoci\u00e1ndose a su forma de vida: soy el que da l\u00e1stima, es lo que yo s\u00e9 hacer, lo hago bien (eficientemente) y as\u00ed puedo vivir. Se convierte en la \u00fanica alternativa: -la manipulaci\u00f3n y ser servil-.<\/p>\n<p>Este es el inicio del an\u00e1lisis. El ser servil junto a la marginaci\u00f3n se convierten en una combinaci\u00f3n peligrosa. Puede amputar un futuro. Se convierte en un mandato donde la persona se siente sometida a la afirmaci\u00f3n: \u00abdebo agradar y dar l\u00e1stima a este otro que es m\u00e1s que yo, y mientras me mantenga en esa relaci\u00f3n puedo subsistir o vivir\u00bb. Parece ser algo com\u00fan en mucho de nuestras vidas y trabajos. Pero el tema es que tan abajo se desarrolla dicho contrato informal o m\u00e1s bien de hecho. Uno podr\u00eda manifestar qu\u00e9 es v\u00edctima de la misma relaci\u00f3n, y lo es. Sin embargo, eso no implica que deba considerarse el mismo rol para quien est\u00e1 m\u00e1s desprotegido. Porque todo no es relativo. La raz\u00f3n o la idealizaci\u00f3n puede convertirse en relativa; sin embargo, las necesidades f\u00edsicas o b\u00e1sicas, no lo son. Podemos expresar: -Tengo hambre, tengo fiebre-. \u00bfCu\u00e1nto?: \u00a0lo suficiente para morir.<\/p>\n<p>El que da y el que recibe se ponen en roles preestablecidos por la sociedad, que vienen del antiguo patriarcado y patronazgo. La sumisi\u00f3n hacia quien dependo. En un ciclo, en una relaci\u00f3n est\u00e1tica.<\/p>\n<p>La meritocracia nos ense\u00f1a que debemos tener un premio por lo que hacemos. Cada uno toma su rol. Culturalmente, nos ense\u00f1an que al dar debemos sentirnos gratificados por ser dadores, tener una alegr\u00eda, algo para nosotros. Hicimos el bien, y somos buenos. Pero la realidad, de la relaci\u00f3n instrumentada entre ambas partes solo gratifica en una postura de abstracci\u00f3n est\u00e1tica. Yo el que da voy a tener gratificaciones cada vez que lo haga, y el que recibe estar\u00e1 para saciar su rol. All\u00ed nada cambia, la persona que est\u00e1 humillada por vivir de la caridad queda encerrada en las posibilidades que tiene. Uno arriba y otro abajo.<\/p>\n<blockquote><p>Las siguientes situaciones nos hablan.<br \/>\n-Soy simp\u00e1tico y vendo.<br \/>\n-Invento situaciones en donde pongo en evidencia una injusticia pero que se basa en una manipulaci\u00f3n.<br \/>\n-Hago gracias o espect\u00e1culos para agradar m\u00e1s, hacer sentir bien al dador.<\/p><\/blockquote>\n<p><img loading=\"lazy\" decoding=\"async\" class=\"alignleft wp-image-705\" src=\"https:\/\/realidadempoderada.com\/wp-content\/uploads\/2020\/03\/Ni\u00f1os-felices-300x199.jpg\" alt=\"\" width=\"400\" height=\"266\" srcset=\"https:\/\/realidadempoderada.com\/wp-content\/uploads\/2020\/03\/Ni\u00f1os-felices-300x199.jpg 300w, https:\/\/realidadempoderada.com\/wp-content\/uploads\/2020\/03\/Ni\u00f1os-felices.jpg 640w\" sizes=\"auto, (max-width: 400px) 100vw, 400px\" \/>Son las t\u00edpicas relaciones de patronazgo. De las cuales es necesario salir, construyendo una personalidad de autosuficiencia, donde exista el di\u00e1logo igualitario, la negociaci\u00f3n y la exigencia de necesidades entre otras cosas. Pareciera ser que se nos complicar\u00eda, con esto, la relaci\u00f3n para los dadores. Que somos, por posibilidad, quienes debemos bregar por romper dicha relaci\u00f3n. No como el que exige de arriba, sino el que acompa\u00f1a. Acompa\u00f1ar a veces involucra consentir, empatizar, crear situaciones de confrontaci\u00f3n, desamistad, negociaci\u00f3n, y all\u00ed empezar a construir de a dos. Dar posibilidades a otra realidad posible para esa personita. Que la cr\u00edtica que entra en nuestras vidas, sea la que da el espacio para la cr\u00edtica del que no tiene voz.<\/p>\n<p>Caso contrario, solo nos quedamos con una mascota, que nos agrada, que nos hace morisquetas y nos hace re\u00edr o sentir bien. Su futuro siempre ser\u00e1 el mismo. Por no haber transformaci\u00f3n de la realidad.<\/p>\n<h2><strong><u>Empoderar la realidad. Solidaridad transformadora.<\/u><\/strong><\/h2>\n<p>Hay personas que poseen una construcci\u00f3n personal de su intelecto y sus pensamientos que muchas veces vienen arraigados en lo m\u00e1s profundo de las ense\u00f1anzas, costumbres y miedos de la vida propia, grupal o familiar, que autoboicotean un trato natural y horizontal con el necesitado. No importa la ideolog\u00eda pol\u00edtica que se tenga. Muchas veces esto se relaciona con la pulcritud, los grupos cerrados y mandatos psicogen\u00e9ticos ( la psicolog\u00eda de la familia ancestral). Much\u00edsima gente posee trabas al momento de abordar la tem\u00e1tica del acercamiento al marginado. Al comprender c\u00f3mo se aprecia la realidad social predominante desde un mundo lleno de necesidades y pr\u00e1cticas muy diferentes a las que acostumbramos tener las personas pudientes, que podemos llamar una manera domesticada.<\/p>\n<p><img loading=\"lazy\" decoding=\"async\" class=\"alignright wp-image-707 size-medium\" src=\"https:\/\/realidadempoderada.com\/wp-content\/uploads\/2020\/03\/Aproximarse-300x270.jpg\" alt=\"\" width=\"300\" height=\"270\" srcset=\"https:\/\/realidadempoderada.com\/wp-content\/uploads\/2020\/03\/Aproximarse-300x270.jpg 300w, https:\/\/realidadempoderada.com\/wp-content\/uploads\/2020\/03\/Aproximarse-1024x921.jpg 1024w, https:\/\/realidadempoderada.com\/wp-content\/uploads\/2020\/03\/Aproximarse-768x691.jpg 768w, https:\/\/realidadempoderada.com\/wp-content\/uploads\/2020\/03\/Aproximarse-1536x1382.jpg 1536w, https:\/\/realidadempoderada.com\/wp-content\/uploads\/2020\/03\/Aproximarse-2048x1843.jpg 2048w\" sizes=\"auto, (max-width: 300px) 100vw, 300px\" \/><a href=\"https:\/\/realidadempoderada.com\/es\/\" target=\"_blank\" rel=\"noopener noreferrer\"><strong>Realidad Empoderada<\/strong><\/a>, es un sistema que pretende conectar ambos mundos, para ayudar a que los saciados bajen al mundo de las necesidades. Lo que realmente es representativo es la aproximaci\u00f3n, en todos los sentidos. Sea el f\u00edsico, la convivencia, el afectivo, el de sentirse involucrado y en pertenencia. Puede ser un camino que algunos consideren imposible, porque ya han tenido experiencias infructuosas, o comprensiones truncadas por medio de las relaciones dadas. Por eso, <strong>Realidad Empoderada<\/strong>, ofreciendo varios contextos de reflexi\u00f3n, vinculaci\u00f3n y acci\u00f3n, permitir\u00e1 experimentar diferentes praxis solidarias desde la acci\u00f3n virtual. No como quien ve una pel\u00edcula o sigue una secuencia de interacciones sino pudiendo crear su propia historia. \u00a1Aprendiendo a transformar!\u00a0 <strong>Realidad Empoderada<\/strong>\u00a0 simular\u00e1 el comportamiento de la poblaci\u00f3n marginal y su entorno. Las vivencias ser\u00e1n interpeladas y vividas en una comunicaci\u00f3n <strong>dial\u00f3gica<\/strong> con el sistema. Esto quiere decir que el usuario recibir\u00e1 informaci\u00f3n de diferente tipo que le permitir\u00e1 reflexionar sobre el curso de las acciones virtuales que va realizando. \u00a0A su vez, este c\u00edrculo se cierra a trav\u00e9s de la comunicaci\u00f3n con el sistema por medio de las decisiones tomadas por el usuario. Podremos declarar que Realidad Empoderada ser\u00e1 un sistema que dialogar\u00e1 con el futuro acompa\u00f1ante social a partir de la misma praxis virtual.<\/p>\n<p><a href=\"https:\/\/realidadempoderada.com\/es\/\" target=\"_blank\" rel=\"noopener noreferrer\"><img loading=\"lazy\" decoding=\"async\" class=\"size-medium wp-image-600 alignleft\" src=\"https:\/\/realidadempoderada.com\/wp-content\/uploads\/2018\/12\/familycon-cartel-300x177.jpg\" alt=\"\" width=\"300\" height=\"177\" srcset=\"https:\/\/realidadempoderada.com\/wp-content\/uploads\/2018\/12\/familycon-cartel-300x177.jpg 300w, https:\/\/realidadempoderada.com\/wp-content\/uploads\/2018\/12\/familycon-cartel.jpg 733w\" sizes=\"auto, (max-width: 300px) 100vw, 300px\" \/><\/a>Realidad Empoderada, puede confundirse con un juego 3D, lo cual no es indeseable, aunque tenga un fin diferente. Muchas personas, lamentablemente, comienzan las actividades sociales como una \u201cespecie\u201d de divertimiento, o entretenimiento basado en \u201chacer el bien\u201d. Esto \u00faltimo es lo normativamente instituido: hacer el bien para obtener una recompensa espiritual, una saciedad personal, un trueque. No debemos olvidar tampoco que muchos adolescentes se ven necesitados de efectuar actividades sociales. Realidad Empoderada ayudar\u00e1 a romper con estas inquietudes y normalidades, para llevar al participante a una praxis que sea transformadora y basada en la justicia. Ayudar\u00e1 a cambiar la percepci\u00f3n que las personas tienen sobre otra realidad posible, donde la asistencia est\u00e9 en el pueblo, en la gente, a trav\u00e9s de la acci\u00f3n amorosa y responsable. No podemos replicar el amor, no es la idea, pero si podemos hacer ver cu\u00e1les son las puertas y ventanas a abrirse para poder canalizarlas luego en la vida real.<\/p>\n<p>La etapa final de <strong>Realidad Empoderada<\/strong> es conseguir que a trav\u00e9s de sus sistemas poder vincular a personas solidarias en una ciudad o pueblo, y a su vez a las organizaciones solidarias.<\/p>\n<p>Esperamos que puedas involucrarte en nuestras acciones sociales, promocion\u00e1ndolas o <a href=\"https:\/\/realidadempoderada.com\/es\/te-necesitamos\/ayudanos\/\">colaborando con nosotros<\/a>.<\/p>\n","protected":false},"excerpt":{"rendered":"<div class=\"mh-excerpt\">La solidaridad de la contemplaci\u00f3n Nos sentamos y perdemos la vista en un lindo campo o un paisaje o simplemente a trav\u00e9s de un vidrio para ver la gente pasar. Sale el sol, se oculta, <a class=\"mh-excerpt-more\" href=\"https:\/\/realidadempoderada.com\/es\/mirar-el-mundo-con-otros-lentes-la-solidaridad-transformadora\/teoria\/\" title=\"Mirar el mundo con otros lentes. La solidaridad transformadora.\">[&#8230;]<\/a><\/div>\n","protected":false},"author":12,"featured_media":697,"comment_status":"open","ping_status":"closed","sticky":false,"template":"","format":"standard","meta":{"_crdt_document":"","jetpack_post_was_ever_published":false,"_jetpack_newsletter_access":"","_jetpack_dont_email_post_to_subs":false,"_jetpack_newsletter_tier_id":0,"_jetpack_memberships_contains_paywalled_content":false,"_jetpack_memberships_contains_paid_content":false,"footnotes":""},"categories":[19],"tags":[22,7,94,25],"class_list":{"0":"post-696","1":"post","2":"type-post","3":"status-publish","4":"format-standard","5":"has-post-thumbnail","7":"category-teoria","8":"tag-empoderamiento","9":"tag-solidaridad","10":"tag-solidaridad-transformadora","11":"tag-teologia-de-la-liberacion"},"yoast_head":"<!-- This site is optimized with the Yoast SEO plugin v27.4 - https:\/\/yoast.com\/product\/yoast-seo-wordpress\/ -->\n<title>Mirar el mundo con otros lentes. La solidaridad transformadora. - Realidad Empoderada<\/title>\n<meta name=\"description\" content=\"Esta nota nos permite comprender como funciona una solidaridad transformadora y responsable. Realidad Empoderada es un sistema que podr\u00e1 colaborar para concientizar a la poblaci\u00f3n en una acci\u00f3n solidaria.\" \/>\n<meta name=\"robots\" content=\"index, follow, max-snippet:-1, max-image-preview:large, max-video-preview:-1\" \/>\n<link rel=\"canonical\" href=\"https:\/\/realidadempoderada.com\/es\/mirar-el-mundo-con-otros-lentes-la-solidaridad-transformadora\/teoria\/\" \/>\n<meta property=\"og:locale\" content=\"es_ES\" \/>\n<meta property=\"og:type\" content=\"article\" \/>\n<meta property=\"og:title\" content=\"Mirar el mundo con otros lentes. La solidaridad transformadora. - Realidad Empoderada\" \/>\n<meta property=\"og:description\" content=\"Esta nota nos permite comprender como funciona una solidaridad transformadora y responsable. Realidad Empoderada es un sistema que podr\u00e1 colaborar para concientizar a la poblaci\u00f3n en una acci\u00f3n solidaria.\" \/>\n<meta property=\"og:url\" content=\"https:\/\/realidadempoderada.com\/es\/mirar-el-mundo-con-otros-lentes-la-solidaridad-transformadora\/teoria\/\" \/>\n<meta property=\"og:site_name\" content=\"Realidad Empoderada\" \/>\n<meta property=\"article:publisher\" content=\"https:\/\/www.facebook.com\/RealidadEmpoderada\/\" \/>\n<meta property=\"article:published_time\" content=\"2020-03-19T14:45:15+00:00\" \/>\n<meta property=\"article:modified_time\" content=\"2026-03-27T00:51:15+00:00\" \/>\n<meta property=\"og:image\" content=\"https:\/\/realidadempoderada.com\/wp-content\/uploads\/2020\/03\/mirar-desde-otro-punto-e1632105843592.jpg\" \/>\n\t<meta property=\"og:image:width\" content=\"1200\" \/>\n\t<meta property=\"og:image:height\" content=\"675\" \/>\n\t<meta property=\"og:image:type\" content=\"image\/jpeg\" \/>\n<meta name=\"author\" content=\"Gustavo Reimondo\" \/>\n<meta name=\"twitter:card\" content=\"summary_large_image\" \/>\n<meta name=\"twitter:label1\" content=\"Escrito por\" \/>\n\t<meta name=\"twitter:data1\" content=\"Gustavo Reimondo\" \/>\n\t<meta name=\"twitter:label2\" content=\"Tiempo de lectura\" \/>\n\t<meta name=\"twitter:data2\" content=\"9 minutos\" \/>\n<script type=\"application\/ld+json\" class=\"yoast-schema-graph\">{\"@context\":\"https:\\\/\\\/schema.org\",\"@graph\":[{\"@type\":\"Article\",\"@id\":\"https:\\\/\\\/realidadempoderada.com\\\/es\\\/mirar-el-mundo-con-otros-lentes-la-solidaridad-transformadora\\\/teoria\\\/#article\",\"isPartOf\":{\"@id\":\"https:\\\/\\\/realidadempoderada.com\\\/es\\\/mirar-el-mundo-con-otros-lentes-la-solidaridad-transformadora\\\/teoria\\\/\"},\"author\":{\"name\":\"Gustavo Reimondo\",\"@id\":\"https:\\\/\\\/realidadempoderada.com\\\/es\\\/#\\\/schema\\\/person\\\/29ef59aa32d30368dcdbef00fe720e7a\"},\"headline\":\"Mirar el mundo con otros lentes. La solidaridad transformadora.\",\"datePublished\":\"2020-03-19T14:45:15+00:00\",\"dateModified\":\"2026-03-27T00:51:15+00:00\",\"mainEntityOfPage\":{\"@id\":\"https:\\\/\\\/realidadempoderada.com\\\/es\\\/mirar-el-mundo-con-otros-lentes-la-solidaridad-transformadora\\\/teoria\\\/\"},\"wordCount\":1678,\"commentCount\":0,\"publisher\":{\"@id\":\"https:\\\/\\\/realidadempoderada.com\\\/es\\\/#organization\"},\"image\":{\"@id\":\"https:\\\/\\\/realidadempoderada.com\\\/es\\\/mirar-el-mundo-con-otros-lentes-la-solidaridad-transformadora\\\/teoria\\\/#primaryimage\"},\"thumbnailUrl\":\"https:\\\/\\\/realidadempoderada.com\\\/wp-content\\\/uploads\\\/2020\\\/03\\\/mirar-desde-otro-punto-e1632105843592.jpg\",\"keywords\":[\"Empoderamiento\",\"solidaridad\",\"Solidaridad Transformadora\",\"Teolog\u00eda de la liberaci\u00f3n\"],\"articleSection\":[\"Teor\u00eda\"],\"inLanguage\":\"es\",\"potentialAction\":[{\"@type\":\"CommentAction\",\"name\":\"Comment\",\"target\":[\"https:\\\/\\\/realidadempoderada.com\\\/es\\\/mirar-el-mundo-con-otros-lentes-la-solidaridad-transformadora\\\/teoria\\\/#respond\"]}]},{\"@type\":\"WebPage\",\"@id\":\"https:\\\/\\\/realidadempoderada.com\\\/es\\\/mirar-el-mundo-con-otros-lentes-la-solidaridad-transformadora\\\/teoria\\\/\",\"url\":\"https:\\\/\\\/realidadempoderada.com\\\/es\\\/mirar-el-mundo-con-otros-lentes-la-solidaridad-transformadora\\\/teoria\\\/\",\"name\":\"Mirar el mundo con otros lentes. La solidaridad transformadora. - Realidad Empoderada\",\"isPartOf\":{\"@id\":\"https:\\\/\\\/realidadempoderada.com\\\/es\\\/#website\"},\"primaryImageOfPage\":{\"@id\":\"https:\\\/\\\/realidadempoderada.com\\\/es\\\/mirar-el-mundo-con-otros-lentes-la-solidaridad-transformadora\\\/teoria\\\/#primaryimage\"},\"image\":{\"@id\":\"https:\\\/\\\/realidadempoderada.com\\\/es\\\/mirar-el-mundo-con-otros-lentes-la-solidaridad-transformadora\\\/teoria\\\/#primaryimage\"},\"thumbnailUrl\":\"https:\\\/\\\/realidadempoderada.com\\\/wp-content\\\/uploads\\\/2020\\\/03\\\/mirar-desde-otro-punto-e1632105843592.jpg\",\"datePublished\":\"2020-03-19T14:45:15+00:00\",\"dateModified\":\"2026-03-27T00:51:15+00:00\",\"description\":\"Esta nota nos permite comprender como funciona una solidaridad transformadora y responsable. Realidad Empoderada es un sistema que podr\u00e1 colaborar para concientizar a la poblaci\u00f3n en una acci\u00f3n solidaria.\",\"breadcrumb\":{\"@id\":\"https:\\\/\\\/realidadempoderada.com\\\/es\\\/mirar-el-mundo-con-otros-lentes-la-solidaridad-transformadora\\\/teoria\\\/#breadcrumb\"},\"inLanguage\":\"es\",\"potentialAction\":[{\"@type\":\"ReadAction\",\"target\":[\"https:\\\/\\\/realidadempoderada.com\\\/es\\\/mirar-el-mundo-con-otros-lentes-la-solidaridad-transformadora\\\/teoria\\\/\"]}]},{\"@type\":\"ImageObject\",\"inLanguage\":\"es\",\"@id\":\"https:\\\/\\\/realidadempoderada.com\\\/es\\\/mirar-el-mundo-con-otros-lentes-la-solidaridad-transformadora\\\/teoria\\\/#primaryimage\",\"url\":\"https:\\\/\\\/realidadempoderada.com\\\/wp-content\\\/uploads\\\/2020\\\/03\\\/mirar-desde-otro-punto-e1632105843592.jpg\",\"contentUrl\":\"https:\\\/\\\/realidadempoderada.com\\\/wp-content\\\/uploads\\\/2020\\\/03\\\/mirar-desde-otro-punto-e1632105843592.jpg\",\"width\":1200,\"height\":675},{\"@type\":\"BreadcrumbList\",\"@id\":\"https:\\\/\\\/realidadempoderada.com\\\/es\\\/mirar-el-mundo-con-otros-lentes-la-solidaridad-transformadora\\\/teoria\\\/#breadcrumb\",\"itemListElement\":[{\"@type\":\"ListItem\",\"position\":1,\"name\":\"Portada\",\"item\":\"https:\\\/\\\/realidadempoderada.com\\\/es\\\/\"},{\"@type\":\"ListItem\",\"position\":2,\"name\":\"Mirar el mundo con otros lentes. La solidaridad transformadora.\"}]},{\"@type\":\"WebSite\",\"@id\":\"https:\\\/\\\/realidadempoderada.com\\\/es\\\/#website\",\"url\":\"https:\\\/\\\/realidadempoderada.com\\\/es\\\/\",\"name\":\"Realidad Empoderada\",\"description\":\"\u2026 de la realidad virtual a la solidaridad\",\"publisher\":{\"@id\":\"https:\\\/\\\/realidadempoderada.com\\\/es\\\/#organization\"},\"potentialAction\":[{\"@type\":\"SearchAction\",\"target\":{\"@type\":\"EntryPoint\",\"urlTemplate\":\"https:\\\/\\\/realidadempoderada.com\\\/es\\\/?s={search_term_string}\"},\"query-input\":{\"@type\":\"PropertyValueSpecification\",\"valueRequired\":true,\"valueName\":\"search_term_string\"}}],\"inLanguage\":\"es\"},{\"@type\":\"Organization\",\"@id\":\"https:\\\/\\\/realidadempoderada.com\\\/es\\\/#organization\",\"name\":\"Realidad Empoderada\",\"url\":\"https:\\\/\\\/realidadempoderada.com\\\/es\\\/\",\"logo\":{\"@type\":\"ImageObject\",\"inLanguage\":\"es\",\"@id\":\"https:\\\/\\\/realidadempoderada.com\\\/es\\\/#\\\/schema\\\/logo\\\/image\\\/\",\"url\":\"https:\\\/\\\/realidadempoderada.com\\\/wp-content\\\/uploads\\\/2018\\\/04\\\/Manos.jpg\",\"contentUrl\":\"https:\\\/\\\/realidadempoderada.com\\\/wp-content\\\/uploads\\\/2018\\\/04\\\/Manos.jpg\",\"width\":300,\"height\":230,\"caption\":\"Realidad Empoderada\"},\"image\":{\"@id\":\"https:\\\/\\\/realidadempoderada.com\\\/es\\\/#\\\/schema\\\/logo\\\/image\\\/\"},\"sameAs\":[\"https:\\\/\\\/www.facebook.com\\\/RealidadEmpoderada\\\/\"]},{\"@type\":\"Person\",\"@id\":\"https:\\\/\\\/realidadempoderada.com\\\/es\\\/#\\\/schema\\\/person\\\/29ef59aa32d30368dcdbef00fe720e7a\",\"name\":\"Gustavo Reimondo\",\"image\":{\"@type\":\"ImageObject\",\"inLanguage\":\"es\",\"@id\":\"https:\\\/\\\/realidadempoderada.com\\\/wp-content\\\/uploads\\\/2024\\\/04\\\/gustavo-reimondo_avatar-96x96.jpg\",\"url\":\"https:\\\/\\\/realidadempoderada.com\\\/wp-content\\\/uploads\\\/2024\\\/04\\\/gustavo-reimondo_avatar-96x96.jpg\",\"contentUrl\":\"https:\\\/\\\/realidadempoderada.com\\\/wp-content\\\/uploads\\\/2024\\\/04\\\/gustavo-reimondo_avatar-96x96.jpg\",\"caption\":\"Gustavo Reimondo\"},\"description\":\"Coordinador de la editorial Tecnolog\u00eda Humanizada. Coordinador de la acci\u00f3n social Realidad Empoderada. Miembro del grupo: \\\"La familia de la calle\\\", organizaci\u00f3n conformada por personas indigentes y no indigentes en una relaci\u00f3n igualitaria. Coordinador de proyectos de Infraestructura F\u00edsica de Telecomunicaciones. Experto en Rob\u00f3tica, Instrumentaci\u00f3n &amp; Control, IoT, Sens\u00f3rica y sistemas microcontrolados.\",\"sameAs\":[\"https:\\\/\\\/humanizationoftechnology.com\\\/author\\\/gustavoautor\\\/\",\"https:\\\/\\\/www.linkedin.com\\\/in\\\/gustavoreimondo\\\/\"],\"url\":\"https:\\\/\\\/realidadempoderada.com\\\/es\\\/author\\\/gustavo-reimondo\\\/\"}]}<\/script>\n<!-- \/ Yoast SEO plugin. -->","yoast_head_json":{"title":"Mirar el mundo con otros lentes. La solidaridad transformadora. - Realidad Empoderada","description":"Esta nota nos permite comprender como funciona una solidaridad transformadora y responsable. Realidad Empoderada es un sistema que podr\u00e1 colaborar para concientizar a la poblaci\u00f3n en una acci\u00f3n solidaria.","robots":{"index":"index","follow":"follow","max-snippet":"max-snippet:-1","max-image-preview":"max-image-preview:large","max-video-preview":"max-video-preview:-1"},"canonical":"https:\/\/realidadempoderada.com\/es\/mirar-el-mundo-con-otros-lentes-la-solidaridad-transformadora\/teoria\/","og_locale":"es_ES","og_type":"article","og_title":"Mirar el mundo con otros lentes. La solidaridad transformadora. - Realidad Empoderada","og_description":"Esta nota nos permite comprender como funciona una solidaridad transformadora y responsable. Realidad Empoderada es un sistema que podr\u00e1 colaborar para concientizar a la poblaci\u00f3n en una acci\u00f3n solidaria.","og_url":"https:\/\/realidadempoderada.com\/es\/mirar-el-mundo-con-otros-lentes-la-solidaridad-transformadora\/teoria\/","og_site_name":"Realidad Empoderada","article_publisher":"https:\/\/www.facebook.com\/RealidadEmpoderada\/","article_published_time":"2020-03-19T14:45:15+00:00","article_modified_time":"2026-03-27T00:51:15+00:00","og_image":[{"width":1200,"height":675,"url":"https:\/\/realidadempoderada.com\/wp-content\/uploads\/2020\/03\/mirar-desde-otro-punto-e1632105843592.jpg","type":"image\/jpeg"}],"author":"Gustavo Reimondo","twitter_card":"summary_large_image","twitter_misc":{"Escrito por":"Gustavo Reimondo","Tiempo de lectura":"9 minutos"},"schema":{"@context":"https:\/\/schema.org","@graph":[{"@type":"Article","@id":"https:\/\/realidadempoderada.com\/es\/mirar-el-mundo-con-otros-lentes-la-solidaridad-transformadora\/teoria\/#article","isPartOf":{"@id":"https:\/\/realidadempoderada.com\/es\/mirar-el-mundo-con-otros-lentes-la-solidaridad-transformadora\/teoria\/"},"author":{"name":"Gustavo Reimondo","@id":"https:\/\/realidadempoderada.com\/es\/#\/schema\/person\/29ef59aa32d30368dcdbef00fe720e7a"},"headline":"Mirar el mundo con otros lentes. La solidaridad transformadora.","datePublished":"2020-03-19T14:45:15+00:00","dateModified":"2026-03-27T00:51:15+00:00","mainEntityOfPage":{"@id":"https:\/\/realidadempoderada.com\/es\/mirar-el-mundo-con-otros-lentes-la-solidaridad-transformadora\/teoria\/"},"wordCount":1678,"commentCount":0,"publisher":{"@id":"https:\/\/realidadempoderada.com\/es\/#organization"},"image":{"@id":"https:\/\/realidadempoderada.com\/es\/mirar-el-mundo-con-otros-lentes-la-solidaridad-transformadora\/teoria\/#primaryimage"},"thumbnailUrl":"https:\/\/realidadempoderada.com\/wp-content\/uploads\/2020\/03\/mirar-desde-otro-punto-e1632105843592.jpg","keywords":["Empoderamiento","solidaridad","Solidaridad Transformadora","Teolog\u00eda de la liberaci\u00f3n"],"articleSection":["Teor\u00eda"],"inLanguage":"es","potentialAction":[{"@type":"CommentAction","name":"Comment","target":["https:\/\/realidadempoderada.com\/es\/mirar-el-mundo-con-otros-lentes-la-solidaridad-transformadora\/teoria\/#respond"]}]},{"@type":"WebPage","@id":"https:\/\/realidadempoderada.com\/es\/mirar-el-mundo-con-otros-lentes-la-solidaridad-transformadora\/teoria\/","url":"https:\/\/realidadempoderada.com\/es\/mirar-el-mundo-con-otros-lentes-la-solidaridad-transformadora\/teoria\/","name":"Mirar el mundo con otros lentes. La solidaridad transformadora. - Realidad Empoderada","isPartOf":{"@id":"https:\/\/realidadempoderada.com\/es\/#website"},"primaryImageOfPage":{"@id":"https:\/\/realidadempoderada.com\/es\/mirar-el-mundo-con-otros-lentes-la-solidaridad-transformadora\/teoria\/#primaryimage"},"image":{"@id":"https:\/\/realidadempoderada.com\/es\/mirar-el-mundo-con-otros-lentes-la-solidaridad-transformadora\/teoria\/#primaryimage"},"thumbnailUrl":"https:\/\/realidadempoderada.com\/wp-content\/uploads\/2020\/03\/mirar-desde-otro-punto-e1632105843592.jpg","datePublished":"2020-03-19T14:45:15+00:00","dateModified":"2026-03-27T00:51:15+00:00","description":"Esta nota nos permite comprender como funciona una solidaridad transformadora y responsable. Realidad Empoderada es un sistema que podr\u00e1 colaborar para concientizar a la poblaci\u00f3n en una acci\u00f3n solidaria.","breadcrumb":{"@id":"https:\/\/realidadempoderada.com\/es\/mirar-el-mundo-con-otros-lentes-la-solidaridad-transformadora\/teoria\/#breadcrumb"},"inLanguage":"es","potentialAction":[{"@type":"ReadAction","target":["https:\/\/realidadempoderada.com\/es\/mirar-el-mundo-con-otros-lentes-la-solidaridad-transformadora\/teoria\/"]}]},{"@type":"ImageObject","inLanguage":"es","@id":"https:\/\/realidadempoderada.com\/es\/mirar-el-mundo-con-otros-lentes-la-solidaridad-transformadora\/teoria\/#primaryimage","url":"https:\/\/realidadempoderada.com\/wp-content\/uploads\/2020\/03\/mirar-desde-otro-punto-e1632105843592.jpg","contentUrl":"https:\/\/realidadempoderada.com\/wp-content\/uploads\/2020\/03\/mirar-desde-otro-punto-e1632105843592.jpg","width":1200,"height":675},{"@type":"BreadcrumbList","@id":"https:\/\/realidadempoderada.com\/es\/mirar-el-mundo-con-otros-lentes-la-solidaridad-transformadora\/teoria\/#breadcrumb","itemListElement":[{"@type":"ListItem","position":1,"name":"Portada","item":"https:\/\/realidadempoderada.com\/es\/"},{"@type":"ListItem","position":2,"name":"Mirar el mundo con otros lentes. La solidaridad transformadora."}]},{"@type":"WebSite","@id":"https:\/\/realidadempoderada.com\/es\/#website","url":"https:\/\/realidadempoderada.com\/es\/","name":"Realidad Empoderada","description":"\u2026 de la realidad virtual a la solidaridad","publisher":{"@id":"https:\/\/realidadempoderada.com\/es\/#organization"},"potentialAction":[{"@type":"SearchAction","target":{"@type":"EntryPoint","urlTemplate":"https:\/\/realidadempoderada.com\/es\/?s={search_term_string}"},"query-input":{"@type":"PropertyValueSpecification","valueRequired":true,"valueName":"search_term_string"}}],"inLanguage":"es"},{"@type":"Organization","@id":"https:\/\/realidadempoderada.com\/es\/#organization","name":"Realidad Empoderada","url":"https:\/\/realidadempoderada.com\/es\/","logo":{"@type":"ImageObject","inLanguage":"es","@id":"https:\/\/realidadempoderada.com\/es\/#\/schema\/logo\/image\/","url":"https:\/\/realidadempoderada.com\/wp-content\/uploads\/2018\/04\/Manos.jpg","contentUrl":"https:\/\/realidadempoderada.com\/wp-content\/uploads\/2018\/04\/Manos.jpg","width":300,"height":230,"caption":"Realidad Empoderada"},"image":{"@id":"https:\/\/realidadempoderada.com\/es\/#\/schema\/logo\/image\/"},"sameAs":["https:\/\/www.facebook.com\/RealidadEmpoderada\/"]},{"@type":"Person","@id":"https:\/\/realidadempoderada.com\/es\/#\/schema\/person\/29ef59aa32d30368dcdbef00fe720e7a","name":"Gustavo Reimondo","image":{"@type":"ImageObject","inLanguage":"es","@id":"https:\/\/realidadempoderada.com\/wp-content\/uploads\/2024\/04\/gustavo-reimondo_avatar-96x96.jpg","url":"https:\/\/realidadempoderada.com\/wp-content\/uploads\/2024\/04\/gustavo-reimondo_avatar-96x96.jpg","contentUrl":"https:\/\/realidadempoderada.com\/wp-content\/uploads\/2024\/04\/gustavo-reimondo_avatar-96x96.jpg","caption":"Gustavo Reimondo"},"description":"Coordinador de la editorial Tecnolog\u00eda Humanizada. Coordinador de la acci\u00f3n social Realidad Empoderada. Miembro del grupo: \"La familia de la calle\", organizaci\u00f3n conformada por personas indigentes y no indigentes en una relaci\u00f3n igualitaria. Coordinador de proyectos de Infraestructura F\u00edsica de Telecomunicaciones. Experto en Rob\u00f3tica, Instrumentaci\u00f3n &amp; Control, IoT, Sens\u00f3rica y sistemas microcontrolados.","sameAs":["https:\/\/humanizationoftechnology.com\/author\/gustavoautor\/","https:\/\/www.linkedin.com\/in\/gustavoreimondo\/"],"url":"https:\/\/realidadempoderada.com\/es\/author\/gustavo-reimondo\/"}]}},"jetpack_featured_media_url":"https:\/\/realidadempoderada.com\/wp-content\/uploads\/2020\/03\/mirar-desde-otro-punto-e1632105843592.jpg","jetpack_shortlink":"https:\/\/wp.me\/panXkF-be","jetpack_sharing_enabled":true,"_links":{"self":[{"href":"https:\/\/realidadempoderada.com\/es\/wp-json\/wp\/v2\/posts\/696","targetHints":{"allow":["GET"]}}],"collection":[{"href":"https:\/\/realidadempoderada.com\/es\/wp-json\/wp\/v2\/posts"}],"about":[{"href":"https:\/\/realidadempoderada.com\/es\/wp-json\/wp\/v2\/types\/post"}],"author":[{"embeddable":true,"href":"https:\/\/realidadempoderada.com\/es\/wp-json\/wp\/v2\/users\/12"}],"replies":[{"embeddable":true,"href":"https:\/\/realidadempoderada.com\/es\/wp-json\/wp\/v2\/comments?post=696"}],"version-history":[{"count":18,"href":"https:\/\/realidadempoderada.com\/es\/wp-json\/wp\/v2\/posts\/696\/revisions"}],"predecessor-version":[{"id":3890,"href":"https:\/\/realidadempoderada.com\/es\/wp-json\/wp\/v2\/posts\/696\/revisions\/3890"}],"wp:featuredmedia":[{"embeddable":true,"href":"https:\/\/realidadempoderada.com\/es\/wp-json\/wp\/v2\/media\/697"}],"wp:attachment":[{"href":"https:\/\/realidadempoderada.com\/es\/wp-json\/wp\/v2\/media?parent=696"}],"wp:term":[{"taxonomy":"category","embeddable":true,"href":"https:\/\/realidadempoderada.com\/es\/wp-json\/wp\/v2\/categories?post=696"},{"taxonomy":"post_tag","embeddable":true,"href":"https:\/\/realidadempoderada.com\/es\/wp-json\/wp\/v2\/tags?post=696"}],"curies":[{"name":"wp","href":"https:\/\/api.w.org\/{rel}","templated":true}]}}